{"id":99070,"date":"2014-12-19T11:54:37","date_gmt":"2014-12-19T10:54:37","guid":{"rendered":"http:\/\/www.festivalhopper.de\/news\/?p=99070"},"modified":"2017-09-14T22:43:55","modified_gmt":"2017-09-14T20:43:55","slug":"eventim-ac-dc-extra-gebuehren-abgemahnt","status":"publish","type":"post","link":"https:\/\/www.festivalhopper.de\/news\/2014\/12\/19\/eventim-ac-dc-extra-gebuehren-abgemahnt\/","title":{"rendered":"Eventim wegen AC\/DC Extra-Geb\u00fchren von Verbraucherzentrale abgemahnt"},"content":{"rendered":"<p><a href=\"https:\/\/www.festivalhopper.de\/news\/wp-content\/uploads\/2014\/12\/acdc-deutschland-tour-2015.jpg\"><img loading=\"lazy\" decoding=\"async\" class=\"alignleft size-medium wp-image-98913\" src=\"https:\/\/www.festivalhopper.de\/news\/wp-content\/uploads\/2014\/12\/acdc-deutschland-tour-2015-300x145.jpg\" alt=\"acdc-deutschland-tour-2015\" width=\"300\" height=\"145\" srcset=\"https:\/\/www.festivalhopper.de\/news\/wp-content\/uploads\/2014\/12\/acdc-deutschland-tour-2015-300x145.jpg 300w, https:\/\/www.festivalhopper.de\/news\/wp-content\/uploads\/2014\/12\/acdc-deutschland-tour-2015.jpg 440w\" sizes=\"auto, (max-width: 300px) 100vw, 300px\" \/><\/a><strong>Die Verbraucherzentrale NRW hat den Ticketverk\u00e4ufer Eventim wegen den Extra-Geb\u00fchren beim AC\/DC Vor-Vorverkauf abgemahnt.<\/strong><\/p>\n<p>Dabei wurde Eventim vor allem wegen der Bearbeitungsgeb\u00fchr f\u00fcr den &#8222;Premium&#8220;-Versand und der fehlenden kostenlosen Zahlungsm\u00f6glichkeit beim Vor-Vorverkauf kritisiert. Wir hatten auch \u00fcber die pl\u00f6tzlich erh\u00f6hten <a href=\"https:\/\/www.festivalhopper.de\/news\/2014\/12\/14\/das-kosten-die-acdc-tickets-2015\/\">Geb\u00fchren beim Kauf von Tickets f\u00fcr die AC\/DC-Tour 2015<\/a> im Rahmen des &#8222;Ticketalarm&#8220; mit anschlie\u00dfender Reservierung der Karten berichtet. Eventim zeigt sich vom Unmut der Kunden und der Abmahnung der Verbraucherzentrale &#8222;\u00fcberrascht&#8220;.<\/p>\n<p><!--more--><\/p>\n<blockquote><p><strong>Update 22.12.: Wer seine Sondergeb\u00fchren vom AC\/DC Vor-Vorverkauf zur\u00fcckfordern m\u00f6chte, kann bei der Verbraucherzentrale NRW einen Musterbrief herunterladen. Eine offizielle Stellungnahme von Eventim gibt es noch nicht&#8230;<\/strong><\/p>\n<p><strong>Hier der Link zum PDF: www.vz-nrw.de\/mediabig\/232260A.pdf<\/strong><\/p><\/blockquote>\n<p>In einer \u00f6ffentlichen Meldung (<a href=\"https:\/\/www.verbraucherzentrale.nrw\/acdc-zusatzkosten-eventim-1\" target=\"_blank\" rel=\"noopener\">hier nachzulesen<\/a>) hat die Verbraucherzentrale NRW Details der abgemahnten Geb\u00fchrenstrukturen dargestellt. Wer bei der Ticket-Reservierung am Samstag gebucht hat, dem wurden bei der Bezahlung f\u00fcr beide Varianten (Zahlung per Lastschrift und Kreditkarte) Geb\u00fchren von bis zu 8,72 Euro berechnet.<\/p>\n<blockquote><p><em>&#8222;<strong>Das ist unzul\u00e4ssig. Denn Verbrauchern muss stets eine unentgeltliche Zahlungsm\u00f6glichkeit er\u00f6ffnet werden.<\/strong>&#8222;<\/em> hei\u00dft es im Text der Verbraucherzentrale.<\/p><\/blockquote>\n<p>Der zweite Punkt betrifft die Bearbeitungsgeb\u00fchr f\u00fcr den Versand. Wer vier Tickets reservierte, musste f\u00fcr den zwingenden &#8222;Premiumversand&#8220; 29,90 Euro zahlen. Wie schon <a href=\"https:\/\/www.festivalhopper.de\/news\/2014\/12\/14\/das-kosten-die-acdc-tickets-2015\/\">in unserem Artikel vermutet<\/a>, war dabei offenbar nur der Preis &#8222;premium&#8220;. In den sozialen Netzwerken tauchen die ersten Beschwerden auf, dass die Karten einfach als normaler Brief mit 60 Cent frankiert angekommen sind.<\/p>\n<p>Fazit der Verbraucherzentrale NRW:<\/p>\n<blockquote><p><em>Hinsichtlich der Zahlungsgeb\u00fchren spricht das Gesetz eine klare Sprache. <strong>Alarm-Bucher k\u00f6nnen die zu Unrecht kassierten Entgelte von Eventim zur\u00fcckfordern.<\/strong><\/em><\/p>\n<p><em>Diesen Aufwand kann sich sparen, wer seine AC\/DC-Tickets erst im regul\u00e4ren Vorverkauf geordert hat. Denn dort verzichtet Eventim auf die Abzock-Entgelte.<\/em><\/p><\/blockquote>\n<p>Wie genau man die Geb\u00fchren zur\u00fcckfordern kann, werden wir hier noch erg\u00e4nzen, wenn uns diese Informationen vorliegen.<\/p>\n<p>Auch das Branchenblatt &#8222;musikmarkt&#8220; berichtet in einer aktuellen Meldung \u00fcber die erh\u00f6hten Geb\u00fchren beim AC\/DC Vor-Vorverkauf. Eine kurze vorl\u00e4ufige Stellungnahme vom Eventim ist dort auch enthalten (eine ausf\u00fchrliche soll folgen):<\/p>\n<blockquote><p><em>&#8222;Wir bedauern die Vorw\u00fcrfe der Verbraucherzentrale, da die Geb\u00fchren aus unserer Sicht im Rahmen des \u00f6ffentlichen Vorverkaufs markt\u00fcblich und rechtskonform sind. Wir werden die Vorw\u00fcrfe sorgf\u00e4ltig pr\u00fcfen und ausf\u00fchrlich Stellung nehmen&#8220; <\/em>sagte ein Eventim Unternehmenssprecher.<\/p><\/blockquote>\n<p>Wir berichten \u00fcber die weitere Entwicklung.<\/p>\n<p>Update: Auch DerWesten berichtet in einem Artikel f\u00fcr die Abmahnung durch die Verbraucherzentrale NRW: &#8222;Eventim soll AC\/DC-Fans beim Ticketverkauf abgezockt haben&#8220; lautet da die \u00dcberschrift.<\/p>","protected":false},"excerpt":{"rendered":"<p>Die Verbraucherzentrale NRW hat den Ticketverk\u00e4ufer Eventim wegen den Extra-Geb\u00fchren beim AC\/DC Vor-Vorverkauf abgemahnt. Dabei wurde Eventim vor allem wegen der Bearbeitungsgeb\u00fchr f\u00fcr den &#8222;Premium&#8220;-Versand und der fehlenden kostenlosen Zahlungsm\u00f6glichkeit beim Vor-Vorverkauf kritisiert. Wir hatten auch \u00fcber die pl\u00f6tzlich erh\u00f6hten Geb\u00fchren beim Kauf von Tickets f\u00fcr die AC\/DC-Tour 2015 im Rahmen des &#8222;Ticketalarm&#8220; mit anschlie\u00dfender [&hellip;]<\/p>\n","protected":false},"author":1,"featured_media":0,"comment_status":"open","ping_status":"open","sticky":false,"template":"","format":"standard","meta":{"footnotes":""},"categories":[14,20,25],"tags":[],"class_list":["post-99070","post","type-post","status-publish","format-standard","hentry","category-sonstiges","category-tickets-kaufen","category-tourdaten"],"_links":{"self":[{"href":"https:\/\/www.festivalhopper.de\/news\/wp-json\/wp\/v2\/posts\/99070","targetHints":{"allow":["GET"]}}],"collection":[{"href":"https:\/\/www.festivalhopper.de\/news\/wp-json\/wp\/v2\/posts"}],"about":[{"href":"https:\/\/www.festivalhopper.de\/news\/wp-json\/wp\/v2\/types\/post"}],"author":[{"embeddable":true,"href":"https:\/\/www.festivalhopper.de\/news\/wp-json\/wp\/v2\/users\/1"}],"replies":[{"embeddable":true,"href":"https:\/\/www.festivalhopper.de\/news\/wp-json\/wp\/v2\/comments?post=99070"}],"version-history":[{"count":6,"href":"https:\/\/www.festivalhopper.de\/news\/wp-json\/wp\/v2\/posts\/99070\/revisions"}],"predecessor-version":[{"id":144280,"href":"https:\/\/www.festivalhopper.de\/news\/wp-json\/wp\/v2\/posts\/99070\/revisions\/144280"}],"wp:attachment":[{"href":"https:\/\/www.festivalhopper.de\/news\/wp-json\/wp\/v2\/media?parent=99070"}],"wp:term":[{"taxonomy":"category","embeddable":true,"href":"https:\/\/www.festivalhopper.de\/news\/wp-json\/wp\/v2\/categories?post=99070"},{"taxonomy":"post_tag","embeddable":true,"href":"https:\/\/www.festivalhopper.de\/news\/wp-json\/wp\/v2\/tags?post=99070"}],"curies":[{"name":"wp","href":"https:\/\/api.w.org\/{rel}","templated":true}]}}