{"id":9808,"date":"2009-06-24T13:09:52","date_gmt":"2009-06-24T11:09:52","guid":{"rendered":"http:\/\/www.festivalhopper.de\/news\/?p=9808"},"modified":"2009-06-25T10:35:08","modified_gmt":"2009-06-25T08:35:08","slug":"portugal-the-man-rocken-am-brocken","status":"publish","type":"post","link":"https:\/\/www.festivalhopper.de\/news\/2009\/06\/24\/portugal-the-man-rocken-am-brocken\/","title":{"rendered":"PORTUGAL. THE MAN rocken am Brocken!"},"content":{"rendered":"<div id=\"attachment_9809\" style=\"width: 236px\" class=\"wp-caption alignleft\"><a href=\"http:\/\/www.rocken-am-brocken.de\/festival\/portugaltheman.php\"><img loading=\"lazy\" decoding=\"async\" aria-describedby=\"caption-attachment-9809\" class=\"size-full wp-image-9809\" src=\"https:\/\/www.festivalhopper.de\/news\/wp-content\/uploads\/2009\/06\/portugaltheman_rockenambroc.jpg\" alt=\"Portugal. The Man live @ Rocken am Brocken Festival 2009\" width=\"226\" height=\"226\" srcset=\"https:\/\/www.festivalhopper.de\/news\/wp-content\/uploads\/2009\/06\/portugaltheman_rockenambroc.jpg 283w, https:\/\/www.festivalhopper.de\/news\/wp-content\/uploads\/2009\/06\/portugaltheman_rockenambroc-150x150.jpg 150w\" sizes=\"auto, (max-width: 226px) 100vw, 226px\" \/><\/a><p id=\"caption-attachment-9809\" class=\"wp-caption-text\">Portugal. The Man spielen neben Friska Viljor, Kilians, Olli Schulz &amp; Frittenbude beim Rocken am Brocken Festival 2009<\/p><\/div>\n<p>Endlich ist es soweit! P\u00fcnktlich zum Sommeranfang kann nun auch das <a href=\"https:\/\/www.festivalhopper.de\/festival\/rocken-am-brocken-2009\">Rocken am Brocken Festival<\/a> die letzte Band f\u00fcr die Hauptb\u00fchne und zugleich <strong>Headliner<\/strong> vorstellen! <a href=\"https:\/\/www.festivalhopper.de\/bands\/karten\/portugal-the-man.php\"><strong>Portugal. The Man<\/strong><\/a> aus Portland \/ USA werden vom <strong>31.07.-01.08. <\/strong>in Elend bei Sorge (Harz) beim<strong> Rocken am Brocken Festival<\/strong> auf der B\u00fchne stehen und ihr letztes Open- Air Konzert im Sommer 2009 spielen!<\/p>\n<p>Da die Band mit m\u00f6glichst vielen deutschen Fans Ihr letztes Festival-Konzert feiern m\u00f6chte, haben sie die Veranstalter gebeten, den <a href=\"http:\/\/tickets.rockenambrocken.de\/\">Ticketpreis im OnlineShop<\/a> f\u00fcr ein paar Tage etwas runterzusetzen. <strong>So habt Ihr jetzt die M\u00f6glichkeit, Euch im Kontingent von 100 Festivaltickets zu je 22 Euro zu bedienen<\/strong> und mit einer der innovativsten Indiebands beim <a href=\"https:\/\/www.festivalhopper.de\/news\/2008\/12\/13\/rocken-am-brocken-feiert-sein-dreijaehriges\">Rocken am Brocken Festival zu feiern<\/a>.<\/p>\n<p><!--more-->\u00dcber <a href=\"https:\/\/www.festivalhopper.de\/bands\/karten\/portugal-the-man.php\">Portugal. The Man<\/a> schreiben die Veranstalter:<\/p>\n<blockquote><p><em>Hervorgegangen aus der 2002 gegr\u00fcndeten Post Hardcore-Formation Anatomy Of A Ghost, ist f\u00fcr die Highschool-Kumpanen Gourley und Carothers und den dazu sto\u00dfenden Hubbard der weitere Weg kein Diskussionsgegenstand: Raus aus Wasilla, Alaska, ab nach Portland und bitte mal eben neue Musik erfinden. Eine Platte aufnehmen und auf Tour gehen? W\u00e4re auch okay. Also macht sich der zuversichtliche Dreier auf an die Westk\u00fcste. Portugal. The Man sind bester US-amerikanischer Indierock. Den s\u00fc\u00dfen Namen &#8222;Satanic Satanist&#8220; bekam das am 17. Juli 2009 erscheinende neue Album von <strong>Portugal The Man<\/strong>. Als Vorschau kann man sich bereits zeitgem\u00e4\u00df den Opener &#8222;People Say&#8220; von der Hompage der Band herunterladen.<\/em><\/p><\/blockquote>\n<p><a href=\"http:\/\/www.rocken-am-brocken.de\/festival\/portugaltheman.php\">Alle Infos zu Portugal The Man &gt;&gt;<\/a><\/p>\n<p><a href=\"https:\/\/www.festivalhopper.de\/news\/wp-content\/uploads\/2009\/06\/rockenambrockenplakat09.jpg\"><img loading=\"lazy\" decoding=\"async\" class=\"size-medium wp-image-9810 alignright\" title=\"rockenambrocken plakat09\" src=\"https:\/\/www.festivalhopper.de\/news\/wp-content\/uploads\/2009\/06\/rockenambrockenplakat09-212x300.jpg\" alt=\"Rocken am Brocken Plakat 2009\" width=\"212\" height=\"300\" srcset=\"https:\/\/www.festivalhopper.de\/news\/wp-content\/uploads\/2009\/06\/rockenambrockenplakat09-212x300.jpg 212w, https:\/\/www.festivalhopper.de\/news\/wp-content\/uploads\/2009\/06\/rockenambrockenplakat09.jpg 566w\" sizes=\"auto, (max-width: 212px) 100vw, 212px\" \/><\/a><\/p>\n<p><strong>Das komplette Lineup vom Rocken am Brocken 2009<\/strong> enth\u00e4lt noch einige weitere Leckerbissen:<br \/>\n<a title=\"Angelika Express\" href=\"\/bands\/karten\/angelika-express.php\">Angelika Express<\/a>, <a title=\"Bosse\" href=\"\/bands\/karten\/bosse.php\">Bosse<\/a>, <a title=\"Der Tante Renate\" href=\"\/bands\/karten\/der-tante-renate.php\">Der Tante Renate<\/a>, <a title=\"Diego\" href=\"\/bands\/karten\/diego.php\">Diego<\/a>, <a title=\"Friska Viljor\" href=\"\/bands\/karten\/friska-viljor.php\">Friska Viljor<\/a>, <a title=\"Frittenbude\" href=\"\/bands\/karten\/frittenbude.php\">Frittenbude<\/a>, <a title=\"Kilians\" href=\"\/bands\/karten\/kilians.php\">Kilians<\/a>, <a title=\"Northern Lite\" href=\"\/bands\/karten\/northern-lite.php\">Northern Lite<\/a>, <a title=\"Olli Schulz\" href=\"\/bands\/karten\/olli-schulz.php\">Olli Schulz<\/a>, <a title=\"Portugal. The Man\" href=\"\/bands\/karten\/portugal-the-man.php\">Portugal. The Man<\/a>, <a title=\"Sixxxten\" href=\"\/bands\/karten\/sixxxten.php\">Sixxxten<\/a>, <a title=\"Sondaschule\" href=\"\/bands\/karten\/sondaschule.php\">Sondaschule<\/a>, <a title=\"Super700\" href=\"\/bands\/karten\/super700.php\">Super700<\/a>, <a title=\"The Skatoons\" href=\"\/bands\/karten\/the-skatoons.php\">The Skatoons<\/a>, <a title=\"Tiger Lou\" href=\"\/bands\/karten\/tiger-lou.php\">Tiger Lou<\/a>, <a title=\"Wired for Mono\" href=\"\/bands\/karten\/wired-for-mono.php\">Wired for Mono<\/a><\/p>\n<p>Specials:<br \/>\nZeltb\u00fchne mit weiteren Bands, Aftershow, Panasonic Papphelden<\/p>\n<p>Alle Infos:<a href=\"http:\/\/www.rocken-am-brocken.de\" target=\"_blank\" rel=\"noopener\"><br \/>\nwww.rocken-am-brocken.de<\/a><\/p>","protected":false},"excerpt":{"rendered":"<p>Endlich ist es soweit! P\u00fcnktlich zum Sommeranfang kann nun auch das Rocken am Brocken Festival die letzte Band f\u00fcr die Hauptb\u00fchne und zugleich Headliner vorstellen! Portugal. The Man aus Portland \/ USA werden vom 31.07.-01.08. in Elend bei Sorge (Harz) beim Rocken am Brocken Festival auf der B\u00fchne stehen und ihr letztes Open- Air Konzert [&hellip;]<\/p>\n","protected":false},"author":50,"featured_media":0,"comment_status":"open","ping_status":"open","sticky":false,"template":"","format":"standard","meta":{"footnotes":""},"categories":[2,131,40,42,137,24,6,20],"tags":[],"class_list":["post-9808","post","type-post","status-publish","format-standard","hentry","category-festivalnews","category-festivals-2009","category-festivals-in-europa","category-indie-festivals","category-kleines-festival","category-neue-bands","category-rock-festivals","category-tickets-kaufen"],"_links":{"self":[{"href":"https:\/\/www.festivalhopper.de\/news\/wp-json\/wp\/v2\/posts\/9808","targetHints":{"allow":["GET"]}}],"collection":[{"href":"https:\/\/www.festivalhopper.de\/news\/wp-json\/wp\/v2\/posts"}],"about":[{"href":"https:\/\/www.festivalhopper.de\/news\/wp-json\/wp\/v2\/types\/post"}],"author":[{"embeddable":true,"href":"https:\/\/www.festivalhopper.de\/news\/wp-json\/wp\/v2\/users\/50"}],"replies":[{"embeddable":true,"href":"https:\/\/www.festivalhopper.de\/news\/wp-json\/wp\/v2\/comments?post=9808"}],"version-history":[{"count":1,"href":"https:\/\/www.festivalhopper.de\/news\/wp-json\/wp\/v2\/posts\/9808\/revisions"}],"predecessor-version":[{"id":142646,"href":"https:\/\/www.festivalhopper.de\/news\/wp-json\/wp\/v2\/posts\/9808\/revisions\/142646"}],"wp:attachment":[{"href":"https:\/\/www.festivalhopper.de\/news\/wp-json\/wp\/v2\/media?parent=9808"}],"wp:term":[{"taxonomy":"category","embeddable":true,"href":"https:\/\/www.festivalhopper.de\/news\/wp-json\/wp\/v2\/categories?post=9808"},{"taxonomy":"post_tag","embeddable":true,"href":"https:\/\/www.festivalhopper.de\/news\/wp-json\/wp\/v2\/tags?post=9808"}],"curies":[{"name":"wp","href":"https:\/\/api.w.org\/{rel}","templated":true}]}}