{"id":97195,"date":"2014-09-01T13:41:32","date_gmt":"2014-09-01T11:41:32","guid":{"rendered":"http:\/\/www.festivalhopper.de\/news\/?p=97195"},"modified":"2014-09-02T00:58:13","modified_gmt":"2014-09-01T22:58:13","slug":"name-rock-am-ring-gesichert","status":"publish","type":"post","link":"https:\/\/www.festivalhopper.de\/news\/2014\/09\/01\/name-rock-am-ring-gesichert\/","title":{"rendered":"&#8222;Rock am Ring&#8220; f\u00fcr neue Location gesichert"},"content":{"rendered":"<p><a href=\"https:\/\/www.festivalhopper.de\/news\/wp-content\/uploads\/2014\/06\/MarekLieberberg_RaR14-0357.jpg\"><img loading=\"lazy\" decoding=\"async\" class=\"alignleft size-medium wp-image-92935\" src=\"https:\/\/www.festivalhopper.de\/news\/wp-content\/uploads\/2014\/06\/MarekLieberberg_RaR14-0357-300x168.jpg\" alt=\"MarekLieberberg_RaR14-0357\" width=\"300\" height=\"168\" srcset=\"https:\/\/www.festivalhopper.de\/news\/wp-content\/uploads\/2014\/06\/MarekLieberberg_RaR14-0357-300x168.jpg 300w, https:\/\/www.festivalhopper.de\/news\/wp-content\/uploads\/2014\/06\/MarekLieberberg_RaR14-0357.jpg 1000w\" sizes=\"auto, (max-width: 300px) 100vw, 300px\" \/><\/a>&#8222;<strong>OLG-Urteil ein St\u00fcck Gerechtigkeit!<\/strong>&#8220; &#8211; so lautet die \u00dcberschrift zum Kommentar von MLK bez\u00fcglich des am Freitag gesprochenen <strong>Urteils<\/strong> vom Oberlandesgericht Koblenz.<\/p>\n<p>Nach einem <a href=\"https:\/\/www.festivalhopper.de\/news\/2014\/06\/12\/rechtsstreit-namensrechte-rock-am-ring\/\"><strong>Rechtsstreit<\/strong><\/a>, der l\u00e4nger als erwartet dauerte, darf der Rock am Ring Veranstalter <strong>Marek Lieberberg<\/strong> den Namen &#8222;<a href=\"https:\/\/www.festivalhopper.de\/festival\/rock-am-ring-2015\">Rock am Ring<\/a>&#8220; an seiner neuen Festivallocation weiterhin verwenden.<\/p>\n<p><!--more--><br \/>\nMit <strong>Erleichterung und Zufriedenheit<\/strong> hat <strong>Marek <a href=\"https:\/\/www.festivalhopper.de\/news\/wp-content\/uploads\/2014\/06\/MarekLieberberg_RaR14-0316.jpg\"><img loading=\"lazy\" decoding=\"async\" class=\"alignright size-medium wp-image-92964\" src=\"https:\/\/www.festivalhopper.de\/news\/wp-content\/uploads\/2014\/06\/MarekLieberberg_RaR14-0316-300x168.jpg\" alt=\"MarekLieberberg_RaR14-0316\" width=\"300\" height=\"168\" srcset=\"https:\/\/www.festivalhopper.de\/news\/wp-content\/uploads\/2014\/06\/MarekLieberberg_RaR14-0316-300x168.jpg 300w, https:\/\/www.festivalhopper.de\/news\/wp-content\/uploads\/2014\/06\/MarekLieberberg_RaR14-0316.jpg 1000w\" sizes=\"auto, (max-width: 300px) 100vw, 300px\" \/><\/a>Lieberberg<\/strong> die Entscheidung des Oberlandesgerichts Koblenz aufgenommen, nach dem er nunmehr weiter den Titel &#8222;<strong>Rock am Ring<\/strong>\u201c f\u00fcr sein Festival verwenden darf.<\/p>\n<blockquote><p><em>&#8222;<strong>Ich empfinde es als ein St\u00fcck Gerechtigkeit, das von mir erfundene Festival nunmehr unter seinem Namen an einem neuen Schauplatz weiterzuf\u00fchren. Damit ist der Versuch einer Geschichtsklitterung zur\u00fcckgewiesen worden!<\/strong>&#8222;,<\/em> erkl\u00e4rte der Frankfurter Veranstalter in einer Stellungnahme zur Aufhebung der einstweiligen Verf\u00fcgung.<\/p><\/blockquote>\n<p><a href=\"https:\/\/www.festivalhopper.de\/news\/wp-content\/uploads\/2014\/06\/Nordschleife_RaR14-1763.jpg\"><img loading=\"lazy\" decoding=\"async\" class=\"alignleft size-medium wp-image-93104\" src=\"https:\/\/www.festivalhopper.de\/news\/wp-content\/uploads\/2014\/06\/Nordschleife_RaR14-1763-300x168.jpg\" alt=\"Nordschleife_RaR14-1763\" width=\"300\" height=\"168\" srcset=\"https:\/\/www.festivalhopper.de\/news\/wp-content\/uploads\/2014\/06\/Nordschleife_RaR14-1763-300x168.jpg 300w, https:\/\/www.festivalhopper.de\/news\/wp-content\/uploads\/2014\/06\/Nordschleife_RaR14-1763.jpg 1000w\" sizes=\"auto, (max-width: 300px) 100vw, 300px\" \/><\/a>Dem Unterfangen von Konkurrenten, sich auf die Tradition seines Festivals zu beziehen und der Anma\u00dfung, sie fortsetzen zu wollen, sei nunmehr ein Riegel vorgeschoben worden. Zun\u00e4chst hatte das OLG entschieden, dass der Werktitel <a href=\"https:\/\/www.festivalhopper.de\/news\/2014\/06\/30\/urteil-rock-am-ring-namensstreit\/\">&#8222;Rock am Ring&#8220; MLK und dem neuen Ringeigent\u00fcmer gleicherma\u00dfen geh\u00f6rt<\/a>. Nachdem nun aber <strong>neue Erkenntnisse<\/strong> vorliegen &#8211; <strong>Eidesstaatliche Versicherungen<\/strong> eines ehemaligen Gesch\u00e4ftsf\u00fchrers der N\u00fcrburgring GmbH und eines Konzertveranstalters, sei man nun zu diesem Ergebnis gelangt. In den Erkl\u00e4rungen wurde versichert, dass <strong>Name und Idee des Festivals von Marek Lieberberg<\/strong> stammten.<\/p>\n<p><a href=\"https:\/\/www.festivalhopper.de\/news\/wp-content\/uploads\/2014\/06\/RivalSons_RaR14-8705.jpg\"><img loading=\"lazy\" decoding=\"async\" class=\"alignright size-medium wp-image-93072\" src=\"https:\/\/www.festivalhopper.de\/news\/wp-content\/uploads\/2014\/06\/RivalSons_RaR14-8705-300x300.jpg\" alt=\"RivalSons_RaR14-8705\" width=\"300\" height=\"300\" srcset=\"https:\/\/www.festivalhopper.de\/news\/wp-content\/uploads\/2014\/06\/RivalSons_RaR14-8705-300x300.jpg 300w, https:\/\/www.festivalhopper.de\/news\/wp-content\/uploads\/2014\/06\/RivalSons_RaR14-8705-150x150.jpg 150w, https:\/\/www.festivalhopper.de\/news\/wp-content\/uploads\/2014\/06\/RivalSons_RaR14-8705.jpg 1000w\" sizes=\"auto, (max-width: 300px) 100vw, 300px\" \/><\/a>In K\u00fcrze soll zudem der <strong>neue Standort<\/strong> f\u00fcr <strong>Rock am Ring vom 5. bis 7. Juni 2015<\/strong> bekanntgegeben werden. Wunschkanidat dabei ist das <strong>JHQ in M\u00f6nchengladbach<\/strong>. Die Gespr\u00e4che und Planungen dahingehend sind auch schon so weit fortgeschritten, dass diese <a href=\"https:\/\/www.festivalhopper.de\/news\/2014\/07\/16\/rock-ring-nachfolge-open-air-jhq-gladbach\/\">neue Location im Landchaftspark als ziemlich sicher gilt<\/a>.<\/p>\n<p>Auch was die <strong>Programmplanung<\/strong> angeht, habe man schon viel geschafft &#8211; das Booking sei bereits erheblich fortgeschritten. Weiteres zu <a href=\"https:\/\/www.festivalhopper.de\/festival\/rock-am-ring-2015\">Rock am Ring hier<\/a> und auf <a href=\"https:\/\/www.rock-am-ring.com\/\" target=\"_blank\" rel=\"noopener\">www.rock-am-ring.com<\/a>.<\/p>","protected":false},"excerpt":{"rendered":"<p>&#8222;OLG-Urteil ein St\u00fcck Gerechtigkeit!&#8220; &#8211; so lautet die \u00dcberschrift zum Kommentar von MLK bez\u00fcglich des am Freitag gesprochenen Urteils vom Oberlandesgericht Koblenz. Nach einem Rechtsstreit, der l\u00e4nger als erwartet dauerte, darf der Rock am Ring Veranstalter Marek Lieberberg den Namen &#8222;Rock am Ring&#8220; an seiner neuen Festivallocation weiterhin verwenden.<\/p>\n","protected":false},"author":45,"featured_media":92935,"comment_status":"open","ping_status":"open","sticky":false,"template":"","format":"standard","meta":{"footnotes":""},"categories":[2,981,40,333,6,14],"tags":[],"class_list":["post-97195","post","type-post","status-publish","format-standard","has-post-thumbnail","hentry","category-festivalnews","category-festivals-2015","category-festivals-in-europa","category-neue-location","category-rock-festivals","category-sonstiges"],"_links":{"self":[{"href":"https:\/\/www.festivalhopper.de\/news\/wp-json\/wp\/v2\/posts\/97195","targetHints":{"allow":["GET"]}}],"collection":[{"href":"https:\/\/www.festivalhopper.de\/news\/wp-json\/wp\/v2\/posts"}],"about":[{"href":"https:\/\/www.festivalhopper.de\/news\/wp-json\/wp\/v2\/types\/post"}],"author":[{"embeddable":true,"href":"https:\/\/www.festivalhopper.de\/news\/wp-json\/wp\/v2\/users\/45"}],"replies":[{"embeddable":true,"href":"https:\/\/www.festivalhopper.de\/news\/wp-json\/wp\/v2\/comments?post=97195"}],"version-history":[{"count":5,"href":"https:\/\/www.festivalhopper.de\/news\/wp-json\/wp\/v2\/posts\/97195\/revisions"}],"predecessor-version":[{"id":144069,"href":"https:\/\/www.festivalhopper.de\/news\/wp-json\/wp\/v2\/posts\/97195\/revisions\/144069"}],"wp:featuredmedia":[{"embeddable":true,"href":"https:\/\/www.festivalhopper.de\/news\/wp-json\/wp\/v2\/media\/92935"}],"wp:attachment":[{"href":"https:\/\/www.festivalhopper.de\/news\/wp-json\/wp\/v2\/media?parent=97195"}],"wp:term":[{"taxonomy":"category","embeddable":true,"href":"https:\/\/www.festivalhopper.de\/news\/wp-json\/wp\/v2\/categories?post=97195"},{"taxonomy":"post_tag","embeddable":true,"href":"https:\/\/www.festivalhopper.de\/news\/wp-json\/wp\/v2\/tags?post=97195"}],"curies":[{"name":"wp","href":"https:\/\/api.w.org\/{rel}","templated":true}]}}