{"id":96319,"date":"2014-08-13T17:37:39","date_gmt":"2014-08-13T15:37:39","guid":{"rendered":"http:\/\/www.festivalhopper.de\/news\/?p=96319"},"modified":"2014-08-13T17:40:49","modified_gmt":"2014-08-13T15:40:49","slug":"amphi-festival-2015-neue-location","status":"publish","type":"post","link":"https:\/\/www.festivalhopper.de\/news\/2014\/08\/13\/amphi-festival-2015-neue-location\/","title":{"rendered":"AMPHI FESTIVAL 2015 &#8211; Neue Location, erste Bands &#038; VVK!"},"content":{"rendered":"<p><a href=\"https:\/\/www.festivalhopper.de\/news\/wp-content\/uploads\/2012\/07\/amphi12-besucher3.jpg\"><img loading=\"lazy\" decoding=\"async\" class=\"alignleft size-medium wp-image-67492\" src=\"https:\/\/www.festivalhopper.de\/news\/wp-content\/uploads\/2012\/07\/amphi12-besucher3-300x225.jpg\" alt=\"amphi festival 2012 besucher3\" width=\"300\" height=\"225\" srcset=\"https:\/\/www.festivalhopper.de\/news\/wp-content\/uploads\/2012\/07\/amphi12-besucher3-300x225.jpg 300w, https:\/\/www.festivalhopper.de\/news\/wp-content\/uploads\/2012\/07\/amphi12-besucher3-1024x768.jpg 1024w, https:\/\/www.festivalhopper.de\/news\/wp-content\/uploads\/2012\/07\/amphi12-besucher3.jpg 1200w\" sizes=\"auto, (max-width: 300px) 100vw, 300px\" \/><\/a>Das AMPHI Festival im K\u00f6lner Tanzbrunnen &#8211; das ist Geschichte! Die <a href=\"https:\/\/www.festivalhopper.de\/festival\/amphi-festival-2014\">Jubil\u00e4umsausgabe vor knapp drei Wochen<\/a> war das letzte Amphi Festival in dieser Location. Aber keine Angst, auch n\u00e4chstes Jahr wird es ein <a href=\"https:\/\/www.festivalhopper.de\/festival\/amphi-festival-2015\">Amphi Festival 2015<\/a> geben &#8211; <strong>am 25. und 26. Juli 2015 mit neuer Location<\/strong>!<\/p>\n<p>Die Veranstalter dachten sich, dass es an der Zeit w\u00e4re ein <strong>neues Kapitel<\/strong> aufzuschlagen und dem Festival mit einem Standortwechsel frischen Wind zu bringen.<\/p>\n<p><!--more--><\/p>\n<p><a href=\"https:\/\/www.festivalhopper.de\/news\/wp-content\/uploads\/2014\/08\/Amphi-Festival-Flyer-2015.jpg\"><img loading=\"lazy\" decoding=\"async\" class=\"alignright wp-image-96332 size-medium\" src=\"https:\/\/www.festivalhopper.de\/news\/wp-content\/uploads\/2014\/08\/Amphi-Festival-Flyer-2015-213x300.jpg\" alt=\"Amphi-Festival-Flyer-2015\" width=\"213\" height=\"300\" srcset=\"https:\/\/www.festivalhopper.de\/news\/wp-content\/uploads\/2014\/08\/Amphi-Festival-Flyer-2015-213x300.jpg 213w, https:\/\/www.festivalhopper.de\/news\/wp-content\/uploads\/2014\/08\/Amphi-Festival-Flyer-2015.jpg 569w\" sizes=\"auto, (max-width: 213px) 100vw, 213px\" \/><\/a>Vom<strong> 25. Juli bis 26. Juli 2015<\/strong> m\u00fcssen alle Amphi-Fans neue Koordinaten in ihr Navi eingeben und zwar die des <strong>Lanxess Eventparks in K\u00f6ln<\/strong>. Dieser befindet sich nur wenige hundert Meter von der gewohnten Location (Tanzbrunnen) entfernt, sodass die Umstellung nicht allzu schwer fallen d\u00fcrfte.<\/p>\n<p>Zur neuen Location: Die <strong>Lanxess Arena<\/strong> ist eine der fortschrittlichsten Veranstaltungsorte Europas. <strong>Vorteile<\/strong> im Vergleich zum bisherigem Austragungsort sind die volle Klimatisierung, die Sicht auf die B\u00fchne, die ausgezeichnete Akustik, die tolle Atmosph\u00e4re, die Parkm\u00f6glichkeiten, die Verkehrsanbindung und die Einlasssituation (um nur einige zu nennen).<\/p>\n<p>Das <strong>Amphi Festival 2015<\/strong> wird keineswegs ein reines Indoor-Festival, denn auch im Au\u00dfenbereich des Lanxess Eventparks ist eine B\u00fchne vorhanden. Desweiteren wird es dort eine <strong>H\u00e4ndlermeile<\/strong>, <strong>Chill-Out Areas<\/strong> und vieles mehr geben. <strong>Open Air Feeling<\/strong> ist also garantiert! Wen das bis jetzt nicht \u00fcberzeugt hat, bekommt sp\u00e4testens bei diesem Punkt weiche Knie: Die Getr\u00e4nkepreise werden g\u00fcnstiger und das gastronomische Angebot wird erweitert.<\/p>\n<p><a href=\"https:\/\/www.festivalhopper.de\/news\/wp-content\/uploads\/2014\/08\/VNV-Nation-2012.jpg\"><img loading=\"lazy\" decoding=\"async\" class=\"alignleft  wp-image-96355\" src=\"https:\/\/www.festivalhopper.de\/news\/wp-content\/uploads\/2014\/08\/VNV-Nation-2012-204x300.jpg\" alt=\"VNV Nation 2012\" width=\"161\" height=\"245\" \/><\/a>Erste Bandbest\u00e4tigungen gibt es auch schon: <strong><a href=\"https:\/\/www.festivalhopper.de\/bands\/karten\/vnv-nation.php\">VNV NATION<\/a>, <a href=\"https:\/\/www.festivalhopper.de\/bands\/karten\/front-242.php\">FRONT 242<\/a>, THE MISSION, <a href=\"https:\/\/www.festivalhopper.de\/bands\/karten\/diary-of-dreams.php\">DIARY OF DREAMS<\/a>, <a href=\"https:\/\/www.festivalhopper.de\/bands\/karten\/oomph.php\">OOMPH!<\/a>, DAF, GOETHES ERBEN, AGONOIZE, SAMSAS TRAUM, WELLE:ERDBALL, THE CR\u00dcXSHADOWS, [:SITD:], <a href=\"https:\/\/www.festivalhopper.de\/bands\/karten\/das-ich.php\">DAS ICH<\/a>, WESSELSKY, ZERAPHINE, NEUROTICFISH, DIORAMA, QNTAL, S.P.O.C.K., STAHLMANN, RABIA SORDA, CHROM, DARKHAUS, CENTHRON, SCH\u00d6NGEIST <\/strong>und<strong> PATENBRIGADE: WOLFF<\/strong>.<\/p>\n<p>Ein exklusives<strong> Er\u00f6ffnungskonzert<\/strong> namens <strong>CALL THE SHIP 2 PORT<\/strong> wird es auch 2015 wieder geben. Wer bei der Fahrt am <strong>24. Juli 2015<\/strong> auf der <strong>MS RheinEnergie<\/strong> dabei sein m\u00f6chte, sollte sich bei der Ticketbestellung ranhalten. Ab September kann man die hei\u00df begehrten Teile bestellen. Im letzten Jahr waren die Karten innerhalb 72 Stunden alle weg!<\/p>\n<p>Ab sofort sind die <strong>streng limitierten Early Bird Tickets<\/strong> f\u00fcr das Amphi Festival 2015 im Online-VVK erh\u00e4ltlich. Die Karten gibt es zum Special-Fr\u00fchbucherpreis von <strong>60\u20ac<\/strong> zzgl. Geb\u00fchren. F\u00fcr alle weiteren Infos zum Festival schaut auf <a href=\"https:\/\/amphi-festival.de\/\">www.amphi-festival.de<\/a>.<\/p>\n<p>\u201eDAS AMPHI FESTIVAL ZIEHT UM \u2013 WIR ZIEHEN MIT!\u201c lautet das Motto f\u00fcr 2015.<\/p>","protected":false},"excerpt":{"rendered":"<p>Das AMPHI Festival im K\u00f6lner Tanzbrunnen &#8211; das ist Geschichte! Die Jubil\u00e4umsausgabe vor knapp drei Wochen war das letzte Amphi Festival in dieser Location. Aber keine Angst, auch n\u00e4chstes Jahr wird es ein Amphi Festival 2015 geben &#8211; am 25. und 26. Juli 2015 mit neuer Location! Die Veranstalter dachten sich, dass es an der [&hellip;]<\/p>\n","protected":false},"author":373,"featured_media":67492,"comment_status":"open","ping_status":"open","sticky":false,"template":"","format":"standard","meta":{"footnotes":""},"categories":[549,2,882,981,24,333,980,20],"tags":[],"class_list":["post-96319","post","type-post","status-publish","format-standard","has-post-thumbnail","hentry","category-darkwave-festivals","category-festivalnews","category-festivalorganisation","category-festivals-2015","category-neue-bands","category-neue-location","category-neuer-termin","category-tickets-kaufen"],"_links":{"self":[{"href":"https:\/\/www.festivalhopper.de\/news\/wp-json\/wp\/v2\/posts\/96319","targetHints":{"allow":["GET"]}}],"collection":[{"href":"https:\/\/www.festivalhopper.de\/news\/wp-json\/wp\/v2\/posts"}],"about":[{"href":"https:\/\/www.festivalhopper.de\/news\/wp-json\/wp\/v2\/types\/post"}],"author":[{"embeddable":true,"href":"https:\/\/www.festivalhopper.de\/news\/wp-json\/wp\/v2\/users\/373"}],"replies":[{"embeddable":true,"href":"https:\/\/www.festivalhopper.de\/news\/wp-json\/wp\/v2\/comments?post=96319"}],"version-history":[{"count":6,"href":"https:\/\/www.festivalhopper.de\/news\/wp-json\/wp\/v2\/posts\/96319\/revisions"}],"predecessor-version":[{"id":141173,"href":"https:\/\/www.festivalhopper.de\/news\/wp-json\/wp\/v2\/posts\/96319\/revisions\/141173"}],"wp:featuredmedia":[{"embeddable":true,"href":"https:\/\/www.festivalhopper.de\/news\/wp-json\/wp\/v2\/media\/67492"}],"wp:attachment":[{"href":"https:\/\/www.festivalhopper.de\/news\/wp-json\/wp\/v2\/media?parent=96319"}],"wp:term":[{"taxonomy":"category","embeddable":true,"href":"https:\/\/www.festivalhopper.de\/news\/wp-json\/wp\/v2\/categories?post=96319"},{"taxonomy":"post_tag","embeddable":true,"href":"https:\/\/www.festivalhopper.de\/news\/wp-json\/wp\/v2\/tags?post=96319"}],"curies":[{"name":"wp","href":"https:\/\/api.w.org\/{rel}","templated":true}]}}