{"id":95553,"date":"2014-07-29T15:02:31","date_gmt":"2014-07-29T13:02:31","guid":{"rendered":"http:\/\/www.festivalhopper.de\/news\/?p=95553"},"modified":"2014-07-29T15:02:31","modified_gmt":"2014-07-29T13:02:31","slug":"bier-bett-broilers-interview-andi","status":"publish","type":"post","link":"https:\/\/www.festivalhopper.de\/news\/2014\/07\/29\/bier-bett-broilers-interview-andi\/","title":{"rendered":"&#8222;Bier, Bier, Bier, Bett, Bett, Bett&#8220; &#8211; Broilers Interview mit Andi &#038; Chris"},"content":{"rendered":"<p><a href=\"https:\/\/www.festivalhopper.de\/news\/wp-content\/uploads\/2014\/07\/Andi-Yvonne-Chris.jpg\"><img loading=\"lazy\" decoding=\"async\" class=\"alignleft size-medium wp-image-95657\" src=\"https:\/\/www.festivalhopper.de\/news\/wp-content\/uploads\/2014\/07\/Andi-Yvonne-Chris-300x225.jpg\" alt=\"Andi-Yvonne-Chris-Broilers\" width=\"300\" height=\"225\" srcset=\"https:\/\/www.festivalhopper.de\/news\/wp-content\/uploads\/2014\/07\/Andi-Yvonne-Chris-300x225.jpg 300w, https:\/\/www.festivalhopper.de\/news\/wp-content\/uploads\/2014\/07\/Andi-Yvonne-Chris.jpg 1024w\" sizes=\"auto, (max-width: 300px) 100vw, 300px\" \/><\/a>Im Vorfeld des grandiosen <a href=\"https:\/\/www.festivalhopper.de\/bands\/karten\/broilers.php\">Broilers<\/a> Konzert in Dresden am 25. Juli 2014 hatten wir letzen Freitag die Gelegenheit f\u00fcr ein Interview mit Andi und Chris von der Band. Den Konzertbericht <a href=\"https:\/\/www.festivalhopper.de\/news\/2014\/07\/27\/broilers-in-dresden-gaensehaut-konzertbericht\/\">&#8222;G\u00e4nsehaut bei den Broilers in Dresden&#8220;<\/a> k\u00f6nnt ihr passend dazu auch noch lesen.<\/p>\n<p>Hier kommt nun das Interview mit<strong> Andreas &#8222;Andi&#8220; Br\u00fcgge <\/strong>(Mitbegr\u00fcnder\u00a0und Schlagzeuger der Band) und\u00a0<strong>Christian &#8222;Chris&#8220; Kubczak<\/strong> (Keyboard\/Orgel) &#8211; auf dem Foto v.l.n.r mit Yvonne.<\/p>\n<p><!--more--><br \/>\n<strong>Hallo und herzlichen Gl\u00fcckwunsch noch zum zwanzig j\u00e4hrigen Jubil\u00e4um.<\/strong><br \/>\n<strong> Wie war der Soundcheck?<\/strong><\/p>\n<p><em><strong>Andi:<\/strong>\u00a0Der Soundcheck war sch\u00f6n, wir hatten ja gestern schon so etwas wie eine kleine Probe beim Wohnzimmerkonzert, das wir vor drei Jahren verlost haben. Wir wollten da eigentlich schon vor einer ganzen Weile spielen, da ist aber immer etwas dazwischen gekommen, dann wurde die junge Lady auch noch schwanger und neulich sagte sie \u201cn\u00e4chsten Monat ziehen wir aus, davor k\u00f6nnen wir das machen\u201d und da haben wir vor 30 Leuten in Annaberg Buchholz gespielt. War eine gute Party.<\/em><br \/>\n<em><strong> Chris:<\/strong>\u00a0Danach gab&#8217;s noch eine Party im Jugendheim, das sie gemietet hatten &#8230; wie fr\u00fcher.<br \/>\n<\/em><br \/>\n<a href=\"https:\/\/www.festivalhopper.de\/news\/wp-content\/uploads\/2014\/07\/Gel\u00e4nde-2.jpg\"><img loading=\"lazy\" decoding=\"async\" class=\"alignright size-medium wp-image-95499\" src=\"https:\/\/www.festivalhopper.de\/news\/wp-content\/uploads\/2014\/07\/Gel\u00e4nde-2-300x200.jpg\" alt=\"Broilers-Dresden-2014\" width=\"300\" height=\"200\" srcset=\"https:\/\/www.festivalhopper.de\/news\/wp-content\/uploads\/2014\/07\/Gel\u00e4nde-2-300x200.jpg 300w, https:\/\/www.festivalhopper.de\/news\/wp-content\/uploads\/2014\/07\/Gel\u00e4nde-2.jpg 1024w\" sizes=\"auto, (max-width: 300px) 100vw, 300px\" \/><\/a><strong>Andi, h\u00e4ttest du dir zur Gr\u00fcndung der Broilers 94 jemals diesen Erfolg vorstellen k\u00f6nnen, welcher, gerade auf Grund von Santa Muerte und NOIR auch au\u00dferhalb der Punkrock\/Oi! Szene, entstanden ist.<\/strong><\/p>\n<p><em><strong>Andi:<\/strong>\u00a0Sammy und ich haben das ganze Ding ja schon 92 gestartet, damals aber noch unter einem anderen Namen, da waren wir 12 und haben wir uns das schon genauso ausgemalt, NA KLAR!!! (lacht). 95\/96 als das Ganze dann in die Oi! Richtung ging, da war das v\u00f6llig utopisch, wir haben da aber auch nicht drauf hin gearbeitet, man war froh eine Szeneband zu sein. Und man hat nicht dran gedacht auch mal au\u00dferhalb dieser Szene bekannt zu werden. Hat sich in den letzten 20 Jahren so entwickelt und wir sind happy, wie es gerade l\u00e4uft.<\/em><\/p>\n<p><strong> Wie steht ihr zu Aussagen vieler langj\u00e4hriger Fans, dass die Broilers seit Santa Muerte nicht mehr das sind was sie mal waren?<\/strong><\/p>\n<p><em><strong>Chris:<\/strong>\u00a0Das ist richtig! (lacht) Wir sind nicht mehr die Band die wir mal waren, einfach weil man sich in den Jahren entwickelt hat.<\/em><br \/>\n<em><strong> Andi:<\/strong>\u00a0Die Menschen haben sich aber im Grunde nicht ver\u00e4ndert, lediglich die Musik. Gerade als Noir raus kam, gab es viel Gegenwind aus der Szene, das tut schon manchmal weh. Wir lassen uns aber von niemandem vorschreiben wie wir klingen, weder vom Label, noch von der Szene, die sich w\u00fcnscht, dass wir f\u00fcr immer klingen wie 1996. Man wird aber auch Erwachsen, hat andere Probleme und da w\u00e4re es verstellt, wenn man immer noch die gleiche Musik mit den gleichen Texten machen w\u00fcrde.<\/em><br \/>\n<em> Als 16 j\u00e4hriger Skinhead wollte ich meine Lieblingsband am liebsten auch immer nur f\u00fcr mich allein haben und da war es uncool, wenn die Gruppe, die man mochte, eine gro\u00dfe Band war. Man hat auch nicht gesagt, dass man Die Toten Hosen geil findet, die hat man heimlich im Keller geh\u00f6rt.<\/em><br \/>\n<em><strong> Chris:<\/strong>\u00a0Es ist nicht so, dass man sich von dem lossagt was man mal gemacht hat, wir verleugnen ja nicht unsere Wurzeln.<br \/>\n<\/em><br \/>\n<a href=\"https:\/\/www.festivalhopper.de\/news\/wp-content\/uploads\/2014\/07\/Broilers-7.jpg\"><img loading=\"lazy\" decoding=\"async\" class=\"alignleft size-medium wp-image-95483\" src=\"https:\/\/www.festivalhopper.de\/news\/wp-content\/uploads\/2014\/07\/Broilers-7-200x300.jpg\" alt=\"Broilers-Dresden-2014-Sammy\" width=\"200\" height=\"300\" srcset=\"https:\/\/www.festivalhopper.de\/news\/wp-content\/uploads\/2014\/07\/Broilers-7-200x300.jpg 200w, https:\/\/www.festivalhopper.de\/news\/wp-content\/uploads\/2014\/07\/Broilers-7.jpg 683w\" sizes=\"auto, (max-width: 200px) 100vw, 200px\" \/><\/a><strong>Gab es einen ausschlaggebenden Grund f\u00fcr den krassen Wandel der musikalischen Stilrichtung? Hat euer Label gesagt, dass ihr das so und so machen sollt?<\/strong><\/p>\n<p><em><strong>Andi:<\/strong>\u00a0Das Label hat da k\u00fcnstlerisch gar kein Mitspracherecht, die bekommen die fertige Platte und muss damit arbeiten.\u00a0<\/em><br \/>\n<em><strong> Chris:<\/strong>\u00a0Die Leute sagen immer, dass Noir so eine ruhige Platte ist, wenn wir es aber so gemacht h\u00e4tten, wie das Management es wollte, dann w\u00e4re Noir viel rockiger geworden.<\/em><\/p>\n<p><strong>Gibt es bereits Pl\u00e4ne an einem neuen Album und in welche musikalische Richtung soll es gehen? Back to the roots oder dem neuen Stil folgen?<\/strong><\/p>\n<p><em><strong>Andi:<\/strong>\u00a0Pl\u00e4ne gibt es sehr viele, wir planen immer sehr viel, ob&#8217;s dann genauso wird, ist eine andere Sache. Wir haben uns im Proberaum schonmal zusammengesetzt und gesagt, dass ist die Grenze, noch poppiger und noch ruhiger wird\u2018s nicht. W\u00e4re cool, mal wieder ein h\u00e4rteres Album zu machen.<\/em><br \/>\n<em> <strong>Chris:<\/strong> Vielleicht. wird&#8217;s auch noch poppiger. (lacht)<\/em><br \/>\n<em> <strong>Andi:<\/strong>\u00a0Man hat keinen Masterplan in welche Richtung es gehen soll, man schreibt Lieder und schaut, in welche Richtung sich das dann entwickelt..<\/em><br \/>\n<em> <strong>Andi:<\/strong>\u00a0Beispiel Noir, Songs wurden in verschiedenen Stilen ausprobiert und das, was besser gefiel, wurde dann genommen.<\/em><\/p>\n<p><img loading=\"lazy\" decoding=\"async\" class=\"alignright size-medium wp-image-95491\" src=\"https:\/\/www.festivalhopper.de\/news\/wp-content\/uploads\/2014\/07\/Broilers-15-200x300.jpg\" alt=\"Broilers-Dresden-2014-Ron\" width=\"200\" height=\"300\" srcset=\"https:\/\/www.festivalhopper.de\/news\/wp-content\/uploads\/2014\/07\/Broilers-15-200x300.jpg 200w, https:\/\/www.festivalhopper.de\/news\/wp-content\/uploads\/2014\/07\/Broilers-15.jpg 683w\" sizes=\"auto, (max-width: 200px) 100vw, 200px\" \/><strong>Was sagt ihr zu Leuten, die euch mit Frei.Wild auf eine Stufe stellen, da ihr ja beide<br \/>\n&#8222;Deutschrock&#8220; macht?<\/strong><\/p>\n<p><em><strong>Andi:<\/strong>\u00a0N\u00f6\u00f6\u00f6, machen wir nicht!!!\u00a0<\/em><br \/>\n<em> Erstmal finden wir dieses Label \u201eDeutschrock\u201c abartig, denn Deutschrock war damals Peter Maffay und das, was die da heute als \u201eDeutschrock\u201c verkaufen, ist Burschenschafts-Mukke mit konservativen Texten. Daf\u00fcr haben wir nichts \u00fcbrig und z\u00e4hlen uns auch nicht dazu, wir kommen klar aus dem Punkrock Bereich. Unsere Wurzeln sind uns sehr wichtig. Bei den heutigen Deutschrockern habe ich h\u00e4ufig das Gef\u00fchl, dass ihnen \u201eDeutsch\u201c wichtiger ist als \u201eRock\u201c.<\/em><br \/>\n<em> <strong>Chris:<\/strong>\u00a0Ich w\u00fcrde die gar nicht in diese Nazi Ecke schieben, das ist einfach konservative rechte Musik, und mit rechts meine ich nicht Nazi sondern das rechte Spektrum konservativer Gedanken, das kann man nicht leugnen. Das ist nicht unser, wir sind weder patriotisch, noch nationalistisch veranlagt.<br \/>\n<\/em><br \/>\n<strong>Wer sucht die Vorbands bei euren Shows aus?<\/strong><\/p>\n<p><em><strong>Andi:<\/strong>\u00a0Das machen tats\u00e4chlich wir. Wir setzen uns zusammen, schmei\u00dfen alle Vorschl\u00e4ge in einen Topf, gucken wer Zeit hat und wen wir uns leisten k\u00f6nnen.<br \/>\n<\/em><br \/>\n<strong>Wie kam es zur &#8222;Zusammenarbeit&#8220; mit Feine Sahne Fischfilet und ihrer doch sehr extremen Einstellung?<\/strong><\/p>\n<p><em><strong>Andi:\u00a0<\/strong>Die hab ich mal auf einem Festival kennengelernt.\u00a0Monchi\u00a0sa\u00df beim\u00a0\u201eKein Bock auf Nazis\u201c Stand, wir haben gequatscht und T-Shirts getauscht und noch am gleichen Abend gesagt, dass wir sie mal mitnehmen m\u00fcssen. Das sind unfassbar nette Menschen!<\/em><\/p>\n<p><a href=\"https:\/\/www.festivalhopper.de\/news\/wp-content\/uploads\/2014\/07\/Broilers-3.jpg\"><img loading=\"lazy\" decoding=\"async\" class=\"alignleft size-medium wp-image-95479\" src=\"https:\/\/www.festivalhopper.de\/news\/wp-content\/uploads\/2014\/07\/Broilers-3-200x300.jpg\" alt=\"Broilers-Dresden-2014-Sammy\" width=\"200\" height=\"300\" srcset=\"https:\/\/www.festivalhopper.de\/news\/wp-content\/uploads\/2014\/07\/Broilers-3-200x300.jpg 200w, https:\/\/www.festivalhopper.de\/news\/wp-content\/uploads\/2014\/07\/Broilers-3.jpg 683w\" sizes=\"auto, (max-width: 200px) 100vw, 200px\" \/><\/a><strong>Wie haben die auf eure Anfrage reagiert? Wart ihr denen auf Grund eurer Oi! Herkunft vllt. zu unpolitisch?<\/strong><\/p>\n<p><em><strong>Andi:<\/strong>\u00a0Nein, \u00fcberhaupt nicht. Wir finden ja mittlerweile auch abseits der Szene statt und es ist uns wichtig, eine klare politische Botschaft zu haben. Deshalb waren die Jungs gleich Feuer und Flamme. Wir waren uns wie gesagt auf Anhieb sympathisch und unsere gemeinsamen Konzerte haben uns allen von Anfang an viel Spa\u00df gemacht.<\/em><\/p>\n<p><strong>Wie steht ihr zu diversen Liedern eurer &#8222;Jugendzeit&#8220;, in denen es um die Gleichstellung von rot und braun bzw. dem KKK und der Antifa geht?<\/strong><\/p>\n<p><em><strong>Andi:<\/strong>\u00a0Dieses Lied, wovon du gerade sprachst, \u201e69 77 88\u201cmit der Zeile \u201eKomm und halt dein Maul, KKK und die verdammte Antifa\u201c, spielen wir gar nicht mehr, genau wegen dieser Textstelle. Wir waren 16 und haben selber unsere Erfahrung in der Antifa gemacht und waren entt\u00e4uscht. Nat\u00fcrlich nur von einer Gruppe von Menschen in unserem Umfeld, man darf die Antifa nicht verallgemeinern, dieses Lied ist aus Frust und Unwissenheit entstanden. Sowas w\u00fcrden wir heut nicht mehr schreiben oder spielen. Und Fackeln im Sturm war gepr\u00e4gt von diesem Oi! Ding. Man wollte nicht zu politisch sein, wir haben uns jedoch damals schon Links von der Mitte gesehen. Wir haben gegen beide Extreme gesungen aber unsere politische Einstellung war ganz klar immer links, nicht rechts.<br \/>\n<\/em><em><strong>Chris:<\/strong>\u00a0Wenn man sich nicht klar positioniert, dann verstehen die Leute dieses Unpolitische nicht, dann sind Rechte und Linke auf den Konzerten, worauf wir nat\u00fcrlich keinen Bock hatten.<\/em><\/p>\n<p><strong>Feine Sahne Fischfilet nehmen euch diese Lieder also nicht f\u00fcr \u00fcbel?<\/strong><\/p>\n<p><em><strong> Andi:<\/strong>\u00a0Ich wei\u00df gar nicht ob sie die alten Texte \u00fcberhaupt kennen. (lacht)\u00a0<\/em><br \/>\n<em><strong> Chris:<\/strong>\u00a0Wie Andi schon sagte, waren wir ja immer klar links und antifaschistisch eingestellt, haben das nur Anfangs in unseren Texten nicht so zum Ausdruck gebracht.<\/em><br \/>\n<em><strong> Andi:<\/strong>\u00a0Es ist, glaub ich, wichtig, dass es Bands wie uns gibt, die sich aus einer Szeneband mehr Richtung \u201eMainstream\u201c entwickelt hat, weil wir dadurch einfach viel mehr Menschen erreichen als fr\u00fcher, wo wir genau die Menschen angesprochen haben, die sowieso schon so gedacht haben wie wir selbst. Von daher macht es Sinn, dass wir uns jetzt positionieren und klare Statements bringen, das war auch der Grund daf\u00fcr, \u201cIch will hier nicht sein\u201d als Single auszukoppeln.<\/em><br \/>\n<em><strong> Chris:<\/strong>\u00a0Gerade weil momentan dieser Rechtsruck durch die Gesellschaft geht, muss man dem B\u00fcrger Denkanst\u00f6\u00dfe liefern und die Dinge nicht einfach so passieren lassen.<br \/>\n<\/em><br \/>\n<a href=\"https:\/\/www.festivalhopper.de\/news\/wp-content\/uploads\/2014\/07\/Broilers-21.jpg\"><img loading=\"lazy\" decoding=\"async\" class=\"alignright size-medium wp-image-95497\" src=\"https:\/\/www.festivalhopper.de\/news\/wp-content\/uploads\/2014\/07\/Broilers-21-200x300.jpg\" alt=\"Broilers-Dresden-2014-Ines\" width=\"200\" height=\"300\" srcset=\"https:\/\/www.festivalhopper.de\/news\/wp-content\/uploads\/2014\/07\/Broilers-21-200x300.jpg 200w, https:\/\/www.festivalhopper.de\/news\/wp-content\/uploads\/2014\/07\/Broilers-21.jpg 683w\" sizes=\"auto, (max-width: 200px) 100vw, 200px\" \/><\/a><strong>Habt ihr die WM verfolgt oder gar mit gefiebert? Wenn ja, wie und was haltet ihr von diesem Party Patriotismus der Deutschen?\u00a0<\/strong><\/p>\n<p><em><strong> Chris:<\/strong>\u00a0Mitgefiebert habe ich nicht.\u00a0<\/em><br \/>\n<em><strong> Andi:<\/strong>\u00a0Ich hab mir die Spiele im kleinen Rahmen angesehen. Ein Spiel haben wir auf dem Greenfield Festival gesehen und die Stimmung kippte dann sehr schnell und es wurde sehr ekelig, als Deutschland in R\u00fcckstand geriet, von daher hab ich keine Lust auf solche Massenevents.<\/em><br \/>\n<em><strong> Chris:<\/strong>\u00a0Wir halten auch nichts von diesem Patriotismus, es ist ok seinem Verein oder seine Nationalmannschaft zu unterst\u00fctzen aber nicht dieses Deutscht\u00fcmeln<\/em><br \/>\n<em><strong> Andi:<\/strong>\u00a0Wir sind aber generell nicht so sportbegeistert&#8230;Curling guck ich mir ganz gerne mal an.<\/em><\/p>\n<p><strong> Da wir von Festivalhopper sind, jetzt noch die wichtigsten Fragen f\u00fcr unsere Leser.<\/strong><br \/>\n<strong> Wo spielt ihr lieber, auf einem Festival, auf einer Tour oder habt ihr es lieber etwas famili\u00e4rer bei einer kleinen Clubshow?<\/strong><\/p>\n<p><em><strong> Andi:<\/strong>\u00a0Ja, Ja und Ja, wir haben das Gl\u00fcck im Sommer auf Festivals zu spielen, in gro\u00dfen Hallen auf Tour zu gehen oder auch in kleinen Clubs oder wie gestern bei dem Wohnzimmerkonzert zu spielen, wo dann oft nur die Die Hards vor Ort sind.<\/em><br \/>\n<em><strong> Chris:<\/strong>\u00a0Auf Festivals ist das Flair halt super und ich mag auch die Menschenmassen.Bei der Tour ist man eher mit seiner Familie unterwegs und hat l\u00e4ngere Spielzeiten und bei so einem Wohnzimmer Gig ist man nat\u00fcrlich ganz nah an den Leuten.<br \/>\n<\/em><br \/>\n<strong> <a href=\"https:\/\/www.festivalhopper.de\/news\/wp-content\/uploads\/2014\/07\/Broilers-4.jpg\"><img loading=\"lazy\" decoding=\"async\" class=\"alignleft size-medium wp-image-95480\" src=\"https:\/\/www.festivalhopper.de\/news\/wp-content\/uploads\/2014\/07\/Broilers-4-200x300.jpg\" alt=\"Broilers-Dresden-2014-Ron\" width=\"200\" height=\"300\" srcset=\"https:\/\/www.festivalhopper.de\/news\/wp-content\/uploads\/2014\/07\/Broilers-4-200x300.jpg 200w, https:\/\/www.festivalhopper.de\/news\/wp-content\/uploads\/2014\/07\/Broilers-4.jpg 683w\" sizes=\"auto, (max-width: 200px) 100vw, 200px\" \/><\/a>Worauf freut ihr euch 2014 noch am meisten?<\/strong><\/p>\n<p><strong><em> Andi:<\/em>\u00a0<\/strong><em><a href=\"https:\/\/www.festivalhopper.de\/festival\/open-flair-festival-2014\">Open Flair<\/a> und <a href=\"https:\/\/www.festivalhopper.de\/festival\/taubertal-festival-2014\">Taubertal<\/a> sind zwei unserer Lieblingsfestivals und nat\u00fcrlich das Jubil\u00e4umskonzert in D\u00fcsseldorf in der Heimatstadt, zwei Abende hintereinander.<\/em><\/p>\n<p><strong>Geht ihr bei all den eigenen Auftritten noch selbst zu Konzerten oder gar mal ein ganzes Wochenende auf ein Festival, wenn ja, welches war das Letzte bei euch beiden?<\/strong><\/p>\n<p><em><strong>Andi:<\/strong>\u00a0Festivals eher weniger, weil man auf vielen ja selbst spielt.<\/em><br \/>\n<em><strong> Chris:<\/strong>\u00a0Wenn man den Luxus einer richtigen Toilette genossen hat, dann m\u00f6chte man das nicht mehr eintauschen.<\/em><br \/>\n<em><strong> Andi:<\/strong>\u00a0Wir sind nicht nur Musiker sondern auch Musikfans.<\/em><br \/>\n<em><strong>Chris:<\/strong>\u00a0Eigentlich wollte ich letzte Woche zu den Generators, was ich aber nicht geschafft habe, davor war ich bei Bela B.<\/em><br \/>\n<em><strong> Andi:<\/strong>\u00a0Bei Chuck Reagan war ich letztens und bei Thees Uhlmann.<\/em><br \/>\n<em><strong> Chris:<\/strong>\u00a0Bei Frei.Wild warst du doch letztens auch?<\/em><br \/>\n<em><strong> Andi:<\/strong>\u00a0Aber nur Fahnen verkaufen, voll den Reibach gemacht.<br \/>\n<\/em><br \/>\n<strong> Was war euer sch\u00f6nstes und was euer schlechtestes Erlebnis w\u00e4hrend eines Auftritts?<\/strong><\/p>\n<p><em><strong>Andi:<\/strong>\u00a0\u00d6sterreich in Graz, an Chris Geburtstag, wo niemand kam, das war ein sch\u00f6nes Erlebnis! Der Vorverkauf war v\u00f6llig in Ordnung aber dann gab es einen richtigen Schneesturm und wir haben vor 50 Leuten gespielt &#8211; von 600 verkauften Tickets&#8230; Wir haben eine Couch auf die B\u00fchne gestellt und nach und nach die Leute auf die Couch geholt, die sich dann ein Lied auf der B\u00fchne ankucken konnten. Schlimme Sachen gibt es zum Gl\u00fcck nicht mehr so viele, da das alles professioneller wird. Einmal sind wir ins tiefste \u00d6sterreich gefahren, wo dann der Veranstalter mit der Gage abgehauen ist.<\/em><br \/>\n<em><strong> Chris:<\/strong>\u00a0Wir haben auf Tour gerne Frontbanner, die vor uns aufgeh\u00e4ngt werden und beim ersten Lied zu Boden gehen, aber bei einem Konzert funktionierte der Ausl\u00f6ser nicht und dann fingen die Leute an, an diesem Banner zu rei\u00dfen irgendwann kippte die Stimmung, da auch unsere Crew panisch wurde, als die Leute anfingen B\u00fchnenteile abzurei\u00dfen.<br \/>\n<\/em><br \/>\n<a href=\"https:\/\/www.festivalhopper.de\/news\/wp-content\/uploads\/2014\/07\/Broilers-6.jpg\"><img loading=\"lazy\" decoding=\"async\" class=\"alignright size-medium wp-image-95482\" src=\"https:\/\/www.festivalhopper.de\/news\/wp-content\/uploads\/2014\/07\/Broilers-6-300x200.jpg\" alt=\"Broilers-Dresden-2014-Sammy\" width=\"300\" height=\"200\" srcset=\"https:\/\/www.festivalhopper.de\/news\/wp-content\/uploads\/2014\/07\/Broilers-6-300x200.jpg 300w, https:\/\/www.festivalhopper.de\/news\/wp-content\/uploads\/2014\/07\/Broilers-6.jpg 1024w\" sizes=\"auto, (max-width: 300px) 100vw, 300px\" \/><\/a><strong> Funktioniert es Familie und Auftritte unter ein Dach zu bringen? Gerade zu Weihnachten?<\/strong><\/p>\n<p><em><strong> Chris:<\/strong>\u00a0Das wird sich noch herausstellen. Wir spielen das letzte Konzert am 23.12 in Chemnitz, dann kommen wir am 24. mittags nach Hause, feiern kurz am Weihnachtsbaum und am 26. geht&#8217;s dann wieder los, um am 27. das n\u00e4chste Konzert zu spielen.<\/em><br \/>\n<em><strong> Andi:<\/strong>\u00a0Generell ist es aber schon ein Job, bei dem man eine Familie haben kann, wir sind ja auch nicht wie die Dropkick Murphys, die ein Dreivierteljahr auf Tour sind, auf der ganzen Welt. Unser Tourplan beschr\u00e4nkt sich ja auf Deutschland, \u00d6sterreich und die Schweiz. Das m\u00fcssen die Familien irgendwie abk\u00f6nnen oder sie kommen halt mit.<\/em><br \/>\n<em><strong> Chris:<\/strong>\u00a0Letzten Endes ist es ja auch so, dass wenn man von Tour zu Weihnachten zu Tour \u00fcbergeht, man ja nur mit anderen Leuten trinkt.<br \/>\n<\/em><br \/>\n<strong> <a href=\"https:\/\/www.festivalhopper.de\/news\/wp-content\/uploads\/2014\/07\/Broilers-20.jpg\"><img loading=\"lazy\" decoding=\"async\" class=\"alignleft size-medium wp-image-95496\" src=\"https:\/\/www.festivalhopper.de\/news\/wp-content\/uploads\/2014\/07\/Broilers-20-200x300.jpg\" alt=\"Broilers-Dresden-2014-Ines\" width=\"200\" height=\"300\" srcset=\"https:\/\/www.festivalhopper.de\/news\/wp-content\/uploads\/2014\/07\/Broilers-20-200x300.jpg 200w, https:\/\/www.festivalhopper.de\/news\/wp-content\/uploads\/2014\/07\/Broilers-20.jpg 683w\" sizes=\"auto, (max-width: 200px) 100vw, 200px\" \/><\/a>Geht&#8217;s heute Abend noch nach Berlin, ins Hotel oder schlaft ihr im Tourbus?<\/strong><\/p>\n<p><em><strong> Andi:<\/strong>\u00a0Chris, du hattest doch einen guten Plan gestern: Durchsaufen! Werden wir vermutlich nicht schaffen. Wir hauen heute Nacht ab und schlafen dann im Bus.<\/em><br \/>\n<em><strong> Chris:<\/strong>\u00a0Wir sind eine Band, die gro\u00dfe Freude daran hat, im Bus zu schlafen. Wir pennen lieber und verschlafen die Reise.<br \/>\n<\/em><br \/>\n<strong>Wenn dieses Interview das letzte w\u00e4re, was man von euch h\u00f6ren bzw. lesen w\u00fcrde, was w\u00fcrdet ihr euren Fans bzw. all den Menschen mit auf den weg geben?<\/strong><\/p>\n<p><em><strong> Andi:<\/strong>\u00a0Bier, Bier, Bier, Bett, Bett, Bett, das kann nie falsch sein!!!<br \/>\n<\/em><\/p>\n<p>&nbsp;<\/p>\n<p><strong>Wir bedanken uns f\u00fcr die Zeit, die ihr euch genommen habt und w\u00fcnschen euch gleich noch einen tollen Auftritt.<br \/>\n<\/strong><br \/>\n<em><strong> Andi:<\/strong>\u00a0Wir bedanken uns auch und w\u00fcnschen euch viel Spa\u00df.<\/em><em><br \/>\n<\/em><\/p>\n<p>Spa\u00df hatten wir &#8211; <a href=\"https:\/\/www.festivalhopper.de\/news\/2014\/07\/27\/broilers-in-dresden-gaensehaut-konzertbericht\/\">hier geht&#8217;s zu unserem Konzertbericht<\/a> von diesem Abend.<\/p>","protected":false},"excerpt":{"rendered":"<p>Im Vorfeld des grandiosen Broilers Konzert in Dresden am 25. Juli 2014 hatten wir letzen Freitag die Gelegenheit f\u00fcr ein Interview mit Andi und Chris von der Band. Den Konzertbericht &#8222;G\u00e4nsehaut bei den Broilers in Dresden&#8220; k\u00f6nnt ihr passend dazu auch noch lesen. Hier kommt nun das Interview mit Andreas &#8222;Andi&#8220; Br\u00fcgge (Mitbegr\u00fcnder\u00a0und Schlagzeuger der [&hellip;]<\/p>\n","protected":false},"author":301,"featured_media":95657,"comment_status":"open","ping_status":"open","sticky":false,"template":"","format":"standard","meta":{"footnotes":""},"categories":[13,595,613,758],"tags":[995,1048,1049,1192],"class_list":["post-95553","post","type-post","status-publish","format-standard","has-post-thumbnail","hentry","category-cd-vorstellung","category-interview","category-konzertbericht","category-punk-2","tag-995","tag-broilers","tag-elbufer-dresden","tag-interview"],"_links":{"self":[{"href":"https:\/\/www.festivalhopper.de\/news\/wp-json\/wp\/v2\/posts\/95553","targetHints":{"allow":["GET"]}}],"collection":[{"href":"https:\/\/www.festivalhopper.de\/news\/wp-json\/wp\/v2\/posts"}],"about":[{"href":"https:\/\/www.festivalhopper.de\/news\/wp-json\/wp\/v2\/types\/post"}],"author":[{"embeddable":true,"href":"https:\/\/www.festivalhopper.de\/news\/wp-json\/wp\/v2\/users\/301"}],"replies":[{"embeddable":true,"href":"https:\/\/www.festivalhopper.de\/news\/wp-json\/wp\/v2\/comments?post=95553"}],"version-history":[{"count":5,"href":"https:\/\/www.festivalhopper.de\/news\/wp-json\/wp\/v2\/posts\/95553\/revisions"}],"predecessor-version":[{"id":95672,"href":"https:\/\/www.festivalhopper.de\/news\/wp-json\/wp\/v2\/posts\/95553\/revisions\/95672"}],"wp:featuredmedia":[{"embeddable":true,"href":"https:\/\/www.festivalhopper.de\/news\/wp-json\/wp\/v2\/media\/95657"}],"wp:attachment":[{"href":"https:\/\/www.festivalhopper.de\/news\/wp-json\/wp\/v2\/media?parent=95553"}],"wp:term":[{"taxonomy":"category","embeddable":true,"href":"https:\/\/www.festivalhopper.de\/news\/wp-json\/wp\/v2\/categories?post=95553"},{"taxonomy":"post_tag","embeddable":true,"href":"https:\/\/www.festivalhopper.de\/news\/wp-json\/wp\/v2\/tags?post=95553"}],"curies":[{"name":"wp","href":"https:\/\/api.w.org\/{rel}","templated":true}]}}