{"id":95046,"date":"2014-07-16T14:25:37","date_gmt":"2014-07-16T12:25:37","guid":{"rendered":"http:\/\/www.festivalhopper.de\/news\/?p=95046"},"modified":"2014-07-16T14:38:26","modified_gmt":"2014-07-16T12:38:26","slug":"rock-ring-nachfolge-open-air-jhq-gladbach","status":"publish","type":"post","link":"https:\/\/www.festivalhopper.de\/news\/2014\/07\/16\/rock-ring-nachfolge-open-air-jhq-gladbach\/","title":{"rendered":"Rock am Ring Nachfolge: Festival im JHQ voraussichtlich machbar"},"content":{"rendered":"<p><strong><a href=\"https:\/\/www.festivalhopper.de\/news\/wp-content\/uploads\/2014\/06\/MarekLieberberg_RaR14-0386.jpg\"><img loading=\"lazy\" decoding=\"async\" class=\"alignleft size-medium wp-image-93085\" src=\"https:\/\/www.festivalhopper.de\/news\/wp-content\/uploads\/2014\/06\/MarekLieberberg_RaR14-0386-300x168.jpg\" alt=\"MarekLieberberg_RaR14-0386\" width=\"300\" height=\"168\" srcset=\"https:\/\/www.festivalhopper.de\/news\/wp-content\/uploads\/2014\/06\/MarekLieberberg_RaR14-0386-300x168.jpg 300w, https:\/\/www.festivalhopper.de\/news\/wp-content\/uploads\/2014\/06\/MarekLieberberg_RaR14-0386.jpg 1000w\" sizes=\"auto, (max-width: 300px) 100vw, 300px\" \/><\/a>Details <\/strong>und <strong>offene Fragen<\/strong> seinen im Genehmigungsverfahren zwar noch rechtsverbindlich zu kl\u00e4ren, aber ansich stehen aber alle Ampeln auf gr\u00fcn f\u00fcr &#8222;<a href=\"https:\/\/www.festivalhopper.de\/festival\/rock-am-ring-2015\">Rock im JHQ<\/a>&#8220; &#8211; oder wie die <a href=\"https:\/\/www.festivalhopper.de\/news\/2014\/06\/12\/rechtsstreit-namensrechte-rock-am-ring\/\">Rock am Ring Nachfolgeveranstaltung<\/a> in <strong>M\u00f6nchengladbach<\/strong> auch immer hei\u00dfen wird.<\/p>\n<p>&nbsp;<\/p>\n<p><!--more--><\/p>\n<p><a href=\"https:\/\/www.festivalhopper.de\/news\/wp-content\/uploads\/2014\/06\/24h-Luftaufnahme-Copyright-Nuerburgring-Betriebsgesellschaft-mbH_02b.jpg\"><img loading=\"lazy\" decoding=\"async\" class=\"alignright size-medium wp-image-92962\" src=\"https:\/\/www.festivalhopper.de\/news\/wp-content\/uploads\/2014\/06\/24h-Luftaufnahme-Copyright-Nuerburgring-Betriebsgesellschaft-mbH_02b-300x205.jpg\" alt=\"24h-Luftaufnahme-Copyright-Nuerburgring-Betriebsgesellschaft-mbH_02b\" width=\"300\" height=\"205\" srcset=\"https:\/\/www.festivalhopper.de\/news\/wp-content\/uploads\/2014\/06\/24h-Luftaufnahme-Copyright-Nuerburgring-Betriebsgesellschaft-mbH_02b-300x205.jpg 300w, https:\/\/www.festivalhopper.de\/news\/wp-content\/uploads\/2014\/06\/24h-Luftaufnahme-Copyright-Nuerburgring-Betriebsgesellschaft-mbH_02b.jpg 1024w\" sizes=\"auto, (max-width: 300px) 100vw, 300px\" \/><\/a>Denn die Marke <a href=\"https:\/\/www.festivalhopper.de\/news\/2014\/06\/30\/urteil-rock-am-ring-namensstreit\/\">Rock am Ring geh\u00f6rt Marek Lieberberg nur zur H\u00e4lfte<\/a>, wie das <strong>Landgericht Koblenz<\/strong> Ende Juli urteilte. Daher spekulieren wir auf &#8222;<strong>Rock im JHQ<\/strong>&#8222;, wenngleich Marek Lieberberg auch schon die Idee \u00e4usserte Fanvorschl\u00e4ge f\u00fcr den neuen Festivalnamen einholen zu wollen. <em>(Foto rechts: ehemalige Location von Rock am Ring (C) N\u00fcrburgring-Betriebsgesellschaft-mbH)<\/em><\/p>\n<p><strong>Grunds\u00e4tzlich<\/strong> sei das geplante <strong>Open Air Festival im JHQ<\/strong> machbar, denn die Voruntersuchung der Stadt M\u00f6nchengladbach hat bisher keine un\u00fcberbr\u00fcckbaren Hindernisse ergeben.<\/p>\n<blockquote><p><em>&#8222;<strong>Nat\u00fcrlich konnten in der K\u00fcrze der Zeit nicht alle Fragen umfassend und abschlie\u00dfend gekl\u00e4rt werden. Aber bisher ist kein K.o.-Kriterium erkennbar, dass die Veranstaltung von vornherein ausschlie\u00dft. Dennoch bleibt eine Reihe von Details und offenen Fragen, die gekl\u00e4rt werden m\u00fcssen. Eine rechtsverbindliche Aussage gegen\u00fcber der Konzertagentur kann deshalb erst mit einem planungsrechtlichen Vorbescheid oder im Baugenehmigungsverfahren getroffen werden<\/strong>&#8222;<\/em>, so M\u00f6nchengladbachs Oberb\u00fcrgermeister <strong>Hans Wilhelm Reiners<\/strong>.<\/p><\/blockquote>\n<p><a href=\"https:\/\/www.festivalhopper.de\/news\/wp-content\/uploads\/2014\/06\/KingsOfLeon_RaR14-8938.jpg\"><img loading=\"lazy\" decoding=\"async\" class=\"alignleft size-medium wp-image-93068\" src=\"https:\/\/www.festivalhopper.de\/news\/wp-content\/uploads\/2014\/06\/KingsOfLeon_RaR14-8938-300x168.jpg\" alt=\"KingsOfLeon_RaR14-8938\" width=\"300\" height=\"168\" srcset=\"https:\/\/www.festivalhopper.de\/news\/wp-content\/uploads\/2014\/06\/KingsOfLeon_RaR14-8938-300x168.jpg 300w, https:\/\/www.festivalhopper.de\/news\/wp-content\/uploads\/2014\/06\/KingsOfLeon_RaR14-8938.jpg 1000w\" sizes=\"auto, (max-width: 300px) 100vw, 300px\" \/><\/a>Die <strong>Marek Lieberberg Konzertagentur GmbH &amp; Co. KG<\/strong> (MLK) hatte die Stadt M\u00f6nchengladbach gebeten zu pr\u00fcfen, ob eine <a href=\"https:\/\/www.festivalhopper.de\/news\/2014\/06\/03\/moenchengladbach-ist-favorit-fuer-rock-am-ring-2015\/\">Konzertveranstaltung auf dem ehemaligen JHQ-Gel\u00e4nde<\/a>, das im Dezember 2013 von den Britischen Streitkr\u00e4ften an den Bund zur\u00fcckgegeben wurde, m\u00f6glich w\u00e4re. <strong>Vier Arbeitsgruppen<\/strong>, die bereits Mitte Juni eingerichtet wurden, besch\u00e4ftigen sich nun mit dem Abkl\u00e4rungsverfahren. Mit den  Aufgaben <strong>Umweltschutz, Parkplatz-\/Verkehrskonzept, Immissionsschutz<\/strong> und <strong>Sicherheit<\/strong> wurde und wird sich befasst. Die ersten drei Gruppen haben die Machbarkeit des Festivals bereits er\u00f6rtert, die <strong>Arbeitsgruppe Sicherheit<\/strong> wird ihre T\u00e4tigkeit erst sp\u00e4ter aufnehmen.<\/p>\n<blockquote><p><em>&#8222;<strong>Die Stadt M\u00f6nchengladbach hat mit der konstruktiven Stellungnahme zu unserem Antrag die wesentliche Grundlage f\u00fcr das mehrt\u00e4gige Festival auf dem JHQ-Gel\u00e4nde in Rheindahlen Anfang Juni 2015 geschaffen.<\/strong>&#8222;<\/em>, so Marten Pauls, der mit seinem Beratungsunternehmen campo MLK unterst\u00fctzt<\/p><\/blockquote>\n<p><strong>Offen sind noch<\/strong> Vereinbarungen mit dem Vermieter, der Bundesanstalt f\u00fcr Immobilienaufgaben, sowie Absprachen mit einzelnen Anwohnern und Landwirten. Sollte alles erfolgreich laufen, wird der erforderliche Bauantrag bis Mitte August wohl gestellt. Danach soll es dann eine Pressekonferenz geben, die bereits Programmpunkte offenbaren soll.<a href=\"https:\/\/www.festivalhopper.de\/news\/wp-content\/uploads\/2014\/06\/MarekLieberberg_RaR14-0316.jpg\"><img loading=\"lazy\" decoding=\"async\" class=\"alignright size-medium wp-image-92964\" src=\"https:\/\/www.festivalhopper.de\/news\/wp-content\/uploads\/2014\/06\/MarekLieberberg_RaR14-0316-300x168.jpg\" alt=\"MarekLieberberg_RaR14-0316\" width=\"300\" height=\"168\" srcset=\"https:\/\/www.festivalhopper.de\/news\/wp-content\/uploads\/2014\/06\/MarekLieberberg_RaR14-0316-300x168.jpg 300w, https:\/\/www.festivalhopper.de\/news\/wp-content\/uploads\/2014\/06\/MarekLieberberg_RaR14-0316.jpg 1000w\" sizes=\"auto, (max-width: 300px) 100vw, 300px\" \/><\/a><\/p>\n<blockquote><p><em>&#8222;<strong>Wir danken allen Beteiligten f\u00fcr ihr konstruktives Engagement, das beispielhaft f\u00fcr eine moderne Metropole ist<\/strong>&#8222;<\/em>, Marek Lieberberg gibt sich au\u00dferordentlich erfreut \u00fcber den Ausgang des Abkl\u00e4rungsverfahrens.<\/p><\/blockquote>\n<p>Nach Auffassung von MLK l\u00e4\u00dft die &#8222;<strong>hochprofessionelle, verantwortungsvolle und z\u00fcgige Pr\u00fcfung der wesentlichen Parameter<\/strong>&#8220; erwarten, dass der Verwirklichung der Open Air Veranstaltung <strong>keine wesentlichen Hindernisse mehr entgegenstehen<\/strong> d\u00fcrften. Es gehe nun vor allem noch darum auch einzelne Kritiker und Gegner zu \u00fcberzeugen, die dem Projekt noch skeptisch gegen\u00fcberstehen:<\/p>\n<blockquote><p><em>&#8222;<strong>Wir sind bereit, Vorurteile und \u00fcberholte Vorstellungen durch Fakten auszur\u00e4umen. Das ist uns bisher \u00fcberall, wo wir angetreten sind, gelungen. Wir sind voller Zuversicht, in M\u00f6nchengladbach ein Weltklasse-Festival auf h\u00f6chsten Niveau zu produzieren.<\/strong>&#8222;,<\/em> so MLK.<\/p><\/blockquote>\n<p>Weiteres zu <a href=\"https:\/\/www.festivalhopper.de\/festival\/rock-am-ring-2015\">Rock am Ring voraussichtlich im JHQ hier<\/a> und auf <a href=\"https:\/\/www.rock-am-ring.com\/\" target=\"_blank\" rel=\"noopener\">www.rock-am-ring.com<\/a>.<\/p>","protected":false},"excerpt":{"rendered":"<p>Details und offene Fragen seinen im Genehmigungsverfahren zwar noch rechtsverbindlich zu kl\u00e4ren, aber ansich stehen aber alle Ampeln auf gr\u00fcn f\u00fcr &#8222;Rock im JHQ&#8220; &#8211; oder wie die Rock am Ring Nachfolgeveranstaltung in M\u00f6nchengladbach auch immer hei\u00dfen wird. &nbsp;<\/p>\n","protected":false},"author":45,"featured_media":93085,"comment_status":"open","ping_status":"open","sticky":false,"template":"","format":"standard","meta":{"footnotes":""},"categories":[2,981,333,6],"tags":[],"class_list":["post-95046","post","type-post","status-publish","format-standard","has-post-thumbnail","hentry","category-festivalnews","category-festivals-2015","category-neue-location","category-rock-festivals"],"_links":{"self":[{"href":"https:\/\/www.festivalhopper.de\/news\/wp-json\/wp\/v2\/posts\/95046","targetHints":{"allow":["GET"]}}],"collection":[{"href":"https:\/\/www.festivalhopper.de\/news\/wp-json\/wp\/v2\/posts"}],"about":[{"href":"https:\/\/www.festivalhopper.de\/news\/wp-json\/wp\/v2\/types\/post"}],"author":[{"embeddable":true,"href":"https:\/\/www.festivalhopper.de\/news\/wp-json\/wp\/v2\/users\/45"}],"replies":[{"embeddable":true,"href":"https:\/\/www.festivalhopper.de\/news\/wp-json\/wp\/v2\/comments?post=95046"}],"version-history":[{"count":5,"href":"https:\/\/www.festivalhopper.de\/news\/wp-json\/wp\/v2\/posts\/95046\/revisions"}],"predecessor-version":[{"id":144068,"href":"https:\/\/www.festivalhopper.de\/news\/wp-json\/wp\/v2\/posts\/95046\/revisions\/144068"}],"wp:featuredmedia":[{"embeddable":true,"href":"https:\/\/www.festivalhopper.de\/news\/wp-json\/wp\/v2\/media\/93085"}],"wp:attachment":[{"href":"https:\/\/www.festivalhopper.de\/news\/wp-json\/wp\/v2\/media?parent=95046"}],"wp:term":[{"taxonomy":"category","embeddable":true,"href":"https:\/\/www.festivalhopper.de\/news\/wp-json\/wp\/v2\/categories?post=95046"},{"taxonomy":"post_tag","embeddable":true,"href":"https:\/\/www.festivalhopper.de\/news\/wp-json\/wp\/v2\/tags?post=95046"}],"curies":[{"name":"wp","href":"https:\/\/api.w.org\/{rel}","templated":true}]}}