{"id":92959,"date":"2014-06-12T14:11:07","date_gmt":"2014-06-12T12:11:07","guid":{"rendered":"http:\/\/www.festivalhopper.de\/news\/?p=92959"},"modified":"2014-06-30T14:22:12","modified_gmt":"2014-06-30T12:22:12","slug":"rechtsstreit-namensrechte-rock-am-ring","status":"publish","type":"post","link":"https:\/\/www.festivalhopper.de\/news\/2014\/06\/12\/rechtsstreit-namensrechte-rock-am-ring\/","title":{"rendered":"Rechtsstreit um Namensrechte an &#8222;Rock am Ring&#8220;"},"content":{"rendered":"<p><a href=\"https:\/\/www.festivalhopper.de\/news\/wp-content\/uploads\/2014\/06\/Curbs-Grand-Prix-Strecke-Copyright-Nuerburgring-Betriebsgesellschaft-mbH.jpg\"><img loading=\"lazy\" decoding=\"async\" class=\"alignleft size-medium wp-image-92961\" src=\"https:\/\/www.festivalhopper.de\/news\/wp-content\/uploads\/2014\/06\/Curbs-Grand-Prix-Strecke-Copyright-Nuerburgring-Betriebsgesellschaft-mbH-300x200.jpg\" alt=\"Curbs-Grand-Prix-Strecke-Copyright-Nuerburgring-Betriebsgesellschaft-mbH\" width=\"300\" height=\"200\" srcset=\"https:\/\/www.festivalhopper.de\/news\/wp-content\/uploads\/2014\/06\/Curbs-Grand-Prix-Strecke-Copyright-Nuerburgring-Betriebsgesellschaft-mbH-300x200.jpg 300w, https:\/\/www.festivalhopper.de\/news\/wp-content\/uploads\/2014\/06\/Curbs-Grand-Prix-Strecke-Copyright-Nuerburgring-Betriebsgesellschaft-mbH.jpg 1024w\" sizes=\"auto, (max-width: 300px) 100vw, 300px\" \/><\/a>Nach Ansicht der <strong>N\u00fcrburgring GmbH<\/strong> sei der Werktitel &#8222;<a href=\"https:\/\/www.festivalhopper.de\/festival\/rock-am-ring-2015\"><strong>Rock am Ring<\/strong><\/a>&#8220; nicht ohne Zustimmung \u2028der N\u00fcrburgring GmbH au\u00dferhalb des N\u00fcrburgrings verwendbar. Dies ist die Kernaussage des Schreibens, mit dem die N\u00fcrburgring GmbH ihre Position anl\u00e4sslich der <a href=\"https:\/\/www.festivalhopper.de\/news\/?s=%22am%20Ring%22\"><strong>aktuellen Berichterstattung<\/strong><\/a> \u00fcber den <strong>Rechtsstreit<\/strong> zu den Namensrechten &#8222;<strong>Rock am Ring<\/strong>&#8220; mitteilt.<\/p>\n<p><!--more--><\/p>\n<p><a href=\"https:\/\/www.festivalhopper.de\/news\/wp-content\/uploads\/2014\/06\/24h-Luftaufnahme-Copyright-Nuerburgring-Betriebsgesellschaft-mbH_02b.jpg\"><img loading=\"lazy\" decoding=\"async\" class=\"alignright size-medium wp-image-92962\" src=\"https:\/\/www.festivalhopper.de\/news\/wp-content\/uploads\/2014\/06\/24h-Luftaufnahme-Copyright-Nuerburgring-Betriebsgesellschaft-mbH_02b-300x205.jpg\" alt=\"24h-Luftaufnahme-Copyright-Nuerburgring-Betriebsgesellschaft-mbH_02b\" width=\"300\" height=\"205\" srcset=\"https:\/\/www.festivalhopper.de\/news\/wp-content\/uploads\/2014\/06\/24h-Luftaufnahme-Copyright-Nuerburgring-Betriebsgesellschaft-mbH_02b-300x205.jpg 300w, https:\/\/www.festivalhopper.de\/news\/wp-content\/uploads\/2014\/06\/24h-Luftaufnahme-Copyright-Nuerburgring-Betriebsgesellschaft-mbH_02b.jpg 1024w\" sizes=\"auto, (max-width: 300px) 100vw, 300px\" \/><\/a>Die N\u00fcrburgring GmbH hat zur Wahrung ihrer Interessen eine <strong>einstweilige Verf\u00fcgung<\/strong> gegen Herrn Marek Lieberberg und die Marek Lieberberg Konzertagentur GmbH &amp; Co. KG (MLK) beim Landgericht Koblenz beantragt. Vor dem Erlass der Verf\u00fcgung hat MLK bereits eine Schutzschrift eingereicht. Ende der kommenden Woche wird es zu einer m\u00fcndlichen Verhandlung vor dem Landgericht Koblenz kommen. <em>Nachdem die Entscheidung zun\u00e4chst verschoben wurde, hat das <a href=\"https:\/\/www.festivalhopper.de\/news\/2014\/06\/30\/urteil-rock-am-ring-namensstreit\/\">Landgericht Koblenz am 30.06.2014 sein Urteil bekanntgegeben<\/a>.<\/em><\/p>\n<p>Sollte die <strong>einstweilige Verf\u00fcgung<\/strong> dann wirksam werden, d\u00fcrfte Marek Lieberberg ohne Zustimmung der N\u00fcrburgring GmbH kein Konzertfestival unter dem Titel &#8222;Rock am Ring&#8220; an einem anderen Veranstaltungsort als dem N\u00fcrburgring anzuk\u00fcndigen, bewerben oder veranstalten.<\/p>\n<p><img loading=\"lazy\" decoding=\"async\" class=\"alignleft size-medium wp-image-92963\" src=\"https:\/\/www.festivalhopper.de\/news\/wp-content\/uploads\/2014\/06\/MarekLieberberg_RaR14-0390-300x168.jpg\" alt=\"MarekLieberberg_RaR14-0390\" width=\"300\" height=\"168\" srcset=\"https:\/\/www.festivalhopper.de\/news\/wp-content\/uploads\/2014\/06\/MarekLieberberg_RaR14-0390-300x168.jpg 300w, https:\/\/www.festivalhopper.de\/news\/wp-content\/uploads\/2014\/06\/MarekLieberberg_RaR14-0390.jpg 1000w\" sizes=\"auto, (max-width: 300px) 100vw, 300px\" \/>Man sehe sich zu diesem Schritt gezwungen, weil <strong>Marek Lieberberg<\/strong> in den Medien wiederholt<strong> falsche und unzutreffende Behauptungen<\/strong> aufgestellt habe. Zudem sch\u00e4dige er durch seine bisherigen Aussagen das Image des N\u00fcrburgrings und verhielte sich damit vertragswidrig.<\/p>\n<p>Falls die einstweilige Verf\u00fcgung erfolgreich sein sollte, hie\u00dfe das nicht automatisch, dass die <strong>N\u00fcrburgring GmbH<\/strong> den Namen &#8222;<strong>Rock am Ring<\/strong>&#8220; verwenden d\u00fcrfe (daher wohl jetzt schon die Werbung f\u00fcr &#8222;<a href=\"https:\/\/www.festivalhopper.de\/festival\/gruene-hoelle-rockfestival-2015\">Gr\u00fcne H\u00f6lle Rockfestival<\/a>&#8222;). Dann g\u00e4be es f\u00fcr <strong>MLK<\/strong> vielleicht noch eine andere Namensvariante. Im seinem <strong>gestrigen Treffen<\/strong> mit Vertretern der Stadt und Fans in M\u00f6nchengladbach sprach Lieberberg im Zusammenhang mit dem potentiellen neuen Festivalgel\u00e4nde auch von &#8222;<strong>Rock im JHQ<\/strong>&#8222;.<\/p>\n<p>Auf der <a href=\"https:\/\/www.festivalhopper.de\/news\/2014\/06\/07\/pressekonferenz-ring-wir-rocken-weiter\/\">Rock am Ring Pressekonferenz<\/a> am vergangenen Samstag kommentierte <strong>Marek Lieberberg<\/strong> den bevorstehenden Rechtsstreit aus seiner Sicht.<\/p>\n<p><a href=\"https:\/\/www.festivalhopper.de\/news\/wp-content\/uploads\/2014\/06\/MarekLieberberg_RaR14-0316.jpg\"><img loading=\"lazy\" decoding=\"async\" class=\"alignright wp-image-92964 size-medium\" src=\"https:\/\/www.festivalhopper.de\/news\/wp-content\/uploads\/2014\/06\/MarekLieberberg_RaR14-0316-300x168.jpg\" alt=\"MarekLieberberg_RaR14-0316\" width=\"300\" height=\"168\" srcset=\"https:\/\/www.festivalhopper.de\/news\/wp-content\/uploads\/2014\/06\/MarekLieberberg_RaR14-0316-300x168.jpg 300w, https:\/\/www.festivalhopper.de\/news\/wp-content\/uploads\/2014\/06\/MarekLieberberg_RaR14-0316.jpg 1000w\" sizes=\"auto, (max-width: 300px) 100vw, 300px\" \/><\/a>Am vergangenen Wochenende fand zum <a href=\"https:\/\/www.festivalhopper.de\/news\/2014\/05\/30\/letztes-mal-nuerburgring-rock-ring-2014\/\">letzten Mal unter F\u00fchrung von MLK Rock am Ring am N\u00fcrburgring<\/a> statt. Bands wie <a href=\"https:\/\/www.festivalhopper.de\/news\/2014\/06\/10\/feuer-eisberge-iron-maiden-rock-am-ring\/\">Iron Maiden<\/a>, <a href=\"https:\/\/www.festivalhopper.de\/news\/2014\/06\/11\/rock-am-ring-freitag-nin-kings\/\"><strong><strong>Kings Of Leon, Queens Of The Stoneage, Nine Inch Nails<\/strong><\/strong><\/a>, <a href=\"https:\/\/www.festivalhopper.de\/news\/2014\/06\/11\/rock-am-ring-hsb-linkin-park-fanta4\/\"><strong><strong>Linkin Park, Die Fantastischen Vier, Jan Delay, Slayer<\/strong><\/strong><\/a> oder <a href=\"https:\/\/www.festivalhopper.de\/news\/2014\/06\/12\/rock-ring-campino-marteria\/\">Metallica<\/a> besuchten den N\u00fcrburgring &#8211; <a href=\"https:\/\/www.festivalhopper.de\/bilder\/\">zu den Festivalfotos<\/a>.<\/p>\n<p><strong>Marek Lieberberg<\/strong> ist seit Beginn der Vertragsstreitigkeiten auf der <a href=\"https:\/\/www.festivalhopper.de\/news\/2014\/05\/31\/rock-am-ring-2015-termin-steht-location-gesucht\/\">Suche nach einer neuen Location<\/a> f\u00fcr das Festival, Favorit ist derzeit <a href=\"https:\/\/www.festivalhopper.de\/news\/2014\/06\/03\/moenchengladbach-ist-favorit-fuer-rock-am-ring-2015\/\">M\u00f6nchengladbach<\/a>. Die N\u00fcrburgring Betriebsgesellschaft-mbH bewarb w\u00e4hrend des Rock am Ring Festivals am vergangenen Wochenende eine neue Konkurrenzveranstaltung, die &#8222;<a href=\"https:\/\/www.festivalhopper.de\/festival\/gruene-hoelle-rockfestival-2015\">Gr\u00fcne H\u00f6lle Rockfestival am N\u00fcrburgring<\/a>&#8220; heissen, und am bisherigen &#8222;Rock am Ring&#8220;-Termin, am ersten Juniwochenende, stattfinden soll.<\/p>\n<p><em>(Bilder oben <em>links<\/em> und rechts: -Pressefotos- Copyright-N\u00fcrburgring-Betriebsgesellschaft-mbH &#8211; Bilder unten links und rechts: Marek Lieberberg (am 07.06.2014) genie\u00dft den Zuspruch vieler Festivalbesucher und l\u00e4sst sich als Rock am Ring Erfinder feiern)<\/em><\/p>\n<blockquote><p><strong>Stellungnahme der N\u00fcrburgring GmbH zum Rechtsstreit um den Werktitel \u201aRock am Ring&#8216;<\/strong><\/p>\n<p>Stand: <strong>12.06.2014<\/strong><\/p>\n<p>Im Auftrag des Sanierungsgesch\u00e4ftsf\u00fchrers der N\u00fcrburgring GmbH in Eigenverwaltung (i.E.), Herrn Prof. Dr. Dr. Thomas B. Schmidt, und des Sachwalters, Herrn Jens Lieser, informieren wir Sie dar\u00fcber, dass die N\u00fcrburgring GmbH i.E. zur Wahrung ihrer Interessen eine einstweilige Verf\u00fcgung gegen Herrn Marek Lieberberg und die Marek Lieberberg Konzertagentur GmbH &amp; Co. KG (MLK) beim Landgericht Koblenz beantragt hat. Marek Lieberberg\/MLK haben beim Landgericht Koblenz vor dem Erlass einer einstweiligen Verf\u00fcgung eine Schutzschrift eingereicht. F\u00fcr Ende der kommenden Woche ist eine m\u00fcndliche Verhandlung vor dem Landgericht Koblenz terminiert.<\/p>\n<p>Die N\u00fcrburgring GmbH will bei der rechtlichen Durchsetzung ihrer Interessen erreichen, dass per einstweiliger Verf\u00fcgung Herrn Lieberberg und der Marek Lieberberg Konzertagentur GmbH &amp; Co. KG untersagt wird, ein Konzertfestival unter dem Titel \u201aRock am Ring\u2019 an einem anderen Veranstaltungsort als dem N\u00fcrburgring ohne Zustimmung der N\u00fcrburgring GmbH i.E. anzuk\u00fcndigen, zu bewerben oder zu veranstalten.<\/p>\n<p>Der Sanierungsgesch\u00e4ftsf\u00fchrer der N\u00fcrburgring GmbH i.E. sah sich zu diesem Schritt gezwungen, weil Marek Lieberberg in den Medien wiederholt falsche und unzutreffende Behauptungen aufgestellt hat. Zudem sch\u00e4digt er durch seine bisherigen Aussagen das Image des N\u00fcrburgrings und verh\u00e4lt sich damit vertragswidrig. Herr Prof. Dr. Dr. Schmidt hatte daher Herrn Lieberberg aufgefordert bis zum 06.06.2014 um 16:00 Uhr eine entsprechende Unterlassungserkl\u00e4rung zu unterschreiben. Dieser Aufforderung ist Marek Lieberberg nicht gefolgt, sodass die N\u00fcrburgring GmbH i.E. gezwungen war, ihre Interessen jetzt gerichtlich durchzusetzen.<\/p>\n<p>Zu den einzelnen Punkten:<\/p>\n<p>Marek Lieberberg hat u. a. in einem Interview in \u201eSpiegel online\u201c vom 02.06.2014 erkl\u00e4rt:<\/p>\n<p>\u201e\u2018Rock am Ring\u2018 ist eine Vision, die ich vor 30 Jahren hatte. Eine Idee, die ich verwirklicht habe &#8211; auf dem N\u00fcrburgring und ohne Hilfestellung Dritter. Wir haben die Marke erfunden, wir haben ihr zu einem Kultcharakter verholfen, und die Marke bleibt bestehen. Sie ist \u00fcberhaupt nicht an den N\u00fcrburgring gebunden.\u201c<\/p>\n<p>Diese Behauptungen sind unzutreffend. Das Festival \u201aRock am Ring\u2019 wurde im Jahr 1985 von der N\u00fcrburgring GmbH und der Mama Concerts Konzertagentur GmbH gegr\u00fcndet. Herr Lieberberg war Mitgesellschafter von Mama Concerts. In diesem Zusammenhang haben alle Partner die von ihnen vertraglich vereinbarten Dienstleistungen erbracht, ohne die die erstmalige Durchf\u00fchrung und sp\u00e4tere Fortf\u00fchrung dieses Events nicht m\u00f6glich gewesen w\u00e4re. Die N\u00fcrburgring GmbH und Mama Concerts sind auch in allen damaligen Presseberichten und Veranstaltungshinweisen gemeinsam als Veranstalter genannt worden. Es kann also keine Rede davon sein, dass Marek Lieberberg pers\u00f6nlich dieses Festival alleine und ohne Hilfestellung Dritter ins Leben gerufen hat.<\/p>\n<p>Auch die Behauptung, dass der Werktitel \u201aRock am Ring\u2019 in keiner Weise an den N\u00fcrburgring gebunden sei, ist unzutreffend. Tatsache ist: die Titelrechte standen urspr\u00fcnglich der N\u00fcrburgring GmbH und Mama Concerts im Rahmen der gemeinsamen GbR zu. Sp\u00e4ter ist daraus eine Bruchteilsgemeinschaft zwischen der Marek Lieberberg Konzertagentur und der N\u00fcrburgring GmbH geworden, die bis heute als Mitveranstalterin fungiert und als solche auch in allen Publikationen gekennzeichnet wird.<\/p>\n<p>In der Zusatzvereinbarung zum Vertrag zwischen Marek Lieberberg und der N\u00fcrburgring GmbH vom 17.11.2003 ist festgehalten, dass die Parteien \u00fcber die von Marek Lieberberg gew\u00fcnschte einseitige Zuordnung der Veranstaltungstitel und -marken bislang keine Einigung erzielt haben und dies in einer sp\u00e4teren Vereinbarung festhalten wollen, die sicherstellt, dass \u201aRock am Ring\u2019 auch zuk\u00fcnftig nicht ohne die N\u00fcrburgring GmbH stattfinden wird.<\/p>\n<p>An diesem Ziel ist auch an der Folgevereinbarung vom 23.10.\/31.10.2007 uneingeschr\u00e4nkt festgehalten worden. Damit ist ausdr\u00fccklich geregelt, dass der gegenw\u00e4rtige Status Quo<\/p>\n<p>&#8211; gemeinsame Inhaberschaft am Veranstaltungstitel &#8211;<\/p>\n<p>beibehalten wird und dass zuk\u00fcnftig die Veranstaltung \u201aRock am Ring\u2019 nur dann an einer anderen Veranstaltungsst\u00e4tte stattfinden kann, wenn beide Seiten dar\u00fcber eine einvernehmliche Regelung getroffen haben. Eine solche einvernehmliche Regelung existiert bis heute nicht. Herr Lieberberg ist bis heute auch nicht an die N\u00fcrburgring GmbH i.E. herangetreten, um eine solche Regelung zu treffen.<\/p>\n<p>Vor diesem Hintergrund ist Marek Lieberberg nicht berechtigt, den Veranstaltungstitel &#8211; wie jetzt durch \u00c4u\u00dferungen in mehreren Medien geschehen &#8211; einseitig f\u00fcr sich und sein Unternehmen in Anspruch zu nehmen oder gar ohne Absprache mit der N\u00fcrburgring GmbH i.E. die alleinige Durchf\u00fchrung einer Veranstaltung gleichen Namens an einer anderen Spielst\u00e4tte anzuk\u00fcndigen.<\/p>\n<p>Der Sanierungsgesch\u00e4ftsf\u00fchrer der N\u00fcrburgring GmbH sieht sich zu diesem Vorgehen gezwungen, da er aus insolvenzrechtlichen Gr\u00fcnden verpflichtet ist, alle Interessen der N\u00fcrburgring GmbH zu wahren. Die Namensrechte an dem Werktitel \u201aRock am Ring\u2019 stellen einen wirtschaftlichen Verm\u00f6genswert dar. Da es sich zun\u00e4chst um eine Durchsetzung im einstweiligen Rechtsschutz handelt, bereitet die N\u00fcrburgring GmbH i.E. derzeit eine Klage vor.<\/p><\/blockquote>","protected":false},"excerpt":{"rendered":"<p>Nach Ansicht der N\u00fcrburgring GmbH sei der Werktitel &#8222;Rock am Ring&#8220; nicht ohne Zustimmung \u2028der N\u00fcrburgring GmbH au\u00dferhalb des N\u00fcrburgrings verwendbar. Dies ist die Kernaussage des Schreibens, mit dem die N\u00fcrburgring GmbH ihre Position anl\u00e4sslich der aktuellen Berichterstattung \u00fcber den Rechtsstreit zu den Namensrechten &#8222;Rock am Ring&#8220; mitteilt.<\/p>\n","protected":false},"author":45,"featured_media":92961,"comment_status":"open","ping_status":"open","sticky":false,"template":"","format":"standard","meta":{"footnotes":""},"categories":[2,763,981,6,14],"tags":[],"class_list":["post-92959","post","type-post","status-publish","format-standard","has-post-thumbnail","hentry","category-festivalnews","category-festivals-2014","category-festivals-2015","category-rock-festivals","category-sonstiges"],"_links":{"self":[{"href":"https:\/\/www.festivalhopper.de\/news\/wp-json\/wp\/v2\/posts\/92959","targetHints":{"allow":["GET"]}}],"collection":[{"href":"https:\/\/www.festivalhopper.de\/news\/wp-json\/wp\/v2\/posts"}],"about":[{"href":"https:\/\/www.festivalhopper.de\/news\/wp-json\/wp\/v2\/types\/post"}],"author":[{"embeddable":true,"href":"https:\/\/www.festivalhopper.de\/news\/wp-json\/wp\/v2\/users\/45"}],"replies":[{"embeddable":true,"href":"https:\/\/www.festivalhopper.de\/news\/wp-json\/wp\/v2\/comments?post=92959"}],"version-history":[{"count":5,"href":"https:\/\/www.festivalhopper.de\/news\/wp-json\/wp\/v2\/posts\/92959\/revisions"}],"predecessor-version":[{"id":94018,"href":"https:\/\/www.festivalhopper.de\/news\/wp-json\/wp\/v2\/posts\/92959\/revisions\/94018"}],"wp:featuredmedia":[{"embeddable":true,"href":"https:\/\/www.festivalhopper.de\/news\/wp-json\/wp\/v2\/media\/92961"}],"wp:attachment":[{"href":"https:\/\/www.festivalhopper.de\/news\/wp-json\/wp\/v2\/media?parent=92959"}],"wp:term":[{"taxonomy":"category","embeddable":true,"href":"https:\/\/www.festivalhopper.de\/news\/wp-json\/wp\/v2\/categories?post=92959"},{"taxonomy":"post_tag","embeddable":true,"href":"https:\/\/www.festivalhopper.de\/news\/wp-json\/wp\/v2\/tags?post=92959"}],"curies":[{"name":"wp","href":"https:\/\/api.w.org\/{rel}","templated":true}]}}