{"id":89853,"date":"2014-01-30T11:35:44","date_gmt":"2014-01-30T10:35:44","guid":{"rendered":"http:\/\/www.festivalhopper.de\/news\/?p=89853"},"modified":"2014-01-30T11:35:44","modified_gmt":"2014-01-30T10:35:44","slug":"gurten-festival-erste-acts-2014","status":"publish","type":"post","link":"https:\/\/www.festivalhopper.de\/news\/2014\/01\/30\/gurten-festival-erste-acts-2014\/","title":{"rendered":"Gurten Festival mit ersten Acts f\u00fcr 2014!"},"content":{"rendered":"<p><a href=\"https:\/\/www.festivalhopper.de\/news\/wp-content\/uploads\/2014\/01\/gurten-festival-2014-logo.jpg\"><img loading=\"lazy\" decoding=\"async\" class=\"alignleft  wp-image-89859\" alt=\"gurten festival 2014 logo\" src=\"https:\/\/www.festivalhopper.de\/news\/wp-content\/uploads\/2014\/01\/gurten-festival-2014-logo-300x182.jpg\" width=\"270\" height=\"164\" srcset=\"https:\/\/www.festivalhopper.de\/news\/wp-content\/uploads\/2014\/01\/gurten-festival-2014-logo-300x182.jpg 300w, https:\/\/www.festivalhopper.de\/news\/wp-content\/uploads\/2014\/01\/gurten-festival-2014-logo.jpg 377w\" sizes=\"auto, (max-width: 270px) 100vw, 270px\" \/><\/a>Im Januar geht es hei\u00df her in Sachen Bandbest\u00e4tigungen f\u00fcr den Festivalsommer. Jetzt gibt auch das <a href=\"https:\/\/www.festivalhopper.de\/festival\/gurten-festival-2014\">Gurten Festival 2014<\/a> seine ersten Acts bekannt. Wer vom <strong>17. bis 20. Juli<\/strong> den B\u00e4r im schweizerischen Bern steppen l\u00e4sst\u00a0verraten wir euch gleich. F\u00fcr die <strong>31. Ausgabe<\/strong> sind wieder viele Bands aus der Schweiz, aber auch internationale Top-Acts gebucht worden. <!--more--><\/p>\n<p>Und nun die ersten Namen f\u00fcr euch: <strong><a href=\"https:\/\/www.festivalhopper.de\/bands\/karten\/placebo.php\">Placebo<\/a>, <a href=\"https:\/\/www.festivalhopper.de\/bands\/karten\/franz-ferdinand.php\">Franz Ferdinand<\/a>, The Kooks, Sportfreunde Stiller, <a href=\"https:\/\/www.festivalhopper.de\/bands\/karten\/milky-chance.php\">Milky Chance<\/a>, Kodaline, <a href=\"https:\/\/www.festivalhopper.de\/bands\/karten\/jake-bugg.php\">Jake Bugg<\/a>, Yokko, Bastian Baker, Pegasus, Glanton Gang, Traktorkestar <\/strong>und<strong> John Butler Trio<\/strong>. Na, das ist doch schon mal ne Ansage?! Weitere Bands sowie die Headliner f\u00fcr Donnerstag, Freitag und Samstag folgen bald. Alleine Placebo, The Kooks und Franz Ferdinand k\u00f6nnten die Headliner f\u00fcr die einzelnen Tage sein. Da sind wir mal gespannt, was da noch f\u00fcr Bretter folgen.<\/p>\n<p><a href=\"https:\/\/www.festivalhopper.de\/news\/wp-content\/uploads\/2009\/05\/placebo.jpg\"><img loading=\"lazy\" decoding=\"async\" class=\"alignright  wp-image-7818\" alt=\"placebo\" src=\"https:\/\/www.festivalhopper.de\/news\/wp-content\/uploads\/2009\/05\/placebo-300x225.jpg\" width=\"240\" height=\"180\" srcset=\"https:\/\/www.festivalhopper.de\/news\/wp-content\/uploads\/2009\/05\/placebo-300x225.jpg 300w, https:\/\/www.festivalhopper.de\/news\/wp-content\/uploads\/2009\/05\/placebo-1024x768.jpg 1024w, https:\/\/www.festivalhopper.de\/news\/wp-content\/uploads\/2009\/05\/placebo.jpg 1280w\" sizes=\"auto, (max-width: 240px) 100vw, 240px\" \/><\/a>Die bisherige Bandaufteilung in der \u00dcbersicht:<\/p>\n<ul>\n<li>Donnerstag: Milky Chance | Glanton Gang<\/li>\n<li>Freitag: The Kooks | Kodaline | John Butler Trio | Yokko<\/li>\n<li>Samstag: Franz Ferdinand | Bastian Baker | Pegasus<\/li>\n<li>Sonntag: Placebo | Jake Bugg | Sportfreunde Stiller | The Cat Empire | Traktorkestar<\/li>\n<\/ul>\n<p>Was ein <strong>Ticket<\/strong> kostet, k\u00f6nnt ihr hier sehen:<\/p>\n<ul>\n<li>1-Tagesp\u00e4sse &gt;\u00a0CHF 90.- (ca. 74\u20ac)<\/li>\n<li>2-Tagesp\u00e4sse &gt;\u00a0CHF 130.- (ca. 106\u20ac)<\/li>\n<li>3-Tagespass &gt;\u00a0Freitag\/Samstag\/Sonntag\u00a0CHF 170.- (ca. 139\u20ac)<\/li>\n<li>4-Tagespass &gt;\u00a0CHF 210.- (ca. 171\u20ac)<\/li>\n<\/ul>\n<p>Tickets k\u00f6nnt ihr auf der Website\u00a0<a href=\"http:\/\/www.gurtenfestival.ch\/\">www.gurtenfestival.ch<\/a>\u00a0bestellen. Dort gibt es auch alle Infos (Anfahrt, K\u00fcnstler etc.) zum Festival.<\/p>","protected":false},"excerpt":{"rendered":"<p>Im Januar geht es hei\u00df her in Sachen Bandbest\u00e4tigungen f\u00fcr den Festivalsommer. Jetzt gibt auch das Gurten Festival 2014 seine ersten Acts bekannt. Wer vom 17. bis 20. Juli den B\u00e4r im schweizerischen Bern steppen l\u00e4sst\u00a0verraten wir euch gleich. F\u00fcr die 31. Ausgabe sind wieder viele Bands aus der Schweiz, aber auch internationale Top-Acts gebucht [&hellip;]<\/p>\n","protected":false},"author":373,"featured_media":0,"comment_status":"open","ping_status":"open","sticky":false,"template":"","format":"standard","meta":{"footnotes":""},"categories":[763,40,42,24,6,21],"tags":[],"class_list":["post-89853","post","type-post","status-publish","format-standard","hentry","category-festivals-2014","category-festivals-in-europa","category-indie-festivals","category-neue-bands","category-rock-festivals","category-schweiz"],"_links":{"self":[{"href":"https:\/\/www.festivalhopper.de\/news\/wp-json\/wp\/v2\/posts\/89853","targetHints":{"allow":["GET"]}}],"collection":[{"href":"https:\/\/www.festivalhopper.de\/news\/wp-json\/wp\/v2\/posts"}],"about":[{"href":"https:\/\/www.festivalhopper.de\/news\/wp-json\/wp\/v2\/types\/post"}],"author":[{"embeddable":true,"href":"https:\/\/www.festivalhopper.de\/news\/wp-json\/wp\/v2\/users\/373"}],"replies":[{"embeddable":true,"href":"https:\/\/www.festivalhopper.de\/news\/wp-json\/wp\/v2\/comments?post=89853"}],"version-history":[{"count":2,"href":"https:\/\/www.festivalhopper.de\/news\/wp-json\/wp\/v2\/posts\/89853\/revisions"}],"predecessor-version":[{"id":89861,"href":"https:\/\/www.festivalhopper.de\/news\/wp-json\/wp\/v2\/posts\/89853\/revisions\/89861"}],"wp:attachment":[{"href":"https:\/\/www.festivalhopper.de\/news\/wp-json\/wp\/v2\/media?parent=89853"}],"wp:term":[{"taxonomy":"category","embeddable":true,"href":"https:\/\/www.festivalhopper.de\/news\/wp-json\/wp\/v2\/categories?post=89853"},{"taxonomy":"post_tag","embeddable":true,"href":"https:\/\/www.festivalhopper.de\/news\/wp-json\/wp\/v2\/tags?post=89853"}],"curies":[{"name":"wp","href":"https:\/\/api.w.org\/{rel}","templated":true}]}}