{"id":89685,"date":"2014-01-20T16:53:26","date_gmt":"2014-01-20T15:53:26","guid":{"rendered":"http:\/\/www.festivalhopper.de\/news\/?p=89685"},"modified":"2014-01-20T16:53:26","modified_gmt":"2014-01-20T15:53:26","slug":"nordlicht-festival-festmachen-in-bremen","status":"publish","type":"post","link":"https:\/\/www.festivalhopper.de\/news\/2014\/01\/20\/nordlicht-festival-festmachen-in-bremen\/","title":{"rendered":"Das neue Nordlicht Festival &#8211; Festmachen in Bremen"},"content":{"rendered":"<p><a href=\"https:\/\/www.festivalhopper.de\/news\/wp-content\/uploads\/2014\/01\/nordlicht-e1390155589272.png\"><img loading=\"lazy\" decoding=\"async\" class=\"alignleft size-medium wp-image-89695\" alt=\"nordlicht festival\" src=\"https:\/\/www.festivalhopper.de\/news\/wp-content\/uploads\/2014\/01\/nordlicht-e1390155589272-300x218.png\" width=\"300\" height=\"218\" srcset=\"https:\/\/www.festivalhopper.de\/news\/wp-content\/uploads\/2014\/01\/nordlicht-e1390155589272-300x218.png 300w, https:\/\/www.festivalhopper.de\/news\/wp-content\/uploads\/2014\/01\/nordlicht-e1390155589272.png 514w\" sizes=\"auto, (max-width: 300px) 100vw, 300px\" \/><\/a>Das Festivalfr\u00fchjahr hat ein neues Kleinod im hohen Norden hinzugewonnen: Das <a href=\"https:\/\/www.festivalhopper.de\/festival\/nordlicht-2014\">Nordlicht Festival<\/a>\u00a0feiert seine\u00a0Premiere am <strong>28. und 29. M\u00e4rz 2014<\/strong> in <strong>Bremen &#8211; <\/strong>passend zur Jahreszeit als Indoor Festival am Pier2.<\/p>\n<p><strong>Musik<\/strong>\u00a0und\u00a0<strong>Kunst<\/strong>\u00a0reichen sich auf einem liebevoll arrangierten Gel\u00e4nde die Hand und laden zu einem unvergesslichen Wochenende direkt an &amp; auf der\u00a0<strong>Weser<\/strong>\u00a0ein.<\/p>\n<p><!--more--><\/p>\n<p><img loading=\"lazy\" decoding=\"async\" class=\"alignright size-medium wp-image-61953\" alt=\"Maifeld_Derby_2012_Olli_Schulz\" src=\"https:\/\/www.festivalhopper.de\/news\/wp-content\/uploads\/2012\/05\/025_Maifeld_Derby_2012_Olli_Schulz-199x300.jpg\" width=\"199\" height=\"300\" srcset=\"https:\/\/www.festivalhopper.de\/news\/wp-content\/uploads\/2012\/05\/025_Maifeld_Derby_2012_Olli_Schulz-199x300.jpg 199w, https:\/\/www.festivalhopper.de\/news\/wp-content\/uploads\/2012\/05\/025_Maifeld_Derby_2012_Olli_Schulz.jpg 533w\" sizes=\"auto, (max-width: 199px) 100vw, 199px\" \/><\/p>\n<p>LineUp Bands bisher (weitere Namen folgen):<\/p>\n<blockquote><p><a href=\"https:\/\/www.festivalhopper.de\/bands\/karten\/flo-mega-the-ruffcats.php\">Flo Mega &amp; The Ruffcats<\/a>, <a href=\"https:\/\/www.festivalhopper.de\/bands\/karten\/triggerfinger.php\">Triggerfinger<\/a>, <a href=\"https:\/\/www.festivalhopper.de\/bands\/karten\/bela-b.php\">Bela B<\/a>, <a href=\"https:\/\/www.festivalhopper.de\/bands\/karten\/olli-schulz.php\">Olli Schulz &amp; Band<\/a>, <a href=\"https:\/\/www.festivalhopper.de\/bands\/karten\/gloria.php\">Gloria<\/a>, <a href=\"https:\/\/www.festivalhopper.de\/bands\/karten\/schwarz-auf-weiss.php\">Schwarz auf Wei\u00df<\/a>, <a href=\"https:\/\/www.festivalhopper.de\/bands\/karten\/django-3000.php\">Django 3000<\/a>, <a href=\"https:\/\/www.festivalhopper.de\/bands\/karten\/rhonda.php\">Rhonda<\/a>, <a href=\"https:\/\/www.festivalhopper.de\/bands\/karten\/john-allen.php\">John Allen<\/a>, <a href=\"https:\/\/www.festivalhopper.de\/bands\/karten\/arliss-nancy.php\">Arliss Nancy<\/a>.<\/p>\n<p><strong>Kunst und Kultur<\/strong> mit <em>Andy Strau\u00df<\/em>, <em>S\u00f6nke Busch<\/em>, <em>Mechthild Gro\u00dfmann<\/em> und <em>Frauke Wilhelm<\/em> mit <em>Egon Ramm\u00e9<\/em>.<\/p><\/blockquote>\n<p>Das Nordlicht Festival wird komplett \u00fcberdacht veranstaltet und ist damit unabh\u00e4ngig vom manchmal etwas rauhen Wetter im Norden. Nicht nur die Haupt-Location &#8222;Pier2&#8220; wird dabei Kopf stehen, auch die MS Oceana \u2013 Bremens beliebtes Fahrgast- und Gastronomieschiff \u2013 wird zweckentfremdet und mit musikalischem, sowie literarischem Programm belebt.<\/p>\n<p>Die Veranstalter frohlocken mit au\u00dfergew\u00f6hnlicher und intimer Atmosph\u00e4re:<\/p>\n<blockquote>\n<p style=\"text-align: center;\"><strong>Es gibt keine \u00fcberf\u00fcllten Campingpl\u00e4tze,<\/strong><br \/>\n<strong> keine schlammigen Wege und auch bei Regen:<\/strong><br \/>\n<strong> die Frisur sitzt!<\/strong><\/p>\n<\/blockquote>\n<p>Das Nordlicht Festival soll kein gew\u00f6hnliches Festival werden &#8211; im Programm wird es eine gesunde Mischung aus lokalen K\u00fcnstlern und nationalen und internationalen Acts geben. Das Musikprogramm wird von vielen weiteren Kunst- und Kulturangeboten erg\u00e4nzt und ausgew\u00e4hlte Gastronomie rundet das Geschehen ab.<\/p>\n<p>Festivalfeeling und gleichzeitig eine neue Stadt erkunden k\u00f6nnen \u2013 das Nordlicht Festival macht es m\u00f6glich!\u00a0Seid mit dabei (<a href=\"https:\/\/www.festivalhopper.de\/tickets-bestellen\/nordlicht.html\">Kombitickets gibt es f\u00fcr 65Euro hier<\/a>), wenn Bremen zum ersten Mal festgemacht wird ;).<\/p>\n<p>Weitere Infos hier auf der Webseite:\u00a0<a href=\"http:\/\/www.nordlicht-bremen.de\/\">www.nordlicht-bremen.de<\/a><\/p>","protected":false},"excerpt":{"rendered":"<p>Das Festivalfr\u00fchjahr hat ein neues Kleinod im hohen Norden hinzugewonnen: Das Nordlicht Festival\u00a0feiert seine\u00a0Premiere am 28. und 29. M\u00e4rz 2014 in Bremen &#8211; passend zur Jahreszeit als Indoor Festival am Pier2. Musik\u00a0und\u00a0Kunst\u00a0reichen sich auf einem liebevoll arrangierten Gel\u00e4nde die Hand und laden zu einem unvergesslichen Wochenende direkt an &amp; auf der\u00a0Weser\u00a0ein.<\/p>\n","protected":false},"author":157,"featured_media":0,"comment_status":"open","ping_status":"open","sticky":false,"template":"","format":"standard","meta":{"footnotes":""},"categories":[2,763,15,137,8,20],"tags":[],"class_list":["post-89685","post","type-post","status-publish","format-standard","hentry","category-festivalnews","category-festivals-2014","category-indoor-festivals","category-kleines-festival","category-neues-festival","category-tickets-kaufen"],"_links":{"self":[{"href":"https:\/\/www.festivalhopper.de\/news\/wp-json\/wp\/v2\/posts\/89685","targetHints":{"allow":["GET"]}}],"collection":[{"href":"https:\/\/www.festivalhopper.de\/news\/wp-json\/wp\/v2\/posts"}],"about":[{"href":"https:\/\/www.festivalhopper.de\/news\/wp-json\/wp\/v2\/types\/post"}],"author":[{"embeddable":true,"href":"https:\/\/www.festivalhopper.de\/news\/wp-json\/wp\/v2\/users\/157"}],"replies":[{"embeddable":true,"href":"https:\/\/www.festivalhopper.de\/news\/wp-json\/wp\/v2\/comments?post=89685"}],"version-history":[{"count":4,"href":"https:\/\/www.festivalhopper.de\/news\/wp-json\/wp\/v2\/posts\/89685\/revisions"}],"predecessor-version":[{"id":89702,"href":"https:\/\/www.festivalhopper.de\/news\/wp-json\/wp\/v2\/posts\/89685\/revisions\/89702"}],"wp:attachment":[{"href":"https:\/\/www.festivalhopper.de\/news\/wp-json\/wp\/v2\/media?parent=89685"}],"wp:term":[{"taxonomy":"category","embeddable":true,"href":"https:\/\/www.festivalhopper.de\/news\/wp-json\/wp\/v2\/categories?post=89685"},{"taxonomy":"post_tag","embeddable":true,"href":"https:\/\/www.festivalhopper.de\/news\/wp-json\/wp\/v2\/tags?post=89685"}],"curies":[{"name":"wp","href":"https:\/\/api.w.org\/{rel}","templated":true}]}}