{"id":88228,"date":"2013-11-06T12:24:43","date_gmt":"2013-11-06T11:24:43","guid":{"rendered":"http:\/\/www.festivalhopper.de\/news\/?p=88228"},"modified":"2013-11-06T22:09:55","modified_gmt":"2013-11-06T21:09:55","slug":"tonart-2013-wonderful-rueckblick","status":"publish","type":"post","link":"https:\/\/www.festivalhopper.de\/news\/2013\/11\/06\/tonart-2013-wonderful-rueckblick\/","title":{"rendered":"TonART 2013 &#8211; &#8222;wonderful&#8220;!"},"content":{"rendered":"<p><a href=\"https:\/\/www.festivalhopper.de\/news\/wp-content\/uploads\/2013\/11\/TonART-Ommm_0945.jpg\"><img loading=\"lazy\" decoding=\"async\" class=\"alignleft size-medium wp-image-88308\" title=\"TonART-Ommm_0945\" alt=\"\" src=\"https:\/\/www.festivalhopper.de\/news\/wp-content\/uploads\/2013\/11\/TonART-Ommm_0945-300x223.jpg\" width=\"300\" height=\"223\" srcset=\"https:\/\/www.festivalhopper.de\/news\/wp-content\/uploads\/2013\/11\/TonART-Ommm_0945-300x223.jpg 300w, https:\/\/www.festivalhopper.de\/news\/wp-content\/uploads\/2013\/11\/TonART-Ommm_0945.jpg 1024w\" sizes=\"auto, (max-width: 300px) 100vw, 300px\" \/><\/a>Mit einer ganz eigenen, originellen Version von Louis Amstrongs &#8222;<strong>What a wonderful World<\/strong>&#8220; brachte das franz\u00f6sische Vokalensemble <strong>Ommm <\/strong>die Stimmung des Abends auf den Punkt &#8211; denn auch das <a href=\"https:\/\/www.festivalhopper.de\/festival\/tonart-festival-2013\">8.TonART Festival<\/a> verbreitete wieder eine wirklich <strong>wundervolle, fantastische Atmosph\u00e4re<\/strong>, die, nachdem der letzte Akkord verklungen war, ganz bestimmt jeden Besucher mit einem L\u00e4cheln nach Hause schickte.<\/p>\n<p><!--more--><\/p>\n<p><a href=\"https:\/\/www.festivalhopper.de\/news\/wp-content\/uploads\/2013\/11\/TonART-2013-Moderatoren-Tanja-Pannier-B-Sterzenbach_0585.jpg\"><img loading=\"lazy\" decoding=\"async\" class=\"alignright size-medium wp-image-88352\" alt=\"TonART-2013-Moderatoren-Tanja-Pannier-B-Sterzenbach_0585\" src=\"https:\/\/www.festivalhopper.de\/news\/wp-content\/uploads\/2013\/11\/TonART-2013-Moderatoren-Tanja-Pannier-B-Sterzenbach_0585-300x184.jpg\" width=\"300\" height=\"184\" srcset=\"https:\/\/www.festivalhopper.de\/news\/wp-content\/uploads\/2013\/11\/TonART-2013-Moderatoren-Tanja-Pannier-B-Sterzenbach_0585-300x184.jpg 300w, https:\/\/www.festivalhopper.de\/news\/wp-content\/uploads\/2013\/11\/TonART-2013-Moderatoren-Tanja-Pannier-B-Sterzenbach_0585.jpg 1024w\" sizes=\"auto, (max-width: 300px) 100vw, 300px\" \/><\/a>Durch das Festivalprogramm f\u00fchrten <strong>Tanja Pannier<\/strong> und <strong>Bj\u00f6rn Sterzenbach<\/strong>, die mit ihrer kurzweiligen Moderation auch zwischen den a-cappella Gruppen gute Stimmung verbreiteten. Bevor mit <a title=\"Ommm\" href=\"https:\/\/www.festivalhopper.de\/bands\/karten\/ommm.php\">Ommm<\/a> die letzte Band des Abends die B\u00fchne betrat, versetzten sie das Publikum minutenlang kollektiv in harmonische Schwingungen und sorgten so f\u00fcr DIE<strong><\/strong> transzendente Erfahrung des Abends &#8211; denn letztlich sind alle Kl\u00e4nge des Universums zur\u00fcckzuf\u00fchren auf &#8222;<strong>Ommm, ommm, ommm, &#8230;<\/strong>&#8222;, wenn K\u00f6rper, Geist und Seele in vollendeter Harmonie verschmelzen. \ud83d\ude09<\/p>\n<p><a href=\"https:\/\/www.festivalhopper.de\/news\/wp-content\/uploads\/2013\/11\/TonART-Ommm_0876.jpg\"><img loading=\"lazy\" decoding=\"async\" class=\"alignnone size-medium wp-image-88310\" title=\"TonART-Ommm_0876\" alt=\"\" src=\"https:\/\/www.festivalhopper.de\/news\/wp-content\/uploads\/2013\/11\/TonART-Ommm_0876-300x181.jpg\" width=\"280\" height=\"168\" srcset=\"https:\/\/www.festivalhopper.de\/news\/wp-content\/uploads\/2013\/11\/TonART-Ommm_0876-300x181.jpg 300w, https:\/\/www.festivalhopper.de\/news\/wp-content\/uploads\/2013\/11\/TonART-Ommm_0876.jpg 1024w\" sizes=\"auto, (max-width: 280px) 100vw, 280px\" \/><\/a>\u00a0<a href=\"https:\/\/www.festivalhopper.de\/news\/wp-content\/uploads\/2013\/11\/TonART-Ommm_0846.jpg\"><img loading=\"lazy\" decoding=\"async\" class=\"alignnone size-medium wp-image-88309\" title=\"TonART-Ommm_0846\" alt=\"\" src=\"https:\/\/www.festivalhopper.de\/news\/wp-content\/uploads\/2013\/11\/TonART-Ommm_0846-300x193.jpg\" width=\"260\" height=\"168\" srcset=\"https:\/\/www.festivalhopper.de\/news\/wp-content\/uploads\/2013\/11\/TonART-Ommm_0846-300x193.jpg 300w, https:\/\/www.festivalhopper.de\/news\/wp-content\/uploads\/2013\/11\/TonART-Ommm_0846.jpg 1024w\" sizes=\"auto, (max-width: 260px) 100vw, 260px\" \/><\/a><\/p>\n<p><a href=\"https:\/\/www.festivalhopper.de\/news\/wp-content\/uploads\/2013\/11\/TonART-2013-Ommm_7225.jpg\"><img loading=\"lazy\" decoding=\"async\" class=\"alignleft size-medium wp-image-88313\" title=\"TonART-2013-Ommm_7225\" alt=\"\" src=\"https:\/\/www.festivalhopper.de\/news\/wp-content\/uploads\/2013\/11\/TonART-2013-Ommm_7225-300x198.jpg\" width=\"300\" height=\"198\" srcset=\"https:\/\/www.festivalhopper.de\/news\/wp-content\/uploads\/2013\/11\/TonART-2013-Ommm_7225-300x198.jpg 300w, https:\/\/www.festivalhopper.de\/news\/wp-content\/uploads\/2013\/11\/TonART-2013-Ommm_7225.jpg 1024w\" sizes=\"auto, (max-width: 300px) 100vw, 300px\" \/><\/a>Den &#8222;<strong>Klang des Absoluten<\/strong>&#8222;, denn nur so kann der Bandname entstanden sein, pr\u00e4sentierte die vielfach preisgekr\u00f6nte A-cappella Gruppe dann anschlie\u00dfend. Drei Frauen- und zwei M\u00e4nnerstimmen jonglieren bei <strong>Ommm<\/strong> mit allem was menschliche Stimmb\u00e4nder herzugeben scheinen. Sph\u00e4rischer Sound mit treibenden Beats und klaren Stimmen gepaart unwahrscheinlicher Genrevielfalt &#8211; das sind <strong>Ommm<\/strong>. Zwischendurch lie\u00dfen sie sich eine <strong>beliebige Melodie<\/strong> aus dem Publikum vorsingen \u00fcber der sie dann einen kompletten Song improvisierten, Jazz mit Stimmb\u00e4ndern.<\/p>\n<p><a href=\"https:\/\/www.festivalhopper.de\/news\/wp-content\/uploads\/2013\/11\/TonART-Katharina-Debus_0193-2.jpg\"><img loading=\"lazy\" decoding=\"async\" class=\"alignright size-medium wp-image-88314\" title=\"TonART-Katharina-Debus_0193-2\" alt=\"\" src=\"https:\/\/www.festivalhopper.de\/news\/wp-content\/uploads\/2013\/11\/TonART-Katharina-Debus_0193-2-300x199.jpg\" width=\"300\" height=\"199\" srcset=\"https:\/\/www.festivalhopper.de\/news\/wp-content\/uploads\/2013\/11\/TonART-Katharina-Debus_0193-2-300x199.jpg 300w, https:\/\/www.festivalhopper.de\/news\/wp-content\/uploads\/2013\/11\/TonART-Katharina-Debus_0193-2.jpg 1024w\" sizes=\"auto, (max-width: 300px) 100vw, 300px\" \/><\/a>Dass es sich lohnt das <strong>TonArt Festival<\/strong> zu besuchen, wussten nicht nur \u00fcber 1000 Zuh\u00f6rer, sondern auch die\u00a0<a title=\"SLIXS\" href=\"https:\/\/www.festivalhopper.de\/bands\/karten\/slixs.php\">SLIXS <\/a>aus Halle. Bereits vor vier Jahren waren sie als <strong>Stouxingers <\/strong>zu Gast und wollten gern wieder kommen. Die <strong>SLIXS<\/strong> faszinieren mit einmaligem Sound &#8211; an dieser Stelle m\u00fcssen wir den Begriff &#8222;<strong>S\u00e4nger<\/strong>&#8220; um den Zusatz &#8222;<strong>Klangk\u00fcnstler<\/strong>&#8220; erweitern, denn diese A-Cappella Band kennt keine Grenzen. So verwenden sie f\u00fcr ihre Songs auch ihre &#8222;eigene erfunden Sprache&#8220;. Sie pr\u00e4sentierten auch ein &#8218;chinesisches Lied&#8216; f\u00fcr das sie die <strong>exotischsten Sounds, Ger\u00e4usche<\/strong> und <strong>Kl\u00e4nge<\/strong> mit ihren <a href=\"https:\/\/www.festivalhopper.de\/news\/wp-content\/uploads\/2013\/11\/TonART-Slixs_0220-1.jpg\"><img loading=\"lazy\" decoding=\"async\" class=\"alignleft size-medium wp-image-88315\" title=\"TonART-Slixs-Festivalhopper_0220-1\" alt=\"\" src=\"https:\/\/www.festivalhopper.de\/news\/wp-content\/uploads\/2013\/11\/TonART-Slixs_0220-1-300x193.jpg\" width=\"300\" height=\"193\" srcset=\"https:\/\/www.festivalhopper.de\/news\/wp-content\/uploads\/2013\/11\/TonART-Slixs_0220-1-300x193.jpg 300w, https:\/\/www.festivalhopper.de\/news\/wp-content\/uploads\/2013\/11\/TonART-Slixs_0220-1.jpg 1024w\" sizes=\"auto, (max-width: 300px) 100vw, 300px\" \/><\/a>Stimmb\u00e4ndern und M\u00fcndern formten.<\/p>\n<p>\u00dcbrigens: der Herr mit der \u00fcberragenden Mimik, Gestik, dem <strong>schicken Anzug, schnieken Seitenscheitel<\/strong> und sauber <strong>gestutzten Bart<\/strong> ist offenbar ein echter <strong>Festivalhopper<\/strong>! Die zahlreichen <strong>Festivalb\u00e4ndchen<\/strong> am rechten Handgelenk waren uns gleich aufgefallen &#8211; wir f\u00fchlen uns gegr\u00fc\u00dft von der <strong>Fusion<\/strong>!<\/p>\n<p><a href=\"https:\/\/www.festivalhopper.de\/news\/wp-content\/uploads\/2013\/11\/TonART-Slixs_0189.jpg\"><img loading=\"lazy\" decoding=\"async\" class=\"alignnone size-medium wp-image-88316\" title=\"TonART-Slixs_0189\" alt=\"\" src=\"https:\/\/www.festivalhopper.de\/news\/wp-content\/uploads\/2013\/11\/TonART-Slixs_0189-300x201.jpg\" width=\"264\" height=\"175\" \/><\/a> <a href=\"https:\/\/www.festivalhopper.de\/news\/wp-content\/uploads\/2013\/11\/TonART-Slixs_0553.jpg\"><img loading=\"lazy\" decoding=\"async\" class=\"alignnone size-medium wp-image-88328\" title=\"TonART-Slixs_0553\" alt=\"\" src=\"https:\/\/www.festivalhopper.de\/news\/wp-content\/uploads\/2013\/11\/TonART-Slixs_0553-300x190.jpg\" width=\"278\" height=\"175\" srcset=\"https:\/\/www.festivalhopper.de\/news\/wp-content\/uploads\/2013\/11\/TonART-Slixs_0553-300x190.jpg 300w, https:\/\/www.festivalhopper.de\/news\/wp-content\/uploads\/2013\/11\/TonART-Slixs_0553.jpg 1024w\" sizes=\"auto, (max-width: 278px) 100vw, 278px\" \/><\/a><\/p>\n<p><a href=\"https:\/\/www.festivalhopper.de\/news\/wp-content\/uploads\/2013\/11\/TonART-Rock4-Luc-Nelissen_0619.jpg\"><img loading=\"lazy\" decoding=\"async\" class=\"alignright size-medium wp-image-88326\" title=\"TonART-Rock4-Luc-Nelissen_0619\" alt=\"\" src=\"https:\/\/www.festivalhopper.de\/news\/wp-content\/uploads\/2013\/11\/TonART-Rock4-Luc-Nelissen_0619-300x199.jpg\" width=\"300\" height=\"199\" srcset=\"https:\/\/www.festivalhopper.de\/news\/wp-content\/uploads\/2013\/11\/TonART-Rock4-Luc-Nelissen_0619-300x199.jpg 300w, https:\/\/www.festivalhopper.de\/news\/wp-content\/uploads\/2013\/11\/TonART-Rock4-Luc-Nelissen_0619.jpg 1024w\" sizes=\"auto, (max-width: 300px) 100vw, 300px\" \/><\/a>Die vier Jungs von <a title=\"Rock4\" href=\"https:\/\/www.festivalhopper.de\/bands\/karten\/rock4.php\">Rock4<\/a> entpuppten sich als sehr <strong>charmante Holl\u00e4nder<\/strong>, die gern alle Klischees erf\u00fcllen: sie sind mit dem <strong>Wohnwagen<\/strong> gekommen, haben <strong>Drogen<\/strong> f\u00fcr jeden im Saal dabei und k\u00f6nnen nat\u00fcrlich <strong>besser Fussball spielen<\/strong> als die Deutschen. Nunja, das letzte sei ein Witz, das mit dem Kiffen aber nicht! Achja und ausserdem bestehen <strong>Rock4<\/strong> nur aus <strong>drei Niederl\u00e4ndern<\/strong>, ein Deutscher ist ebenfalls dabei &#8211; und zwar <strong>Bj\u00f6rn<\/strong>, der Moderator des Festivals.<\/p>\n<p><a href=\"https:\/\/www.festivalhopper.de\/news\/wp-content\/uploads\/2013\/11\/TonART-Rock4_0678.jpg\"><img loading=\"lazy\" decoding=\"async\" class=\"alignnone size-full wp-image-88324\" alt=\"TonART-Rock4_0678\" src=\"https:\/\/www.festivalhopper.de\/news\/wp-content\/uploads\/2013\/11\/TonART-Rock4_0678.jpg\" width=\"547\" height=\"251\" srcset=\"https:\/\/www.festivalhopper.de\/news\/wp-content\/uploads\/2013\/11\/TonART-Rock4_0678.jpg 1024w, https:\/\/www.festivalhopper.de\/news\/wp-content\/uploads\/2013\/11\/TonART-Rock4_0678-300x137.jpg 300w\" sizes=\"auto, (max-width: 547px) 100vw, 547px\" \/><\/a><\/p>\n<p>Auch wenn der Name es vermuten lie\u00dfe, mit &#8222;<strong>Rock<\/strong>&#8220; h\u00e4tten <strong>Rock4<\/strong> nichts zu tun <em>(Achja: echt nette Anmoderation mit dem <strong>Roquefort<\/strong>-K\u00e4se, Bj\u00f6rn! Anm.d.Red.).<\/em> Der eine h\u00e4tte sich zwar extra neue Stiefel gekauft, das sei es dann aber schon gewesen. Zudem sei ein deutscher A-cappella-Festivalmoderator dabei &#8211; und <strong>Luc Devens<\/strong>, der Frontmann <a href=\"https:\/\/www.festivalhopper.de\/news\/wp-content\/uploads\/2013\/11\/TonART-Rock4-Bjoern-Sterzenbach_0640.jpg\"><img loading=\"lazy\" decoding=\"async\" class=\"alignright size-medium wp-image-88325\" title=\"TonART-Rock4-Bjoern-Sterzenbach_0640\" alt=\"\" src=\"https:\/\/www.festivalhopper.de\/news\/wp-content\/uploads\/2013\/11\/TonART-Rock4-Bjoern-Sterzenbach_0640-300x198.jpg\" width=\"300\" height=\"198\" srcset=\"https:\/\/www.festivalhopper.de\/news\/wp-content\/uploads\/2013\/11\/TonART-Rock4-Bjoern-Sterzenbach_0640-300x198.jpg 300w, https:\/\/www.festivalhopper.de\/news\/wp-content\/uploads\/2013\/11\/TonART-Rock4-Bjoern-Sterzenbach_0640.jpg 1024w\" sizes=\"auto, (max-width: 300px) 100vw, 300px\" \/><\/a>selbst, sei <strong>Andr\u00e9 Rieu<\/strong> Fan <em>(womit er wohl auf seinen Haarschnitt anspielte Anm.d.Red.)<\/em>. Rockmusik bedeut f\u00fcr <strong>Rock4<\/strong> einfach, dass sie immer und \u00fcberall Musik machen k\u00f6nnen.<\/p>\n<p>Dann kam der Moment vor dem sich\u00a0<strong>Bj\u00f6rn Sterzenbach<\/strong> in Holland f\u00fcrchte, sagte der Deutsche bei seinem Moderationspart w\u00e4hrend des <strong>Rock4<\/strong> Auftritts, denn die Holl\u00e4nder n\u00e4hmen auch Tomaten mit ins Theater&#8230; \ud83d\ude09<\/p>\n<p><a href=\"https:\/\/www.festivalhopper.de\/news\/wp-content\/uploads\/2013\/11\/TonART-2013-Finale_1012.jpg\"><img loading=\"lazy\" decoding=\"async\" class=\"alignnone size-medium wp-image-88319\" title=\"TonART-2013-Finale_1012\" alt=\"\" src=\"https:\/\/www.festivalhopper.de\/news\/wp-content\/uploads\/2013\/11\/TonART-2013-Finale_1012-300x203.jpg\" width=\"285\" height=\"191\" \/><\/a> <a href=\"https:\/\/www.festivalhopper.de\/news\/wp-content\/uploads\/2013\/11\/TonART-2013-Finale-Slixs_1044.jpg\"><img loading=\"lazy\" decoding=\"async\" class=\"alignnone size-medium wp-image-88322\" title=\"TonART-2013-Finale-Slixs_1044\" alt=\"\" src=\"https:\/\/www.festivalhopper.de\/news\/wp-content\/uploads\/2013\/11\/TonART-2013-Finale-Slixs_1044-300x221.jpg\" width=\"260\" height=\"191\" srcset=\"https:\/\/www.festivalhopper.de\/news\/wp-content\/uploads\/2013\/11\/TonART-2013-Finale-Slixs_1044-300x221.jpg 300w, https:\/\/www.festivalhopper.de\/news\/wp-content\/uploads\/2013\/11\/TonART-2013-Finale-Slixs_1044.jpg 1024w\" sizes=\"auto, (max-width: 260px) 100vw, 260px\" \/><\/a><\/p>\n<p><a href=\"https:\/\/www.festivalhopper.de\/news\/wp-content\/uploads\/2013\/11\/TonART-2013-Slixs_7232.jpg\"><img loading=\"lazy\" decoding=\"async\" class=\"alignnone size-medium wp-image-88317\" title=\"TonART-2013-Slixs_7232\" alt=\"\" src=\"https:\/\/www.festivalhopper.de\/news\/wp-content\/uploads\/2013\/11\/TonART-2013-Slixs_7232-300x225.jpg\" width=\"332\" height=\"248\" srcset=\"https:\/\/www.festivalhopper.de\/news\/wp-content\/uploads\/2013\/11\/TonART-2013-Slixs_7232-300x225.jpg 300w, https:\/\/www.festivalhopper.de\/news\/wp-content\/uploads\/2013\/11\/TonART-2013-Slixs_7232.jpg 1024w\" sizes=\"auto, (max-width: 332px) 100vw, 332px\" \/><\/a> <a href=\"https:\/\/www.festivalhopper.de\/news\/wp-content\/uploads\/2013\/11\/TonART-2013-mundial_7231.jpg\"><img loading=\"lazy\" decoding=\"async\" class=\"alignnone size-medium wp-image-88329\" title=\"TonART-2013-mundial_7231\" alt=\"\" src=\"https:\/\/www.festivalhopper.de\/news\/wp-content\/uploads\/2013\/11\/TonART-2013-mundial_7231-258x300.jpg\" width=\"213\" height=\"248\" srcset=\"https:\/\/www.festivalhopper.de\/news\/wp-content\/uploads\/2013\/11\/TonART-2013-mundial_7231-258x300.jpg 258w, https:\/\/www.festivalhopper.de\/news\/wp-content\/uploads\/2013\/11\/TonART-2013-mundial_7231.jpg 883w\" sizes=\"auto, (max-width: 213px) 100vw, 213px\" \/><\/a><\/p>\n<p>Leider haben wir dieses Jahr das halbe Festival verpasst, so dass wir Euch keinen Text oder Bilder zu\u00a0<a title=\"ONAIR\" href=\"https:\/\/www.festivalhopper.de\/bands\/karten\/onair.php\">ONAIR<\/a>, <a title=\"Die Bembels\u00e4nger\" href=\"https:\/\/www.festivalhopper.de\/bands\/karten\/die-bembelsaenger.php\">Die Bembels\u00e4nger <\/a>und <a title=\"mundial\" href=\"https:\/\/www.festivalhopper.de\/bands\/karten\/mundial.php\">mundial<\/a> pr\u00e4sentieren k\u00f6nnen. Von den Hamburgern <a title=\"mundial\" href=\"https:\/\/www.festivalhopper.de\/bands\/karten\/mundial.php\">mundial<\/a> erwischten wir noch den letzten Song, den das Publikum mit langem Applaus quittierte. Da zitieren wir gern den Kurzr\u00fcckblick einer der teilnehmenden Bands:<a href=\"https:\/\/www.festivalhopper.de\/news\/wp-content\/uploads\/2013\/11\/TonART-Rock4_0683.jpg\"><img loading=\"lazy\" decoding=\"async\" class=\"alignright size-medium wp-image-88364\" alt=\"TonART-Rock4_0683\" src=\"https:\/\/www.festivalhopper.de\/news\/wp-content\/uploads\/2013\/11\/TonART-Rock4_0683-300x204.jpg\" width=\"300\" height=\"204\" srcset=\"https:\/\/www.festivalhopper.de\/news\/wp-content\/uploads\/2013\/11\/TonART-Rock4_0683-300x204.jpg 300w, https:\/\/www.festivalhopper.de\/news\/wp-content\/uploads\/2013\/11\/TonART-Rock4_0683.jpg 1024w\" sizes=\"auto, (max-width: 300px) 100vw, 300px\" \/><\/a><\/p>\n<blockquote><p><em>&#8222;It was an honor to share the stage yesterday with such fantastic groups! A blast opening song from <strong>OnAir<\/strong>, a Chinese song of <strong>Slixs<\/strong> that gave us goosebumps, the relaxing and loose version of Blured Lines from <strong>Mundial<\/strong>, the massive impact of <strong>Ommm<\/strong> and the gentlemen of the <strong>bembels\u00e4nger<\/strong> who donated their cd money for charity. A very special night!!!&#8220;<\/em>, so<strong> Rock4<\/strong> nach dem Festival bei <a href=\"https:\/\/www.facebook.com\/rock4nl\">Facebook<\/a><\/p><\/blockquote>\n<p><a href=\"https:\/\/www.festivalhopper.de\/news\/wp-content\/uploads\/2013\/11\/TonART-2013-Finale_1029.jpg\"><img loading=\"lazy\" decoding=\"async\" class=\"alignleft size-medium wp-image-88320\" title=\"TonART-2013-Finale-ONAIR_1029\" alt=\"\" src=\"https:\/\/www.festivalhopper.de\/news\/wp-content\/uploads\/2013\/11\/TonART-2013-Finale_1029-300x208.jpg\" width=\"300\" height=\"208\" srcset=\"https:\/\/www.festivalhopper.de\/news\/wp-content\/uploads\/2013\/11\/TonART-2013-Finale_1029-300x208.jpg 300w, https:\/\/www.festivalhopper.de\/news\/wp-content\/uploads\/2013\/11\/TonART-2013-Finale_1029.jpg 1024w\" sizes=\"auto, (max-width: 300px) 100vw, 300px\" \/><\/a><em><strong>Infos zu allen Bands des 8.TonART Festivals gibt&#8217;s auch in unserer <a href=\"https:\/\/www.festivalhopper.de\/news\/2013\/10\/24\/tonart-a-cappella-ommm-rock4-slixs\/\">Vorschau aufs TonART 2013<\/a>.<\/strong><\/em><\/p>\n<p><strong>Zum gro\u00dfen Finale<\/strong> standen sie dann aber alle nocheinmal auf der B\u00fchne und boten zusammen etwas &#8222;<strong>Freestyle-a-cappella<\/strong>&#8222;, das in &#8222;<strong>Ilmenau da ist der Himmel blau, da tanzt der Ziegenbock mit seiner Frau<\/strong>&#8220; -sehr charmant von ONAIR Sopran<strong> Jennifer Kothe<\/strong> vorgetragen- gipfelte.<\/p>\n<p><a href=\"https:\/\/www.festivalhopper.de\/news\/wp-content\/uploads\/2013\/11\/TonART-2013-Finale_7238.jpg\"><img loading=\"lazy\" decoding=\"async\" class=\"alignright size-medium wp-image-88321\" title=\"TonART-2013-Finale_7238\" alt=\"\" src=\"https:\/\/www.festivalhopper.de\/news\/wp-content\/uploads\/2013\/11\/TonART-2013-Finale_7238-300x177.jpg\" width=\"300\" height=\"177\" srcset=\"https:\/\/www.festivalhopper.de\/news\/wp-content\/uploads\/2013\/11\/TonART-2013-Finale_7238-300x177.jpg 300w, https:\/\/www.festivalhopper.de\/news\/wp-content\/uploads\/2013\/11\/TonART-2013-Finale_7238.jpg 1024w\" sizes=\"auto, (max-width: 300px) 100vw, 300px\" \/><\/a>Das <a href=\"https:\/\/www.festivalhopper.de\/festival\/tonart-festival-2013\">TonART Festival 2013<\/a> war bis auf den letzten Platz <strong>ausverkauft<\/strong>. Es wurde <strong>live &amp; weltweit \u00fcbers Netz gestreamt<\/strong> und \u00fcbertraf erneut alle Erwartungen. Die Atomsph\u00e4re war <strong>zauberhaft<\/strong>, wof\u00fcr nicht nur der aufw\u00e4ndige B\u00fchnenbau verantwortlich war. Eine Woche hatte man die Festhalle vorbereitet. Die Veranstalter <strong>Mandy <\/strong>&amp;<strong> Ralf<\/strong> sind sich sicher &#8222;<strong>so eine B\u00fchne hat die Festhalle noch nicht gesehen<\/strong>&#8222;. Auch wenn man aus dem verbauten Licht mit \u00fcber 100 Kan\u00e4len am Pult w\u00e4hrend des Abends noch viel mehr h\u00e4tte rausholen k\u00f6nnen, war die <strong>Lichtshow<\/strong> tats\u00e4chlich spektakul\u00e4r.<\/p>\n<p><a href=\"https:\/\/www.festivalhopper.de\/news\/wp-content\/uploads\/2013\/11\/TonART-2013-Publikum_7219.jpg\"><img loading=\"lazy\" decoding=\"async\" class=\"alignleft size-medium wp-image-88323\" title=\"TonART-2013-Publikum_7219\" alt=\"\" src=\"https:\/\/www.festivalhopper.de\/news\/wp-content\/uploads\/2013\/11\/TonART-2013-Publikum_7219-300x220.jpg\" width=\"300\" height=\"220\" srcset=\"https:\/\/www.festivalhopper.de\/news\/wp-content\/uploads\/2013\/11\/TonART-2013-Publikum_7219-300x220.jpg 300w, https:\/\/www.festivalhopper.de\/news\/wp-content\/uploads\/2013\/11\/TonART-2013-Publikum_7219.jpg 1024w\" sizes=\"auto, (max-width: 300px) 100vw, 300px\" \/><\/a>Wir hoffen, dass <strong>Mandy<\/strong> &amp; <strong>Ralf<\/strong> an ihrem Festival dran bleiben und weiterhin soviel Spa\u00df dabei haben, wie wir, ihr Publikum, das sie Jahr f\u00fcr Jahr an einem der ersten k\u00fchlen Novembertage mit einem warmen, wohligen Gef\u00fchl &#8211; und ja, mit einem L\u00e4cheln &#8211; wieder zur\u00fcck in die feuchte K\u00e4lte entlassen. So freuen wir uns schon aufs <a href=\"https:\/\/www.festivalhopper.de\/festival\/tonart-festival-2014\">kommende TonART Festival<\/a>, das am <strong>01.11.2014<\/strong>, erneut in der <strong>Festhalle Ilmenau<\/strong>, stattfinden wird.<\/p>\n<p id=\"credit\"><em>Hier gibt es viele <a href=\"https:\/\/www.festivalhopper.de\/bilder\/tonart-2013\/\">weitere Bilder vom TonART Festival 2013<\/a>! Hier geht&#8217;s zum unserem R\u00fcckblick auf das TonART 2011: &#8222;<a href=\"https:\/\/www.festivalhopper.de\/news\/2011\/11\/10\/ilmenauer-tonart-festival-verzauberte-jung-alt\/\">Ilmenauer TonART Festival verzauberte Jung &amp; Alt<\/a>&#8222;.<\/em><\/p>\n<p><a href=\"https:\/\/www.festivalhopper.de\/news\/wp-content\/uploads\/2013\/11\/TonART-2013-Finale_1045.jpg\"><img loading=\"lazy\" decoding=\"async\" class=\"alignnone size-medium wp-image-88342\" alt=\"TonART-2013-Finale_1045\" src=\"https:\/\/www.festivalhopper.de\/news\/wp-content\/uploads\/2013\/11\/TonART-2013-Finale_1045-300x199.jpg\" width=\"255\" height=\"188\" \/><\/a> <a href=\"https:\/\/www.festivalhopper.de\/news\/wp-content\/uploads\/2013\/11\/TonART-Ommm-Applaus_0933.jpg\"><img loading=\"lazy\" decoding=\"async\" class=\"alignnone size-medium wp-image-88340\" alt=\"TonART-Ommm-Applaus_0933\" src=\"https:\/\/www.festivalhopper.de\/news\/wp-content\/uploads\/2013\/11\/TonART-Ommm-Applaus_0933-300x199.jpg\" width=\"288\" height=\"188\" \/><\/a><\/p>\n<p><a href=\"https:\/\/www.festivalhopper.de\/news\/wp-content\/uploads\/2013\/11\/TonART-2013-Rock4-Lucas-Blommers_0600.jpg\"><img loading=\"lazy\" decoding=\"async\" class=\"alignnone size-medium wp-image-88345\" alt=\"TonART-2013-Rock4-Lucas-Blommers_0600\" src=\"https:\/\/www.festivalhopper.de\/news\/wp-content\/uploads\/2013\/11\/TonART-2013-Rock4-Lucas-Blommers_0600-300x204.jpg\" width=\"269\" height=\"183\" srcset=\"https:\/\/www.festivalhopper.de\/news\/wp-content\/uploads\/2013\/11\/TonART-2013-Rock4-Lucas-Blommers_0600-300x204.jpg 300w, https:\/\/www.festivalhopper.de\/news\/wp-content\/uploads\/2013\/11\/TonART-2013-Rock4-Lucas-Blommers_0600.jpg 1024w\" sizes=\"auto, (max-width: 269px) 100vw, 269px\" \/><\/a> <a href=\"https:\/\/www.festivalhopper.de\/news\/wp-content\/uploads\/2013\/11\/TonART-Katharina-Debus_0196.jpg\"><img loading=\"lazy\" decoding=\"async\" class=\"alignnone size-medium wp-image-88346\" alt=\"TonART-Katharina-Debus_0196\" src=\"https:\/\/www.festivalhopper.de\/news\/wp-content\/uploads\/2013\/11\/TonART-Katharina-Debus_0196-300x198.jpg\" width=\"276\" height=\"183\" srcset=\"https:\/\/www.festivalhopper.de\/news\/wp-content\/uploads\/2013\/11\/TonART-Katharina-Debus_0196-300x198.jpg 300w, https:\/\/www.festivalhopper.de\/news\/wp-content\/uploads\/2013\/11\/TonART-Katharina-Debus_0196.jpg 1024w\" sizes=\"auto, (max-width: 276px) 100vw, 276px\" \/><\/a><\/p>\n<p><a href=\"https:\/\/www.festivalhopper.de\/news\/wp-content\/uploads\/2013\/11\/TonART-Ommm_0917.jpg\"><img loading=\"lazy\" decoding=\"async\" class=\"alignnone size-medium wp-image-88360\" alt=\"TonART-Ommm_0917\" src=\"https:\/\/www.festivalhopper.de\/news\/wp-content\/uploads\/2013\/11\/TonART-Ommm_0917-300x199.jpg\" width=\"283\" height=\"187\" srcset=\"https:\/\/www.festivalhopper.de\/news\/wp-content\/uploads\/2013\/11\/TonART-Ommm_0917-300x199.jpg 300w, https:\/\/www.festivalhopper.de\/news\/wp-content\/uploads\/2013\/11\/TonART-Ommm_0917.jpg 1024w\" sizes=\"auto, (max-width: 283px) 100vw, 283px\" \/><\/a> <a href=\"https:\/\/www.festivalhopper.de\/news\/wp-content\/uploads\/2013\/11\/TonART-Ommm_0924.jpg\"><img loading=\"lazy\" decoding=\"async\" class=\"alignnone size-medium wp-image-88361\" alt=\"TonART-Ommm_0924\" src=\"https:\/\/www.festivalhopper.de\/news\/wp-content\/uploads\/2013\/11\/TonART-Ommm_0924-300x210.jpg\" width=\"261\" height=\"187\" \/><\/a><\/p>\n<p><a href=\"https:\/\/www.festivalhopper.de\/news\/wp-content\/uploads\/2013\/11\/TonART-Ommm_0886.jpg\"><img loading=\"lazy\" decoding=\"async\" class=\"alignnone size-medium wp-image-88358\" alt=\"TonART-Ommm_0886\" src=\"https:\/\/www.festivalhopper.de\/news\/wp-content\/uploads\/2013\/11\/TonART-Ommm_0886-300x210.jpg\" width=\"265\" height=\"185\" srcset=\"https:\/\/www.festivalhopper.de\/news\/wp-content\/uploads\/2013\/11\/TonART-Ommm_0886-300x210.jpg 300w, https:\/\/www.festivalhopper.de\/news\/wp-content\/uploads\/2013\/11\/TonART-Ommm_0886.jpg 1024w\" sizes=\"auto, (max-width: 265px) 100vw, 265px\" \/><\/a> <a href=\"https:\/\/www.festivalhopper.de\/news\/wp-content\/uploads\/2013\/11\/TonART-Ommm_0983.jpg\"><img loading=\"lazy\" decoding=\"async\" class=\"alignnone size-medium wp-image-88356\" alt=\"TonART-Ommm_0983\" src=\"https:\/\/www.festivalhopper.de\/news\/wp-content\/uploads\/2013\/11\/TonART-Ommm_0983-300x199.jpg\" width=\"281\" height=\"185\" \/><\/a><\/p>\n<p><a href=\"https:\/\/www.festivalhopper.de\/news\/wp-content\/uploads\/2013\/11\/TonART-Mandy_0747.jpg\"><img loading=\"lazy\" decoding=\"async\" class=\"alignnone size-medium wp-image-88338\" alt=\"TonART-Mandy_0747\" src=\"https:\/\/www.festivalhopper.de\/news\/wp-content\/uploads\/2013\/11\/TonART-Mandy_0747-300x181.jpg\" width=\"305\" height=\"181\" \/><\/a> <a href=\"https:\/\/www.festivalhopper.de\/news\/wp-content\/uploads\/2013\/11\/TonART-Ommm_0928.jpg\"><img loading=\"lazy\" decoding=\"async\" class=\"alignnone size-medium wp-image-88339\" alt=\"TonART-Ommm_0928\" src=\"https:\/\/www.festivalhopper.de\/news\/wp-content\/uploads\/2013\/11\/TonART-Ommm_0928-300x229.jpg\" width=\"241\" height=\"181\" \/><\/a><\/p>\n<p><a href=\"https:\/\/www.festivalhopper.de\/news\/wp-content\/uploads\/2013\/11\/TonART-2013-Buehne-Rock4_7224.jpg\"><img loading=\"lazy\" decoding=\"async\" class=\"alignnone size-medium wp-image-88335\" alt=\"TonART-2013-Buehne-Rock4_7224\" src=\"https:\/\/www.festivalhopper.de\/news\/wp-content\/uploads\/2013\/11\/TonART-2013-Buehne-Rock4_7224-300x208.jpg\" width=\"276\" height=\"190\" \/><\/a> <a href=\"https:\/\/www.festivalhopper.de\/news\/wp-content\/uploads\/2013\/11\/TonART-Mandy-Tanja-Bjoern-Ralf_0740.jpg\"><img loading=\"lazy\" decoding=\"async\" class=\"alignnone size-medium wp-image-88341\" alt=\"TonART-Mandy-Tanja-Bjoern-Ralf_0740\" src=\"https:\/\/www.festivalhopper.de\/news\/wp-content\/uploads\/2013\/11\/TonART-Mandy-Tanja-Bjoern-Ralf_0740-300x199.jpg\" width=\"268\" height=\"190\" \/><\/a><\/p>\n<p><a href=\"https:\/\/www.festivalhopper.de\/news\/wp-content\/uploads\/2013\/11\/TonART-2013-Brezn_0562.jpg\"><img loading=\"lazy\" decoding=\"async\" class=\"alignnone size-medium wp-image-88334\" alt=\"TonART-2013-Brezn_0562\" src=\"https:\/\/www.festivalhopper.de\/news\/wp-content\/uploads\/2013\/11\/TonART-2013-Brezn_0562-300x199.jpg\" width=\"276\" height=\"184\" srcset=\"https:\/\/www.festivalhopper.de\/news\/wp-content\/uploads\/2013\/11\/TonART-2013-Brezn_0562-300x199.jpg 300w, https:\/\/www.festivalhopper.de\/news\/wp-content\/uploads\/2013\/11\/TonART-2013-Brezn_0562.jpg 1024w\" sizes=\"auto, (max-width: 276px) 100vw, 276px\" \/><\/a> <a href=\"https:\/\/www.festivalhopper.de\/news\/wp-content\/uploads\/2013\/11\/TonART-2013_7207.jpg\"><img loading=\"lazy\" decoding=\"async\" class=\"alignnone size-medium wp-image-88332\" alt=\"TonART-2013_7207\" src=\"https:\/\/www.festivalhopper.de\/news\/wp-content\/uploads\/2013\/11\/TonART-2013_7207-300x205.jpg\" width=\"267\" height=\"184\" \/><\/a><\/p>\n<p><a href=\"https:\/\/www.festivalhopper.de\/news\/wp-content\/uploads\/2013\/11\/TonART-2013-Arme-hoch_7212.jpg\"><img loading=\"lazy\" decoding=\"async\" class=\"alignnone size-medium wp-image-88333\" alt=\"TonART-2013-Arme-hoch_7212\" src=\"https:\/\/www.festivalhopper.de\/news\/wp-content\/uploads\/2013\/11\/TonART-2013-Arme-hoch_7212-300x192.jpg\" width=\"291\" height=\"185\" \/><\/a> <a href=\"https:\/\/www.festivalhopper.de\/news\/wp-content\/uploads\/2013\/11\/TonART-2013-Moderation-Screen_0575.jpg\"><img loading=\"lazy\" decoding=\"async\" class=\"alignnone size-medium wp-image-88337\" alt=\"TonART-2013-Moderation-Screen_0575\" src=\"https:\/\/www.festivalhopper.de\/news\/wp-content\/uploads\/2013\/11\/TonART-2013-Moderation-Screen_0575-300x220.jpg\" width=\"254\" height=\"185\" \/><\/a><\/p>\n<p><a href=\"https:\/\/www.festivalhopper.de\/news\/wp-content\/uploads\/2013\/11\/TonART-2013-Mischpult_0179.jpg\"><img loading=\"lazy\" decoding=\"async\" class=\"alignnone size-medium wp-image-88336\" alt=\"TonART-2013-Mischpult_0179\" src=\"https:\/\/www.festivalhopper.de\/news\/wp-content\/uploads\/2013\/11\/TonART-2013-Mischpult_0179-300x213.jpg\" width=\"262\" height=\"186\" srcset=\"https:\/\/www.festivalhopper.de\/news\/wp-content\/uploads\/2013\/11\/TonART-2013-Mischpult_0179-300x213.jpg 300w, https:\/\/www.festivalhopper.de\/news\/wp-content\/uploads\/2013\/11\/TonART-2013-Mischpult_0179.jpg 1024w\" sizes=\"auto, (max-width: 262px) 100vw, 262px\" \/><\/a> <a href=\"https:\/\/www.festivalhopper.de\/news\/wp-content\/uploads\/2013\/11\/TonART-2006-2013_0544.jpg\"><img loading=\"lazy\" decoding=\"async\" class=\"alignnone size-medium wp-image-88331\" alt=\"TonART-2006-2013_0544\" src=\"https:\/\/www.festivalhopper.de\/news\/wp-content\/uploads\/2013\/11\/TonART-2006-2013_0544-300x199.jpg\" width=\"283\" height=\"186\" \/><\/a><em>Hier gibt&#8217;s <a href=\"https:\/\/www.festivalhopper.de\/bilder\/tonart-2013\/\">noch viel mehr TonART Fotos<\/a><\/em>.<\/p>","protected":false},"excerpt":{"rendered":"<p>Mit einer ganz eigenen, originellen Version von Louis Amstrongs &#8222;What a wonderful World&#8220; brachte das franz\u00f6sische Vokalensemble Ommm die Stimmung des Abends auf den Punkt &#8211; denn auch das 8.TonART Festival verbreitete wieder eine wirklich wundervolle, fantastische Atmosph\u00e4re, die, nachdem der letzte Akkord verklungen war, ganz bestimmt jeden Besucher mit einem L\u00e4cheln nach Hause schickte.<\/p>\n","protected":false},"author":45,"featured_media":0,"comment_status":"open","ping_status":"open","sticky":false,"template":"","format":"standard","meta":{"footnotes":""},"categories":[609,35,7,2,619,15],"tags":[],"class_list":["post-88228","post","type-post","status-publish","format-standard","hentry","category-a-cappella","category-festivalberichte","category-festivalbilder","category-festivalnews","category-festivals-2013","category-indoor-festivals"],"_links":{"self":[{"href":"https:\/\/www.festivalhopper.de\/news\/wp-json\/wp\/v2\/posts\/88228","targetHints":{"allow":["GET"]}}],"collection":[{"href":"https:\/\/www.festivalhopper.de\/news\/wp-json\/wp\/v2\/posts"}],"about":[{"href":"https:\/\/www.festivalhopper.de\/news\/wp-json\/wp\/v2\/types\/post"}],"author":[{"embeddable":true,"href":"https:\/\/www.festivalhopper.de\/news\/wp-json\/wp\/v2\/users\/45"}],"replies":[{"embeddable":true,"href":"https:\/\/www.festivalhopper.de\/news\/wp-json\/wp\/v2\/comments?post=88228"}],"version-history":[{"count":0,"href":"https:\/\/www.festivalhopper.de\/news\/wp-json\/wp\/v2\/posts\/88228\/revisions"}],"wp:attachment":[{"href":"https:\/\/www.festivalhopper.de\/news\/wp-json\/wp\/v2\/media?parent=88228"}],"wp:term":[{"taxonomy":"category","embeddable":true,"href":"https:\/\/www.festivalhopper.de\/news\/wp-json\/wp\/v2\/categories?post=88228"},{"taxonomy":"post_tag","embeddable":true,"href":"https:\/\/www.festivalhopper.de\/news\/wp-json\/wp\/v2\/tags?post=88228"}],"curies":[{"name":"wp","href":"https:\/\/api.w.org\/{rel}","templated":true}]}}