{"id":88204,"date":"2013-10-29T17:28:04","date_gmt":"2013-10-29T16:28:04","guid":{"rendered":"http:\/\/www.festivalhopper.de\/news\/?p=88204"},"modified":"2013-10-30T16:20:58","modified_gmt":"2013-10-30T15:20:58","slug":"bela-b-bei-rock-am-ring-2014","status":"publish","type":"post","link":"https:\/\/www.festivalhopper.de\/news\/2013\/10\/29\/bela-b-bei-rock-am-ring-2014\/","title":{"rendered":"Bela B mit neuem Album bei Rock am Ring 2014?"},"content":{"rendered":"<p><a href=\"https:\/\/www.festivalhopper.de\/news\/wp-content\/uploads\/2010\/08\/OpenFlair2010-Bela-B-4346.jpg\"><img loading=\"lazy\" decoding=\"async\" class=\"alignleft size-medium wp-image-33092\" alt=\"OpenFlair2010 Bela-B---4346\" src=\"https:\/\/www.festivalhopper.de\/news\/wp-content\/uploads\/2010\/08\/OpenFlair2010-Bela-B-4346-300x233.jpg\" width=\"300\" height=\"233\" srcset=\"https:\/\/www.festivalhopper.de\/news\/wp-content\/uploads\/2010\/08\/OpenFlair2010-Bela-B-4346-300x233.jpg 300w, https:\/\/www.festivalhopper.de\/news\/wp-content\/uploads\/2010\/08\/OpenFlair2010-Bela-B-4346.jpg 800w\" sizes=\"auto, (max-width: 300px) 100vw, 300px\" \/><\/a>Es gibt Nachschub f\u00fcr die Ger\u00fcchtek\u00fcche von <a href=\"https:\/\/www.festivalhopper.de\/festival\/rock-am-ring-2014\">Rock am Ring 2014<\/a> &#8211; die Hinweise sind sehr sp\u00e4rlich aber die Rahmendaten passen.<\/p>\n<p>Bei einem Schaufenster Konzert im Hamburger Plattenladen Michelle <strong>hat <a href=\"https:\/\/www.festivalhopper.de\/bands\/karten\/bela-b.php\">Bela B.<\/a> angek\u00fcndigt, dass sein neues Album im M\u00e4rz \/ April 2014 erscheinen soll, der Titel mit B beginnt und danach eine ganze Menge Gigs folgen werden<\/strong>. Explizit genannt hat er dabei wohl auch <strong>Rock am Ring<\/strong> &#8211; so berichtet Festivalhopper Malte.<\/p>\n<p><!--more-->Das Konzert fand am letzten Freitag (25.10.2013) im Plattenladen vom Michelle Records <a href=\"http:\/\/www.plattenladenwoche.de\/2013\/10\/08\/bela-b-und-peta-devlin-live-am-25-10-13-um-1700-uhr-bei-michelle-records-in-hamburg\/\">im Rahmen der Plattenladenwoche 2013<\/a> statt. Bela B musizierte mit Peta Devlin bei dem exklusiven Instore-Akustik-Konzert &#8211; beim neuen Album wirkte auch noch die Band Smokestack Lightnin\u2019 mit, die dann vermutlich ebenfalls auf der anstehenden Tour zu sehen sein wird.<\/p>\n<p><a href=\"https:\/\/www.festivalhopper.de\/news\/wp-content\/uploads\/2010\/08\/DSC02661.jpg\"><img loading=\"lazy\" decoding=\"async\" class=\"alignright size-medium wp-image-32855\" alt=\"Bela B\" src=\"https:\/\/www.festivalhopper.de\/news\/wp-content\/uploads\/2010\/08\/DSC02661-225x300.jpg\" width=\"225\" height=\"300\" srcset=\"https:\/\/www.festivalhopper.de\/news\/wp-content\/uploads\/2010\/08\/DSC02661-225x300.jpg 225w, https:\/\/www.festivalhopper.de\/news\/wp-content\/uploads\/2010\/08\/DSC02661-768x1024.jpg 768w, https:\/\/www.festivalhopper.de\/news\/wp-content\/uploads\/2010\/08\/DSC02661.jpg 1536w\" sizes=\"auto, (max-width: 225px) 100vw, 225px\" \/><\/a>Malte schrieb uns dazu:<\/p>\n<blockquote><p><em>Bela B hat im Rahmen seines Schaufenster Konzertes im Plattenladen Michelle in Hamburg angek\u00fcndigt, eine Menge Gigs spielen wird. Explizit nannte er da: Rock am Ring sein Album soll im M\u00e4rz\/April erscheinen. <\/em><\/p><\/blockquote>\n<p>Im Netz konnten wir keine weiteren konkreten Hinweise auf diese Aussage finden, der Gig in Hamburg wurde aber als <em>&#8222;sehr kuschlig und gut besucht&#8220;<\/em> <a href=\"http:\/\/www.bademeisterboard.de\/thread.php?postid=821177#post821177\">beschrieben<\/a>. Das Set ging eine knappe Stunden und es wurden auch neue Songs pr\u00e4sentiert.<\/p>\n<p>Nach der <a href=\"https:\/\/www.festivalhopper.de\/news\/2013\/10\/22\/in-extremo-rock-am-ring-rock-im-park-2014\/\">Selbstbest\u00e4tigung von In Extremo<\/a> und dem Bandcontest-Gewinnern von Der Wieland ist damit f\u00fcr uns <a href=\"https:\/\/www.festivalhopper.de\/bands\/karten\/bela-b.php\">Bela B.<\/a> mit seinem Soloprojekt ein weiterer hei\u00dfer Kandidat f\u00fcr <a href=\"https:\/\/www.festivalhopper.de\/festival\/rock-am-ring-2014\">Rock am Ring 2014<\/a> (und damit nat\u00fcrlich auch <a href=\"https:\/\/www.festivalhopper.de\/festival\/rock-im-park-2014\">Rock im Park 2014<\/a>).<\/p>\n<p><strong>Offiziell best\u00e4tigt ist noch nix aber das folgt sicherlich &#8222;in K\u00fcrze&#8220;.<\/strong><\/p>\n<p><em>Die beiden Fotos sind von der letzten Solotour 2010 beim Open Flair und Taubertal.<\/em><\/p>\n<p>Vielen Dank noch mal an Malte f\u00fcr den Hinweis!<\/p>\n<p><em>Widerspr\u00fcchliche Aussagen sind in diesem Zusammenhang aufgetaucht: ein anderer Konzertbesucher nahm Belas Worte komplett anders auf, <a href=\"https:\/\/www.festivalisten.de\/58311-rock-am-ring-doch-keine-selbstansage-von-bela-b\">wie die Festivalisten berichten <\/a>&#8211; also bleibt nach wie vor das gro\u00dfe Fragezeichen beim Ger\u00fccht dabei. \ud83d\ude42<\/em><\/p>\n<p>&nbsp;<\/p>","protected":false},"excerpt":{"rendered":"<p>Es gibt Nachschub f\u00fcr die Ger\u00fcchtek\u00fcche von Rock am Ring 2014 &#8211; die Hinweise sind sehr sp\u00e4rlich aber die Rahmendaten passen. Bei einem Schaufenster Konzert im Hamburger Plattenladen Michelle hat Bela B. angek\u00fcndigt, dass sein neues Album im M\u00e4rz \/ April 2014 erscheinen soll, der Titel mit B beginnt und danach eine ganze Menge Gigs [&hellip;]<\/p>\n","protected":false},"author":1,"featured_media":0,"comment_status":"open","ping_status":"open","sticky":false,"template":"","format":"standard","meta":{"footnotes":""},"categories":[2,763,466,6],"tags":[],"class_list":["post-88204","post","type-post","status-publish","format-standard","hentry","category-festivalnews","category-festivals-2014","category-geruechtekueche","category-rock-festivals"],"_links":{"self":[{"href":"https:\/\/www.festivalhopper.de\/news\/wp-json\/wp\/v2\/posts\/88204","targetHints":{"allow":["GET"]}}],"collection":[{"href":"https:\/\/www.festivalhopper.de\/news\/wp-json\/wp\/v2\/posts"}],"about":[{"href":"https:\/\/www.festivalhopper.de\/news\/wp-json\/wp\/v2\/types\/post"}],"author":[{"embeddable":true,"href":"https:\/\/www.festivalhopper.de\/news\/wp-json\/wp\/v2\/users\/1"}],"replies":[{"embeddable":true,"href":"https:\/\/www.festivalhopper.de\/news\/wp-json\/wp\/v2\/comments?post=88204"}],"version-history":[{"count":2,"href":"https:\/\/www.festivalhopper.de\/news\/wp-json\/wp\/v2\/posts\/88204\/revisions"}],"predecessor-version":[{"id":144292,"href":"https:\/\/www.festivalhopper.de\/news\/wp-json\/wp\/v2\/posts\/88204\/revisions\/144292"}],"wp:attachment":[{"href":"https:\/\/www.festivalhopper.de\/news\/wp-json\/wp\/v2\/media?parent=88204"}],"wp:term":[{"taxonomy":"category","embeddable":true,"href":"https:\/\/www.festivalhopper.de\/news\/wp-json\/wp\/v2\/categories?post=88204"},{"taxonomy":"post_tag","embeddable":true,"href":"https:\/\/www.festivalhopper.de\/news\/wp-json\/wp\/v2\/tags?post=88204"}],"curies":[{"name":"wp","href":"https:\/\/api.w.org\/{rel}","templated":true}]}}