{"id":88195,"date":"2013-10-28T10:37:07","date_gmt":"2013-10-28T09:37:07","guid":{"rendered":"http:\/\/www.festivalhopper.de\/news\/?p=88195"},"modified":"2013-10-29T11:33:44","modified_gmt":"2013-10-29T10:33:44","slug":"songwriter-rocker-poet-lou-reed-ist-tot","status":"publish","type":"post","link":"https:\/\/www.festivalhopper.de\/news\/2013\/10\/28\/songwriter-rocker-poet-lou-reed-ist-tot\/","title":{"rendered":"Songwriter, Rocker &#038; Poet Lou Reed ist tot"},"content":{"rendered":"<p><a href=\"https:\/\/www.festivalhopper.de\/news\/wp-content\/uploads\/2013\/10\/Lou-Reed-very-best-of-cover.jpg\"><img loading=\"lazy\" decoding=\"async\" class=\"alignleft size-medium wp-image-88197\" alt=\"Lou-Reed-very-best-of-cover\" src=\"https:\/\/www.festivalhopper.de\/news\/wp-content\/uploads\/2013\/10\/Lou-Reed-very-best-of-cover-300x294.jpg\" width=\"300\" height=\"294\" srcset=\"https:\/\/www.festivalhopper.de\/news\/wp-content\/uploads\/2013\/10\/Lou-Reed-very-best-of-cover-300x294.jpg 300w, https:\/\/www.festivalhopper.de\/news\/wp-content\/uploads\/2013\/10\/Lou-Reed-very-best-of-cover.jpg 438w\" sizes=\"auto, (max-width: 300px) 100vw, 300px\" \/><\/a><em>&#8222;<strong>The world has lost a fine songwriter and poet\u2026I\u2019ve lost my \u2018school-yard buddy\u2019 &#8211; john cale<\/strong>&#8222;<\/em><\/p>\n<p>Diese Worte twitterte <strong>John Cale<\/strong> gestern Abend, an dem Tag als die Rocklegende <strong>Lou Reed<\/strong> im Alter von <strong>71 Jahren<\/strong> starb. <em>(Bild links: Album Cover aus 1999)<\/em><\/p>\n<p>Absolut optimistisch pr\u00e4sentierte sich <strong>Lou Reed<\/strong> noch im Mai nach einer Lebertransplantation &#8211; er f\u00fchle sich st\u00e4rker als je zuvor und wolle <strong>bald wieder auf der B\u00fchne<\/strong> stehen. Medienberichten zufolge erlag er nun wohl doch den Folgen der Operation.<\/p>\n<p><!--more--><\/p>\n<p>Es g\u00e4be viel zu sagen \u00fcber <strong>Lou Reed<\/strong>, \u00fcber die Zeit bei <strong>The Velvet Underground<\/strong>, seine Solokarriere, <strong>Andy Warhol<\/strong> und die ber\u00fchmte Banane auf dem Cover eines der einflussreichsten Alben der Rockgeschichte &#8222;<strong>The Velvet Underground &amp; Nico<\/strong>&#8220; &#8211; f\u00fcr die <strong>Reed<\/strong> als <strong>S\u00e4nger, Songwriter<\/strong> und <strong>Gitarrist<\/strong> ma\u00dfgeblich verantwortlich war. Anstelle viel melancholischen Geredes aber, lassen wir <strong>Lou Reed<\/strong> lieber selbst zu Wort kommen und zwar mit der Sprache, der er am besten beherrschte, mit Musik.<\/p>\n<p>Die Aufnahme stammt aus dem Jahr <strong>2000 <\/strong>als <strong>Lou Reed<\/strong> beim <a href=\"https:\/\/www.festivalhopper.de\/festival\/montreux-jazz-festival-2013\"><strong>Montreux Jazz Festival<\/strong> <\/a>einen seiner ber\u00fchmtesten Songs, &#8222;<strong>Perfect Day<\/strong>&#8222;, spielt.<\/p>\n<p><iframe loading=\"lazy\" src=\"https:\/\/vds.rightster.com\/v\/01z0pan3x2qqab?target=iframe&amp;autoplay=0\" height=\"315\" width=\"560\" allowfullscreen=\"\" frameborder=\"0\" scrolling=\"no\"><\/iframe><\/p>\n<p>(Lou Reed *02.03.1942 \u202027.10.2013)<\/p>","protected":false},"excerpt":{"rendered":"<p>&#8222;The world has lost a fine songwriter and poet\u2026I\u2019ve lost my \u2018school-yard buddy\u2019 &#8211; john cale&#8222; Diese Worte twitterte John Cale gestern Abend, an dem Tag als die Rocklegende Lou Reed im Alter von 71 Jahren starb. (Bild links: Album Cover aus 1999) Absolut optimistisch pr\u00e4sentierte sich Lou Reed noch im Mai nach einer Lebertransplantation [&hellip;]<\/p>\n","protected":false},"author":45,"featured_media":0,"comment_status":"open","ping_status":"open","sticky":false,"template":"","format":"standard","meta":{"footnotes":""},"categories":[616,6,14],"tags":[],"class_list":["post-88195","post","type-post","status-publish","format-standard","hentry","category-jazz-festival","category-rock-festivals","category-sonstiges"],"_links":{"self":[{"href":"https:\/\/www.festivalhopper.de\/news\/wp-json\/wp\/v2\/posts\/88195","targetHints":{"allow":["GET"]}}],"collection":[{"href":"https:\/\/www.festivalhopper.de\/news\/wp-json\/wp\/v2\/posts"}],"about":[{"href":"https:\/\/www.festivalhopper.de\/news\/wp-json\/wp\/v2\/types\/post"}],"author":[{"embeddable":true,"href":"https:\/\/www.festivalhopper.de\/news\/wp-json\/wp\/v2\/users\/45"}],"replies":[{"embeddable":true,"href":"https:\/\/www.festivalhopper.de\/news\/wp-json\/wp\/v2\/comments?post=88195"}],"version-history":[{"count":0,"href":"https:\/\/www.festivalhopper.de\/news\/wp-json\/wp\/v2\/posts\/88195\/revisions"}],"wp:attachment":[{"href":"https:\/\/www.festivalhopper.de\/news\/wp-json\/wp\/v2\/media?parent=88195"}],"wp:term":[{"taxonomy":"category","embeddable":true,"href":"https:\/\/www.festivalhopper.de\/news\/wp-json\/wp\/v2\/categories?post=88195"},{"taxonomy":"post_tag","embeddable":true,"href":"https:\/\/www.festivalhopper.de\/news\/wp-json\/wp\/v2\/tags?post=88195"}],"curies":[{"name":"wp","href":"https:\/\/api.w.org\/{rel}","templated":true}]}}