{"id":87454,"date":"2013-09-10T19:08:17","date_gmt":"2013-09-10T17:08:17","guid":{"rendered":"http:\/\/www.festivalhopper.de\/news\/?p=87454"},"modified":"2026-02-06T00:48:02","modified_gmt":"2026-02-05T23:48:02","slug":"auf-den-daechern-festival-2013","status":"publish","type":"post","link":"https:\/\/www.festivalhopper.de\/news\/2013\/09\/10\/auf-den-daechern-festival-2013\/","title":{"rendered":"Auf den D\u00e4chern Festival 2013 &#8211; Sch\u00f6ner Blick \u00fcber Berlin inklusive"},"content":{"rendered":"<p><a href=\"https:\/\/www.festivalhopper.de\/news\/wp-content\/uploads\/2013\/09\/thees-uhlmann-addf-818.jpg\"><img loading=\"lazy\" decoding=\"async\" class=\"alignleft size-medium wp-image-97337\" src=\"https:\/\/www.festivalhopper.de\/news\/wp-content\/uploads\/2013\/09\/thees-uhlmann-addf-818-300x199.jpg\" alt=\"thees-uhlmann-addf-818\" width=\"300\" height=\"199\" srcset=\"https:\/\/www.festivalhopper.de\/news\/wp-content\/uploads\/2013\/09\/thees-uhlmann-addf-818-300x200.jpg 300w, https:\/\/www.festivalhopper.de\/news\/wp-content\/uploads\/2013\/09\/thees-uhlmann-addf-818.jpg 1024w\" sizes=\"auto, (max-width: 300px) 100vw, 300px\" \/><\/a>Gestern fand in Berlin ein ganz <strong>spezielles und einzigartiges Festival<\/strong> statt. Mit dem <a href=\"https:\/\/www.festivalhopper.de\/festival\/auf-den-daechern-festival-2013\"><strong>Auf den D\u00e4chern Festival 2013<\/strong><\/a> wurde quasi die Open Air Saison w\u00fcrdig geschlossen. <strong>Spiegel Online und tape.tv<\/strong> veranstalteten zusammen zum zweiten Mal dieses kleine und exklusive Event in luftigen H\u00f6hen.<\/p>\n<p>Nur wenige Fans hatten die M\u00f6glichkeit dabei zu sein. Alle Interessierten konnten sich f\u00fcr Tickets registrieren, aber nur wenige hatten das Gl\u00fcck, die <strong>streng limitierten Karten<\/strong> zu gewinnen.<\/p>\n<p><em> Bilder vom ADDF 2013 gibt es bei uns in der Galerie zu sehen &#8211; <a href=\"https:\/\/www.festivalhopper.de\/bilder\/auf-den-daechern-festival\">schaut mal hier vorbei<\/a>.<\/em><!--more--><\/p>\n<p><a href=\"https:\/\/www.festivalhopper.de\/news\/wp-content\/uploads\/2013\/09\/alligatoah-addf-715.jpg\"><img loading=\"lazy\" decoding=\"async\" class=\"alignright size-medium wp-image-97330\" src=\"https:\/\/www.festivalhopper.de\/news\/wp-content\/uploads\/2013\/09\/alligatoah-addf-715-300x200.jpg\" alt=\"alligatoah-addf-715\" width=\"300\" height=\"200\" srcset=\"https:\/\/www.festivalhopper.de\/news\/wp-content\/uploads\/2013\/09\/alligatoah-addf-715-300x200.jpg 300w, https:\/\/www.festivalhopper.de\/news\/wp-content\/uploads\/2013\/09\/alligatoah-addf-715.jpg 1024w\" sizes=\"auto, (max-width: 300px) 100vw, 300px\" \/><\/a>Das <strong>ADDF<\/strong> fand auf gleich <strong>zwei D\u00e4chern<\/strong> in zwei benachbarten Locations in Berlin statt. <strong>Dach 1<\/strong> befand sich im 1. OG auf einer sch\u00f6nen Holzterrasse im <strong>nhow Hotel<\/strong>. Das stylische und moderne Hotel verfolgt ein einzigartiges Konzept, das Musik und Hotelbusiness miteinander verbindet. Viele K\u00fcnstler \u00fcbernachten in dem Hotel und musizieren sogar im hauseigenen Tonstudio.<\/p>\n<p><strong><a href=\"https:\/\/www.festivalhopper.de\/news\/wp-content\/uploads\/2013\/09\/auf-den-daechern-578.jpg\"><img loading=\"lazy\" decoding=\"async\" class=\"alignleft size-medium wp-image-97331\" src=\"https:\/\/www.festivalhopper.de\/news\/wp-content\/uploads\/2013\/09\/auf-den-daechern-578-300x200.jpg\" alt=\"auf-den-daechern-578\" width=\"300\" height=\"200\" srcset=\"https:\/\/www.festivalhopper.de\/news\/wp-content\/uploads\/2013\/09\/auf-den-daechern-578-300x200.jpg 300w, https:\/\/www.festivalhopper.de\/news\/wp-content\/uploads\/2013\/09\/auf-den-daechern-578.jpg 1024w\" sizes=\"auto, (max-width: 300px) 100vw, 300px\" \/><\/a>Dach 2<\/strong> war im benachbarten Geb\u00e4ude gelegen. Dort hat <strong>Universal Music<\/strong> seinen Hauptsitz. Hier ging es mit dem Fahrstuhl etwas h\u00f6her hinaus als im nhow Hotel. Im <strong>achten Stock<\/strong> angekommen ging es hinaus auf die Dachterrasse und es bot sich ein <strong>beeindruckender Blick \u00fcber die ganze Hauptstadt<\/strong>. Das macht dieses Festival so besonders: Ein fantastisches Ambiente mit toller Musik.<\/p>\n<p><a href=\"https:\/\/www.festivalhopper.de\/news\/wp-content\/uploads\/2013\/09\/kakkmaddafakka-addf-594.jpg\"><img loading=\"lazy\" decoding=\"async\" class=\"alignright size-medium wp-image-97334\" src=\"https:\/\/www.festivalhopper.de\/news\/wp-content\/uploads\/2013\/09\/kakkmaddafakka-addf-594-300x200.jpg\" alt=\"kakkmaddafakka-addf-594\" width=\"300\" height=\"200\" srcset=\"https:\/\/www.festivalhopper.de\/news\/wp-content\/uploads\/2013\/09\/kakkmaddafakka-addf-594-300x200.jpg 300w, https:\/\/www.festivalhopper.de\/news\/wp-content\/uploads\/2013\/09\/kakkmaddafakka-addf-594.jpg 1024w\" sizes=\"auto, (max-width: 300px) 100vw, 300px\" \/><\/a>Insgesamt spielten neun Bands vor wenigen hundert Besuchern. <strong>Aus Norwegen reisten <a href=\"https:\/\/www.festivalhopper.de\/bands\/karten\/kakkmaddafakka.php\">Kakkmaddafakka<\/a> mit entspanntem Indie Rock an und hatten sichtlich Spa\u00df auf der B\u00fchne<\/strong>. Die Jungs sind wirklich gute Musiker und bilden eine tolle Live-Band. Dass Berlin eine der wenigen coolen Hauptst\u00e4dte ist, h\u00f6rte das Publikum sicherlich gerne. Mindestens genauso cool sind die Jungs aus Bergen.<\/p>\n<p><a href=\"https:\/\/www.festivalhopper.de\/news\/wp-content\/uploads\/2013\/09\/alligatoah-addf-693.jpg\"><img loading=\"lazy\" decoding=\"async\" class=\"alignleft size-medium wp-image-97329\" src=\"https:\/\/www.festivalhopper.de\/news\/wp-content\/uploads\/2013\/09\/alligatoah-addf-693-300x200.jpg\" alt=\"alligatoah-addf-693\" width=\"300\" height=\"200\" srcset=\"https:\/\/www.festivalhopper.de\/news\/wp-content\/uploads\/2013\/09\/alligatoah-addf-693-300x200.jpg 300w, https:\/\/www.festivalhopper.de\/news\/wp-content\/uploads\/2013\/09\/alligatoah-addf-693.jpg 1024w\" sizes=\"auto, (max-width: 300px) 100vw, 300px\" \/><\/a>Auf Dach 1 gab es unter anderem den Rapper <a href=\"https:\/\/www.festivalhopper.de\/bands\/karten\/alligatoah.php\">Alligatoah<\/a> live zu sehen. Mit Support-Rapper im Gep\u00e4ck spielte der <strong>junge Hip Hopper<\/strong> einige Songs aus seinem neuen Album <em>Triebwerke<\/em>. Dann ging es wieder r\u00fcber auf Dach 2, wo <a href=\"https:\/\/www.festivalhopper.de\/bands\/karten\/white-lies.php\">White Lies<\/a> einen sch\u00f6nen ruhigen Akustik-Sound zum Besten gaben. Jede Band musizierte leider nur <strong>wenige Lieder bzw. eine halbe Stunde<\/strong>. Alle Besucher h\u00e4tten sicher gerne mehr von ihnen geh\u00f6rt und gesehen, so aber blieb es abwechslungsreich<strong> &#8211; <\/strong>auch sch\u00f6n!<\/p>\n<p><a href=\"https:\/\/www.festivalhopper.de\/news\/wp-content\/uploads\/2013\/09\/thees-uhlmann-addf-798.jpg\"><img loading=\"lazy\" decoding=\"async\" class=\"alignright size-medium wp-image-97336\" src=\"https:\/\/www.festivalhopper.de\/news\/wp-content\/uploads\/2013\/09\/thees-uhlmann-addf-798-200x300.jpg\" alt=\"thees-uhlmann-addf-798\" width=\"200\" height=\"300\" srcset=\"https:\/\/www.festivalhopper.de\/news\/wp-content\/uploads\/2013\/09\/thees-uhlmann-addf-798-200x300.jpg 200w, https:\/\/www.festivalhopper.de\/news\/wp-content\/uploads\/2013\/09\/thees-uhlmann-addf-798.jpg 683w\" sizes=\"auto, (max-width: 200px) 100vw, 200px\" \/><\/a>Zum kr\u00f6nenden Abschluss gab <a href=\"https:\/\/www.festivalhopper.de\/bands\/karten\/thees-uhlmann.php\">Thees Uhlmann<\/a> mit Band auf dem Dach des nhow Hotels ein sch\u00f6nes musikalisches St\u00e4ndchen. Dieser Typ ist ein echter Musiker und Rocker der alten Schule. Ganz l\u00e4ssig und professionell spielte er eine gute halbe Stunde vor voller Terrasse.<\/p>\n<p><strong>Die Stimmung war klasse, das fand auch ein Hotelgast, welcher im Nebenhaus fast nackt in seinem Zimmer mittanzte. Herrlich! Das unterstrich nur zu gut die lockere Atmosph\u00e4re des ADDF 2013.<\/strong><\/p>\n<p>Wer nicht live dabei sein oder den <strong>Livestream<\/strong> mitverfolgen konnte, hat die M\u00f6glichkeit die Konzerte des ADDF 2013 bei tape.tv in der Mediathek in aller Ruhe zu sichten. Wir freuen uns schon auf das n\u00e4chste Jahr, wenn es wieder hei\u00dft: Willkommen Auf den D\u00e4chern Berlins!<\/p>\n<p><a href=\"https:\/\/www.festivalhopper.de\/news\/wp-content\/uploads\/2013\/09\/clair-addf-560.jpg\"><img loading=\"lazy\" decoding=\"async\" class=\"alignnone wp-image-97332\" src=\"https:\/\/www.festivalhopper.de\/news\/wp-content\/uploads\/2013\/09\/clair-addf-560-200x300.jpg\" alt=\"clair-addf-560\" width=\"171\" height=\"259\" \/><\/a> <a href=\"https:\/\/www.festivalhopper.de\/news\/wp-content\/uploads\/2013\/09\/clair-addf-568.jpg\"><img loading=\"lazy\" decoding=\"async\" class=\"alignnone wp-image-97333\" src=\"https:\/\/www.festivalhopper.de\/news\/wp-content\/uploads\/2013\/09\/clair-addf-568-199x300.jpg\" alt=\"clair-addf-568\" width=\"170\" height=\"258\" \/><\/a> <img loading=\"lazy\" decoding=\"async\" class=\"alignnone wp-image-87459\" src=\"https:\/\/www.festivalhopper.de\/news\/wp-content\/uploads\/2013\/09\/ADDF-2013-Logo-225x300.jpg\" alt=\"ADDF 2013 Logo\" width=\"193\" height=\"258\" \/><\/p>\n<p><a href=\"https:\/\/www.festivalhopper.de\/bilder\/auf-den-daechern-festival\">Hier geht es zu unseren Fotos vom &#8222;Auf den D\u00e4chern 2013&#8220;<\/a><\/p>\n<p><em>Das <a href=\"https:\/\/www.festivalhopper.de\/festival\/auf-den-daechern-festival-2014\">Auf den D\u00e4chern Festival 2014<\/a> wird am <strong>07.September<\/strong> auf einem Dach in <strong>Prenzlauer Berg<\/strong> stattfinden.<\/em><\/p>","protected":false},"excerpt":{"rendered":"<p>Gestern fand in Berlin ein ganz spezielles und einzigartiges Festival statt. Mit dem Auf den D\u00e4chern Festival 2013 wurde quasi die Open Air Saison w\u00fcrdig geschlossen. Spiegel Online und tape.tv veranstalteten zusammen zum zweiten Mal dieses kleine und exklusive Event in luftigen H\u00f6hen. Nur wenige Fans hatten die M\u00f6glichkeit dabei zu sein. Alle Interessierten konnten [&hellip;]<\/p>\n","protected":false},"author":373,"featured_media":87459,"comment_status":"open","ping_status":"open","sticky":false,"template":"","format":"standard","meta":{"footnotes":""},"categories":[35,2,619,137,6],"tags":[],"class_list":["post-87454","post","type-post","status-publish","format-standard","has-post-thumbnail","hentry","category-festivalberichte","category-festivalnews","category-festivals-2013","category-kleines-festival","category-rock-festivals"],"_links":{"self":[{"href":"https:\/\/www.festivalhopper.de\/news\/wp-json\/wp\/v2\/posts\/87454","targetHints":{"allow":["GET"]}}],"collection":[{"href":"https:\/\/www.festivalhopper.de\/news\/wp-json\/wp\/v2\/posts"}],"about":[{"href":"https:\/\/www.festivalhopper.de\/news\/wp-json\/wp\/v2\/types\/post"}],"author":[{"embeddable":true,"href":"https:\/\/www.festivalhopper.de\/news\/wp-json\/wp\/v2\/users\/373"}],"replies":[{"embeddable":true,"href":"https:\/\/www.festivalhopper.de\/news\/wp-json\/wp\/v2\/comments?post=87454"}],"version-history":[{"count":6,"href":"https:\/\/www.festivalhopper.de\/news\/wp-json\/wp\/v2\/posts\/87454\/revisions"}],"predecessor-version":[{"id":139462,"href":"https:\/\/www.festivalhopper.de\/news\/wp-json\/wp\/v2\/posts\/87454\/revisions\/139462"}],"wp:featuredmedia":[{"embeddable":true,"href":"https:\/\/www.festivalhopper.de\/news\/wp-json\/wp\/v2\/media\/87459"}],"wp:attachment":[{"href":"https:\/\/www.festivalhopper.de\/news\/wp-json\/wp\/v2\/media?parent=87454"}],"wp:term":[{"taxonomy":"category","embeddable":true,"href":"https:\/\/www.festivalhopper.de\/news\/wp-json\/wp\/v2\/categories?post=87454"},{"taxonomy":"post_tag","embeddable":true,"href":"https:\/\/www.festivalhopper.de\/news\/wp-json\/wp\/v2\/tags?post=87454"}],"curies":[{"name":"wp","href":"https:\/\/api.w.org\/{rel}","templated":true}]}}