{"id":86606,"date":"2013-08-27T16:01:54","date_gmt":"2013-08-27T14:01:54","guid":{"rendered":"http:\/\/www.festivalhopper.de\/news\/?p=86606"},"modified":"2026-02-06T10:28:31","modified_gmt":"2026-02-06T09:28:31","slug":"berlin-music-week-2013-programm","status":"publish","type":"post","link":"https:\/\/www.festivalhopper.de\/news\/2013\/08\/27\/berlin-music-week-2013-programm\/","title":{"rendered":"Berlin Music Week 2013: Die Programm-Highlights"},"content":{"rendered":"<p><a href=\"https:\/\/www.festivalhopper.de\/news\/wp-content\/uploads\/2013\/08\/bmw2013_header_sound2.png\"><img loading=\"lazy\" decoding=\"async\" class=\"alignleft size-medium wp-image-86612\" src=\"https:\/\/www.festivalhopper.de\/news\/wp-content\/uploads\/2013\/08\/bmw2013_header_sound2-300x125.png\" alt=\"bmw2013_header_sound2\" width=\"300\" height=\"125\" srcset=\"https:\/\/www.festivalhopper.de\/news\/wp-content\/uploads\/2013\/08\/bmw2013_header_sound2-300x125.png 300w, https:\/\/www.festivalhopper.de\/news\/wp-content\/uploads\/2013\/08\/bmw2013_header_sound2.png 600w\" sizes=\"auto, (max-width: 300px) 100vw, 300px\" \/><\/a>Noch eine Woche, dann sprudelt in Berlin wieder der Musikbrunnen der Nation und aus ihm eine hoffentlich gro\u00dfe Zahl neuer musikalischer Talente. Vom <strong>4. bis 8. September<\/strong> trommelt die <a href=\"https:\/\/www.festivalhopper.de\/festival\/berlin-music-week-2013\" target=\"_blank\" rel=\"noopener\">Berlin Music Week 2013<\/a> die Musikindustrie zusammen, l\u00e4dt zum Diskurs sowie zum Entdecken und Lobpreisen neuer K\u00fcnstler ein. Wir stellen das Programm vor.<!--more--><\/p>\n<p><span style=\"text-decoration: underline;\">WORD! Konferenz + VUT Indie Days<\/span><\/p>\n<p><a href=\"https:\/\/www.festivalhopper.de\/news\/wp-content\/uploads\/2013\/08\/BMW-word-konferenz-icon.jpg\"><img loading=\"lazy\" decoding=\"async\" class=\"alignright size-full wp-image-86699\" src=\"https:\/\/www.festivalhopper.de\/news\/wp-content\/uploads\/2013\/08\/BMW-word-konferenz-icon.jpg\" alt=\"BMW word! konferenz icon\" width=\"160\" height=\"160\" srcset=\"https:\/\/www.festivalhopper.de\/news\/wp-content\/uploads\/2013\/08\/BMW-word-konferenz-icon.jpg 160w, https:\/\/www.festivalhopper.de\/news\/wp-content\/uploads\/2013\/08\/BMW-word-konferenz-icon-150x150.jpg 150w\" sizes=\"auto, (max-width: 160px) 100vw, 160px\" \/><\/a>Die Plattform f\u00fcr die Branche, Musikfans und alle Interessierten. Am <strong>5. und 6. September<\/strong> geben sich eine Menge interessanter Redner zu brandaktuellen Themen das Mikro in die Hand. <strong>Die Themenvielfalt ist gro\u00df, spricht nicht nur Promoter, Booker und Marketing-Strategen, sondern die K\u00fcnstler und Musikmacher selbst an<\/strong>. Dabei werden auch ganz essentielle Fragen gekl\u00e4rt: Wie erstelle ich ein Musikvideo, wie bringe ich meine Musik zu den H\u00f6rern und welche Social Media Plattformen sind f\u00fcr mich f\u00fcr mich die richtigen? Dar\u00fcber hinaus bildet &#8222;Technologie und Musik&#8220; einen Schwerpunkt.<br \/>\nDas Konferenzprogramm des <strong>Verbands unabh\u00e4ngiger Musikunternehmen<\/strong> (VUT Indie Days) <strong>repr\u00e4sentiert daneben vor allem die Perspektive mittlerer und kleinerer Musikunternehmen<\/strong> mit Vortr\u00e4gen wie bspw. &#8218;Digitale Distribution und Promotion f\u00fcr Independent-K\u00fcnstler und -Labels&#8216;.<\/p>\n<p>Hier ist die komplette Programm\u00fcbersicht.<\/p>\n<p><span style=\"line-height: 12px; text-decoration: underline;\">First We Take Berlin Festival<\/span><\/p>\n<p><a href=\"https:\/\/www.festivalhopper.de\/news\/wp-content\/uploads\/2013\/08\/Sohn-BMW-pressebild.jpg\"><img loading=\"lazy\" decoding=\"async\" class=\"alignright size-medium wp-image-86613\" src=\"https:\/\/www.festivalhopper.de\/news\/wp-content\/uploads\/2013\/08\/Sohn-BMW-pressebild-300x200.jpg\" alt=\"S O H N\" width=\"300\" height=\"200\" srcset=\"https:\/\/www.festivalhopper.de\/news\/wp-content\/uploads\/2013\/08\/Sohn-BMW-pressebild-300x200.jpg 300w, https:\/\/www.festivalhopper.de\/news\/wp-content\/uploads\/2013\/08\/Sohn-BMW-pressebild.jpg 1024w\" sizes=\"auto, (max-width: 300px) 100vw, 300px\" \/><\/a>Am <strong>4. und 5. September<\/strong> hei\u00dft es <em>Showdown for the Showcases<\/em>! Mit dem neuen Festival im Rahmen der BMW 2013 werden an 2 Tagen 80 Acts in 10 Veranstaltungsorten <a href=\"http:\/\/www.firstwetakeberlin.de\/tickets.html\" target=\"_blank\" rel=\"noopener\">f\u00fcr nur 15 Euro<\/a> geboten (f\u00fcr Berlin Festival Ticketinhaber gratis)! Nachdem in den letzten Wochen bereits K\u00fcnstler wie <b><a href=\"https:\/\/www.festivalhopper.de\/bands\/karten\/sohn.php\" target=\"_blank\" rel=\"noopener\">S O H N<\/a><\/b>, <a href=\"https:\/\/www.festivalhopper.de\/bands\/karten\/die-orsons.php\" target=\"_blank\" rel=\"noopener\"><b>Die Orsons<\/b><\/a>, <a href=\"https:\/\/www.festivalhopper.de\/bands\/karten\/babylon-circus.php\" target=\"_blank\" rel=\"noopener\"><b>Babylon Circus<\/b><\/a>, <b>NYPC<\/b>, <a href=\"https:\/\/www.festivalhopper.de\/bands\/karten\/fenech-soler.php\" target=\"_blank\" rel=\"noopener\"><b>Fenech-Soler<\/b><\/a> und <a href=\"https:\/\/www.festivalhopper.de\/bands\/karten\/london-grammar.php\" target=\"_blank\" rel=\"noopener\"><b>London Grammar<\/b><\/a> bekanntgegeben worden sind, ist das Line-Up mit <a href=\"https:\/\/www.festivalhopper.de\/news\/wp-content\/uploads\/2013\/08\/London_Grammar-BMW-pressebild.jpg\"><img loading=\"lazy\" decoding=\"async\" class=\"alignright size-medium wp-image-86614\" src=\"https:\/\/www.festivalhopper.de\/news\/wp-content\/uploads\/2013\/08\/London_Grammar-BMW-pressebild-300x199.jpg\" alt=\"London_Grammar BMW pressebild\" width=\"300\" height=\"199\" srcset=\"https:\/\/www.festivalhopper.de\/news\/wp-content\/uploads\/2013\/08\/London_Grammar-BMW-pressebild-300x199.jpg 300w, https:\/\/www.festivalhopper.de\/news\/wp-content\/uploads\/2013\/08\/London_Grammar-BMW-pressebild.jpg 1024w\" sizes=\"auto, (max-width: 300px) 100vw, 300px\" \/><\/a>einigen letzten Best\u00e4tigungen wie <b><a href=\"https:\/\/www.festivalhopper.de\/bands\/karten\/balthazar.php\" target=\"_blank\" rel=\"noopener\">Balthazar<\/a> <\/b>nun komplett.<\/p>\n<p><strong>Showcases &amp; Label Specials gibt es unter anderem<\/strong>: von den Dorfjungs, vom Splash!Mag, vom englischen Showcase-Event The Great Escape, von der kanadischen Music Week und von Noisey. Die Running Order zu den jeweiligen Locations <a href=\"http:\/\/www.firstwetakeberlin.de\/acts\/running-order.html\" target=\"_blank\" rel=\"noopener\">gibt es hier<\/a>. Und mit dem Lageplan geht keiner verloren.<\/p>\n<p>&nbsp;<\/p>\n<p><span style=\"text-decoration: underline;\"><a href=\"https:\/\/www.festivalhopper.de\/news\/wp-content\/uploads\/2013\/08\/bmw2013-berlin-music-award.png\"><img loading=\"lazy\" decoding=\"async\" class=\"alignleft size-full wp-image-86696\" src=\"https:\/\/www.festivalhopper.de\/news\/wp-content\/uploads\/2013\/08\/bmw2013-berlin-music-award.png\" alt=\"bmw2013 berlin music award\" width=\"160\" height=\"160\" srcset=\"https:\/\/www.festivalhopper.de\/news\/wp-content\/uploads\/2013\/08\/bmw2013-berlin-music-award.png 160w, https:\/\/www.festivalhopper.de\/news\/wp-content\/uploads\/2013\/08\/bmw2013-berlin-music-award-150x150.png 150w\" sizes=\"auto, (max-width: 160px) 100vw, 160px\" \/><\/a>Berlin Music Award<\/span><\/p>\n<p>Berliner Pilsner sucht im Rahmen der BMW 2013 zum zweiten Mal die beste Musik Berlins und vergibt dazu <strong>am 4.9. im Postbahnhof<\/strong> beim Finale den <strong>Berlin Music Award<\/strong>. F\u00fcr die drei talentierten Newcomer Acts <a href=\"https:\/\/www.festivalhopper.de\/bands\/karten\/otto-normal.php\" target=\"_blank\" rel=\"noopener\">Otto Normal<\/a>, <a href=\"https:\/\/www.festivalhopper.de\/bands\/karten\/charity-children.php\" target=\"_blank\" rel=\"noopener\">Charity Children<\/a> und <strong>YeoMen<\/strong> geht es um die Wurst. Musikalisch untermalt wird das Ganze vom Vorjahresgewinner <a href=\"https:\/\/www.festivalhopper.de\/bands\/karten\/basement-funk-orchestra.php\" target=\"_blank\" rel=\"noopener\">Basement Funk Orchestra<\/a> und <a href=\"https:\/\/www.festivalhopper.de\/bands\/karten\/mc-fitti.php\" target=\"_blank\" rel=\"noopener\">MC Fitti<\/a> als Special Guest.<\/p>\n<p><span style=\"text-decoration: underline;\">Off Berlin Music Week<\/span><\/p>\n<p>Nicht direkt Teil der Berlin Music Week, sondern abrundendes Rahmenprogramm sind beispielsweise diese Events hier:<\/p>\n<ul>\n<li>Ab 19 Uhr finden am 4. und 5.9. <strong>Wohnzimmer-Konzerte in Kreuzberger Appartments<\/strong> statt, der Platz ist jedoch begrenzt. Wer hin m\u00f6chte, muss sich anmelden und den Ort mit einer eMail an: <em>berlinsofasalon@googlemail.com<\/em> erfragen<\/li>\n<\/ul>\n<ul>\n<li><strong>musikalische Kostproben aus Skandinavien<\/strong> gibt es am 4., 5. und 6.9. im <em>Our\/Berlin Vodka<\/em> neben dem Badeschiff von insgesamt 15 Live Acts immer von 14 bis 20 Uhr &#8211; ohne Anmeldung und kostenlos!<\/li>\n<\/ul>\n<ul>\n<li>Schlie\u00dflich m\u00f6chte der <em>Klub International<\/em> alles in <strong>EINKLANG<\/strong> bringen: am 6.9. werden <strong>Tango, Swing, Disko, Electro, Minimal, House und Techno<\/strong> auf 3 Floors fusionieren. Licht, Raum und Klang werden in der Panoramabar unter Begleitung eines sensationellen Musikcocktails verschmelzen.<\/li>\n<\/ul>\n<ul>\n<li><strong>Vagabond-Festival<\/strong>: Hier triffst du mit <strong>CURRAO<\/strong>, <a href=\"https:\/\/www.festivalhopper.de\/bands\/karten\/antoine-villoutreix.php\" target=\"_blank\" rel=\"noopener\">Antoine Villoutreix<\/a> und <strong>Askehoug<\/strong> auf K\u00fcnstler, die dem &#8222;Schmelztiegel urbaner Grooves Berlins und mediterranen Einfl\u00fcssen&#8220; entsteigen und f\u00fcr Gleichgesinnte eine Anlaufstelle zum Networking bieten. Am <strong>6. September ab 21 Uhr<\/strong> im <em>Badehaus Szimpla<\/em>.<\/li>\n<\/ul>\n<ul>\n<li>Mit <em>Radio Fritz<\/em> in einem Tourbus 2 Stunden durch Berlin cruisen und die Rock-, Pop- und Clubgeschichte der Stadt erkunden? <strong>Fritz Musictours Berlin<\/strong> macht&#8217;s m\u00f6glich. <strong>Vom 4. bis 7. gibt es je eine Tour am Tag, zwei davon in englischer Sprache<\/strong>. Kostenpunkt: 25 Euro pro Person.<\/li>\n<\/ul>\n<p><span style=\"text-decoration: underline;\">Rubys Friday<\/span><\/p>\n<p>Auch Brandenburg wird seinen Teil zur Berlin Music Week beitragen. Die Macher der Club-Reihe <em>Ruby&#8217;s Tuesday<\/em> pr\u00e4sentieren im Rahmen der BMW 2013 <strong>sechs brandenburgische Newcomer<\/strong>. Das Event findet <strong>am 6.9. um 20:00 im Postbahnhof<\/strong> statt. Mit dabei sind u.a. <strong>Fosbory Flop<\/strong>, <strong>Blues Baby Blues<\/strong> und <strong>La Marche<\/strong>.<\/p>\n<p><span style=\"text-decoration: underline;\">VUT Indie Awards<\/span><\/p>\n<p>Auf der BMW 2013 wird am <strong>6. September<\/strong> au\u00dferdem <strong><em>der<\/em> deutsche Indie Musikpreis<\/strong> \u00fcberhaupt geboren und vergeben. Laut dem Verband unabh\u00e4ngiger Musikunternehmen ist dies <em>&#8222;ein Preis f\u00fcr Gro\u00dfartigkeit in sechs Kategorien&#8220;<\/em>. Kreativ, innovativ und originell &#8211; und damit nicht zwingend radiotauglich und popul\u00e4r &#8211; muss die Musik sein. Pr\u00e4miert werden u.a. die Kategorien <strong>Bestes Experiment<\/strong>, <strong>Bestes Label<\/strong> und <strong>Bester Newcomer<\/strong>. Eine \u00dcbersicht der Preisanw\u00e4rter seht ihr hier.<\/p>\n<p><a href=\"https:\/\/www.festivalhopper.de\/news\/wp-content\/uploads\/2013\/08\/VUT-indie-awards-shortlist-labels.jpg\"><img loading=\"lazy\" decoding=\"async\" class=\"alignnone wp-image-86628\" src=\"https:\/\/www.festivalhopper.de\/news\/wp-content\/uploads\/2013\/08\/VUT-indie-awards-shortlist-labels.jpg\" alt=\"VUT indie awards shortlist labels\" width=\"536\" height=\"139\" srcset=\"https:\/\/www.festivalhopper.de\/news\/wp-content\/uploads\/2013\/08\/VUT-indie-awards-shortlist-labels.jpg 850w, https:\/\/www.festivalhopper.de\/news\/wp-content\/uploads\/2013\/08\/VUT-indie-awards-shortlist-labels-300x77.jpg 300w\" sizes=\"auto, (max-width: 536px) 100vw, 536px\" \/><\/a><\/p>\n<p><span style=\"text-decoration: underline;\">Berlin Festival<\/span><\/p>\n<p><a href=\"https:\/\/www.festivalhopper.de\/news\/wp-content\/uploads\/2013\/08\/berlin-festival-2013-icon.jpg\"><img loading=\"lazy\" decoding=\"async\" class=\"alignleft size-full wp-image-86631\" src=\"https:\/\/www.festivalhopper.de\/news\/wp-content\/uploads\/2013\/08\/berlin-festival-2013-icon.jpg\" alt=\"berlin festival 2013 icon\" width=\"160\" height=\"160\" srcset=\"https:\/\/www.festivalhopper.de\/news\/wp-content\/uploads\/2013\/08\/berlin-festival-2013-icon.jpg 160w, https:\/\/www.festivalhopper.de\/news\/wp-content\/uploads\/2013\/08\/berlin-festival-2013-icon-150x150.jpg 150w\" sizes=\"auto, (max-width: 160px) 100vw, 160px\" \/><\/a>Das gro\u00dfe und bekannte fast-Abschlussevent der Berlin Music Week mit zwei vollgepackten Tagen Festivalvergn\u00fcgen auf dem alten <em>Tempelhofer Flughafen<\/em>. <strong>Am 7. und 8. September<\/strong> werden in diesem Jahr <a href=\"https:\/\/www.festivalhopper.de\/bands\/karten\/bjoerk.php\" target=\"_blank\" rel=\"noopener\">Bj\u00f6rk<\/a>, die <a href=\"https:\/\/www.festivalhopper.de\/bands\/karten\/pet-shop-boys.php\" target=\"_blank\" rel=\"noopener\">Pet Shop Boys<\/a>, <a href=\"https:\/\/www.festivalhopper.de\/bands\/karten\/ellie-goulding.php\" target=\"_blank\" rel=\"noopener\">Ellie Goulding<\/a>, <a href=\"https:\/\/www.festivalhopper.de\/bands\/karten\/my-bloody-valentine.php\" target=\"_blank\" rel=\"noopener\">My Bloody Valentine<\/a>, <a href=\"https:\/\/www.festivalhopper.de\/bands\/karten\/fritz-kalkbrenner.php\" target=\"_blank\" rel=\"noopener\">Fritz Kalkbrenner<\/a> und andere liebgewonnene Konsorten des Musikgeschehens das Tempelhofer Feld beschallen. In der <em>Arena Berlin<\/em> geht es ab 23 Uhr weiter mit <a href=\"https:\/\/www.festivalhopper.de\/bands\/karten\/justice.php\" target=\"_blank\" rel=\"noopener\">Justice<\/a>, <a href=\"https:\/\/www.festivalhopper.de\/bands\/karten\/boys-noize.php\" target=\"_blank\" rel=\"noopener\">Boys Noize<\/a>, <a href=\"https:\/\/www.festivalhopper.de\/bands\/karten\/roeyksopp.php\" target=\"_blank\" rel=\"noopener\">R\u00f6yksopp <\/a>&amp; Friends. Wer durch die Nacht tanzen m\u00f6chte, zahlt f\u00fcr ein Kombiticket 99 Euro. Erh\u00e4ltlich sind daneben aber auch Tagestickets.<\/p>\n<p><span style=\"text-decoration: underline;\">New Music Award<\/span><\/p>\n<p><a href=\"https:\/\/www.festivalhopper.de\/news\/wp-content\/uploads\/2013\/08\/new_music_award_logo_2010_512_218.jpg\"><img loading=\"lazy\" decoding=\"async\" class=\"alignright size-medium wp-image-86626\" src=\"https:\/\/www.festivalhopper.de\/news\/wp-content\/uploads\/2013\/08\/new_music_award_logo_2010_512_218-300x127.jpg\" alt=\"new_music_award_logo_2010_512_218\" width=\"300\" height=\"127\" srcset=\"https:\/\/www.festivalhopper.de\/news\/wp-content\/uploads\/2013\/08\/new_music_award_logo_2010_512_218-300x127.jpg 300w, https:\/\/www.festivalhopper.de\/news\/wp-content\/uploads\/2013\/08\/new_music_award_logo_2010_512_218.jpg 512w\" sizes=\"auto, (max-width: 300px) 100vw, 300px\" \/><\/a>Der<strong> Musikpreis, der von den Rundfunksendern um das ARD zum sechsten Mal vergeben wird<\/strong>, bringt auch in diesem Jahr wieder junge Musiker Deutschlands zusammen. Das Finale und damit der offizielle Abschluss der BMW 2013 steigt im feierlichen Ambiente des <strong>Admiralspalast<\/strong> am Sonntag, den <strong>8. September<\/strong>. Neben dem Berliner Finalisten <a href=\"https:\/\/www.festivalhopper.de\/bands\/karten\/ahzumjot.php\" target=\"_blank\" rel=\"noopener\">Ahzumjot<\/a>, werden acht weitere Bands ihr preisverd\u00e4chtiges K\u00f6nnen unter Beweis stellen.<\/p>\n<p><span style=\"text-decoration: underline;\">Auf-Den-D\u00e4chern Festival 2013<\/span><\/p>\n<p>Den etwas kleineren und inoffziellen Abschluss einer Woche gro\u00dfer T\u00f6ner bildet das musikalische Beisammensein auf den D\u00e4chern von Berlin: das ADD Festival. Bei Panoramablick besingen hier u.a. <a href=\"https:\/\/www.festivalhopper.de\/bands\/karten\/thees-uhlmann.php\" target=\"_blank\" rel=\"noopener\">Thees Uhlmann<\/a>, <a href=\"https:\/\/www.festivalhopper.de\/bands\/karten\/kakkmaddafakka.php\" target=\"_blank\" rel=\"noopener\">Kakkmaddafakka <\/a>und <a href=\"https:\/\/www.festivalhopper.de\/bands\/karten\/is-tropical.php\" target=\"_blank\" rel=\"noopener\">Is Tropical<\/a> 800 Musikfreunde unter dem Himmelsdach. Veranstaltet wird es von <em>tape.tv<\/em> und <em>Spiegel Online. <\/em>Wer kein Ticket gewinnen kann, dem bleibt nat\u00fcrlich noch der Live-Stream ab 15 Uhr im Web. <a href=\"http:\/\/www.spiegel.de\/kultur\/musik\/add-auf-den-daechern-festival-2013-a-916142.html\" target=\"_blank\" rel=\"noopener\">Weitere Infos hier<\/a>.<\/p>\n<p>Alle Infos zu den Ticket-Optionen finden sich hier. Studenten sind mit 30 Euro dabei und haben dann Zugang zur WORD! Konferenz und den VUT Indie Days, dem First We Take Berlin Festival und dem New Music Award als offizielles Abschlussevent.<\/p>\n<p>Wir w\u00fcnschen allen Musik Nerds und Fans viel Spa\u00df auf der <a href=\"http:\/\/www.berlin-music-week.de\/de\/\" target=\"_blank\" rel=\"noopener\">BMW 2013<\/a>.<br \/>\nWer keine Zeit hat, kann sich zur\u00fccklehnen: Wir werden in jedem Falle von den Festivals berichten.<\/p>","protected":false},"excerpt":{"rendered":"<p>Noch eine Woche, dann sprudelt in Berlin wieder der Musikbrunnen der Nation und aus ihm eine hoffentlich gro\u00dfe Zahl neuer musikalischer Talente. Vom 4. bis 8. September trommelt die Berlin Music Week 2013 die Musikindustrie zusammen, l\u00e4dt zum Diskurs sowie zum Entdecken und Lobpreisen neuer K\u00fcnstler ein. Wir stellen das Programm vor.<\/p>\n","protected":false},"author":397,"featured_media":0,"comment_status":"open","ping_status":"open","sticky":false,"template":"","format":"standard","meta":{"footnotes":""},"categories":[2,619,42,15,41,945],"tags":[],"class_list":["post-86606","post","type-post","status-publish","format-standard","hentry","category-festivalnews","category-festivals-2013","category-indie-festivals","category-indoor-festivals","category-nachwuchsbands","category-showcase-festivals"],"_links":{"self":[{"href":"https:\/\/www.festivalhopper.de\/news\/wp-json\/wp\/v2\/posts\/86606","targetHints":{"allow":["GET"]}}],"collection":[{"href":"https:\/\/www.festivalhopper.de\/news\/wp-json\/wp\/v2\/posts"}],"about":[{"href":"https:\/\/www.festivalhopper.de\/news\/wp-json\/wp\/v2\/types\/post"}],"author":[{"embeddable":true,"href":"https:\/\/www.festivalhopper.de\/news\/wp-json\/wp\/v2\/users\/397"}],"replies":[{"embeddable":true,"href":"https:\/\/www.festivalhopper.de\/news\/wp-json\/wp\/v2\/comments?post=86606"}],"version-history":[{"count":5,"href":"https:\/\/www.festivalhopper.de\/news\/wp-json\/wp\/v2\/posts\/86606\/revisions"}],"predecessor-version":[{"id":144567,"href":"https:\/\/www.festivalhopper.de\/news\/wp-json\/wp\/v2\/posts\/86606\/revisions\/144567"}],"wp:attachment":[{"href":"https:\/\/www.festivalhopper.de\/news\/wp-json\/wp\/v2\/media?parent=86606"}],"wp:term":[{"taxonomy":"category","embeddable":true,"href":"https:\/\/www.festivalhopper.de\/news\/wp-json\/wp\/v2\/categories?post=86606"},{"taxonomy":"post_tag","embeddable":true,"href":"https:\/\/www.festivalhopper.de\/news\/wp-json\/wp\/v2\/tags?post=86606"}],"curies":[{"name":"wp","href":"https:\/\/api.w.org\/{rel}","templated":true}]}}