{"id":84124,"date":"2013-07-17T13:48:01","date_gmt":"2013-07-17T11:48:01","guid":{"rendered":"http:\/\/www.festivalhopper.de\/news\/?p=84124"},"modified":"2013-07-17T14:23:30","modified_gmt":"2013-07-17T12:23:30","slug":"max-herre-sagt-das-fest-ab-gentleman-springt-ein","status":"publish","type":"post","link":"https:\/\/www.festivalhopper.de\/news\/2013\/07\/17\/max-herre-sagt-das-fest-ab-gentleman-springt-ein\/","title":{"rendered":"Max Herre sagt DAS FEST ab, Gentleman springt ein!"},"content":{"rendered":"<p><a href=\"https:\/\/www.festivalhopper.de\/news\/wp-content\/uploads\/2010\/06\/gentleman3-1.jpg\"><img loading=\"lazy\" decoding=\"async\" class=\"alignleft size-medium wp-image-28081\" alt=\"gentleman3-1\" src=\"https:\/\/www.festivalhopper.de\/news\/wp-content\/uploads\/2010\/06\/gentleman3-1-300x200.jpg\" width=\"300\" height=\"200\" srcset=\"https:\/\/www.festivalhopper.de\/news\/wp-content\/uploads\/2010\/06\/gentleman3-1-300x200.jpg 300w, https:\/\/www.festivalhopper.de\/news\/wp-content\/uploads\/2010\/06\/gentleman3-1.jpg 900w\" sizes=\"auto, (max-width: 300px) 100vw, 300px\" \/><\/a>&#8222;Aus pers\u00f6nlichen Gr\u00fcnden&#8220; sagt <strong>Max Herre<\/strong> sein Konzert bei <a title=\"DAS FEST Karlsruhe 2013\" href=\"https:\/\/www.festivalhopper.de\/festival\/das-fest-karlsruhe-2013\">DAS FEST Karlsruhe 2013<\/a> [<a href=\"https:\/\/www.festivalhopper.de\/tickets-bestellen\/das-fest-karlsruhe.html\">Tickets<\/a>] ab.<\/p>\n<p>Das <strong>Trostpflaster<\/strong> ist schnell geklebt, denn kein geringerer als der gro\u00dfartige <a title=\"Gentleman\" href=\"https:\/\/www.festivalhopper.de\/bands\/karten\/gentleman.php\">Gentleman<\/a> springt f\u00fcr seinen langj\u00e4hrigen Weggef\u00e4hrten aus Freundeskreis-Allstars Zeiten ein. Obwohl <strong>Gentleman<\/strong> locker das Festival als <strong>Headliner<\/strong> bestreiten k\u00f6nnte, freut er sich ebenso auf den <strong>19Uhr Slot <\/strong>am<strong> Sonntag<\/strong>!<\/p>\n<p><!--more--><a href=\"https:\/\/www.festivalhopper.de\/news\/wp-content\/uploads\/2012\/07\/tff-2012l-gentleman-42.jpg\"><img loading=\"lazy\" decoding=\"async\" class=\"alignright size-medium wp-image-66365\" alt=\"tff-2012l--gentleman--42\" src=\"https:\/\/www.festivalhopper.de\/news\/wp-content\/uploads\/2012\/07\/tff-2012l-gentleman-42-274x300.jpg\" width=\"274\" height=\"300\" srcset=\"https:\/\/www.festivalhopper.de\/news\/wp-content\/uploads\/2012\/07\/tff-2012l-gentleman-42-274x300.jpg 274w, https:\/\/www.festivalhopper.de\/news\/wp-content\/uploads\/2012\/07\/tff-2012l-gentleman-42-936x1024.jpg 936w, https:\/\/www.festivalhopper.de\/news\/wp-content\/uploads\/2012\/07\/tff-2012l-gentleman-42.jpg 958w\" sizes=\"auto, (max-width: 274px) 100vw, 274px\" \/><\/a><\/p>\n<blockquote><p><em> &#8222;Ich habe <strong>DAS FEST<\/strong> als eines der sch\u00f6nsten Festivals Deutschlands in Erinnerung und freue mich wieder auf den Berg voller Menschen zu schauen und Musik machen zu d\u00fcrfen&#8220;<\/em>, so Gentleman in seiner Gru\u00df-E-Mail.<\/p><\/blockquote>\n<p>Um unbedingt in <strong>Karlruhe<\/strong> spielen zu k\u00f6nnen, reist <strong>Gentleman<\/strong> im Rahmen eines Tour-Einschubs eigens <strong>12 Stunden aus Frankreich<\/strong> an.<\/p>\n<p><em><strong>Entgegen der Fehlinformation aus dem DAS FEST Newsletter sagt Max Herre nur seinen Auftritt bei DAS FEST ab. Es sind keine weiteren Termine betroffen.<\/strong><\/em><\/p>\n<p>&nbsp;<\/p>\n<p><strong><a href=\"https:\/\/www.festivalhopper.de\/news\/wp-content\/uploads\/2013\/04\/max-herre_pressepic.jpg\"><img loading=\"lazy\" decoding=\"async\" class=\"size-medium wp-image-77681 alignleft\" alt=\"max herre_pressepic\" src=\"https:\/\/www.festivalhopper.de\/news\/wp-content\/uploads\/2013\/04\/max-herre_pressepic-300x199.jpg\" width=\"300\" height=\"199\" srcset=\"https:\/\/www.festivalhopper.de\/news\/wp-content\/uploads\/2013\/04\/max-herre_pressepic-300x199.jpg 300w, https:\/\/www.festivalhopper.de\/news\/wp-content\/uploads\/2013\/04\/max-herre_pressepic.jpg 700w\" sizes=\"auto, (max-width: 300px) 100vw, 300px\" \/><\/a><\/strong><\/p>\n<p><em>&#8222;Ich bin sehr traurig dar\u00fcber, meinen Auftritt auf dem \u201eFest\u201c so kurzfristig aus wichtigen privaten Gr\u00fcnden absagen zu m\u00fcssen. Es war mir pers\u00f6nlich ein gro\u00dfer Wunsch, diesen Sommer in Karlsruhe dabei zu sein und mit allen Besuchern, Freunden und Fans zu feiern.&#8220;<\/em><\/p>\n<p><strong>Max Herre<\/strong> ist sich zudem -genau wie wir- sicher, dass <strong>Gentleman<\/strong> schon f\u00fcr einen ganz tollen Abend sorgen wird! <strong>Gentleman<\/strong> hat im Fr\u00fchjahr ein neues Album mit dem Titel: &#8222;<strong>New Day Dawn<\/strong>&#8220; heraus gebracht &#8211; <strong>Roots-Reggae, Dancehall, Pop<\/strong> und <strong>HipHop<\/strong> hat er im Gep\u00e4ck! Das zuf\u00e4llige Timing k\u00f6nnte dabei nicht besser sein, p\u00fcnktlich zu Festivalbeginn am Freitag erscheint seine <strong>zweite Single-Auskopplung<\/strong>: &#8222;<strong>In my Arms<\/strong>&#8222;.<\/p>\n<p><a href=\"https:\/\/www.festivalhopper.de\/news\/wp-content\/uploads\/2012\/07\/dasfest_logo-150x150.jpg\"><img loading=\"lazy\" decoding=\"async\" class=\"alignright size-full wp-image-66420\" alt=\"dasfest_logo-150x150\" src=\"https:\/\/www.festivalhopper.de\/news\/wp-content\/uploads\/2012\/07\/dasfest_logo-150x150.jpg\" width=\"150\" height=\"150\" \/><\/a>Der <a href=\"https:\/\/www.festivalhopper.de\/tickets-bestellen\/das-fest-karlsruhe.html\"><strong>Vorverkauf<\/strong><\/a> f\u00fcr <strong>DAS FEST<\/strong> l\u00e4uft derweil aller bestens! Bereits <strong>131.000 Tickets<\/strong> wurden insgesamt verkauft. <strong>Restlos ausverkauft sind Festival-Freitag und Samstag<\/strong>. F\u00fcr den <strong>Sonntag<\/strong> sind noch <a href=\"https:\/\/www.festivalhopper.de\/tickets-bestellen\/das-fest-karlsruhe.html\"><strong>4.000 Restkarten<\/strong><\/a> erh\u00e4ltlich.<\/p>\n<p>\u00dcber 12.000 G\u00e4ste lauschten bisher den Kl\u00e4ngen der lokalen Bands an der <strong>Caf\u00e9b\u00fchne<\/strong>. Bei Anhalten der prognostizierten guten Witterung rechnet DAS FEST mit weiteren 5.000 Besuchern heute und am morgigen Donnerstag.<\/p>\n<p><a href=\"https:\/\/www.festivalhopper.de\/news\/wp-content\/uploads\/2012\/07\/pressebild_dasfest2012_foto_fabry.jpg\"><img loading=\"lazy\" decoding=\"async\" class=\"size-medium wp-image-66423 alignleft\" alt=\"pressebild_dasfest2012_foto_fabry\" src=\"https:\/\/www.festivalhopper.de\/news\/wp-content\/uploads\/2012\/07\/pressebild_dasfest2012_foto_fabry-300x147.jpg\" width=\"300\" height=\"147\" srcset=\"https:\/\/www.festivalhopper.de\/news\/wp-content\/uploads\/2012\/07\/pressebild_dasfest2012_foto_fabry-300x147.jpg 300w, https:\/\/www.festivalhopper.de\/news\/wp-content\/uploads\/2012\/07\/pressebild_dasfest2012_foto_fabry-1024x503.jpg 1024w\" sizes=\"auto, (max-width: 300px) 100vw, 300px\" \/><\/a><a href=\"https:\/\/www.festivalhopper.de\/news\/2013\/06\/12\/das-fest-seeed-triggerfinger\/\">Seeed und Triggerfinger<\/a>, die <strong>Sporties<\/strong> und viele mehr sind am Wochenende in <strong>Karlsruhe<\/strong> mit dabei. Weitere Infos zu <a href=\"https:\/\/www.festivalhopper.de\/festival\/das-fest-karlsruhe-2013\">DAS FEST hier bei uns<\/a> und auf <a href=\"http:\/\/www.dasfest.net\" target=\"_blank\" rel=\"noopener\">www.dasfest.net<\/a>. <em>Zu den <a href=\"https:\/\/www.festivalhopper.de\/tickets-bestellen\/das-fest-karlsruhe.html\">DAS FEST Onlinetickets<\/a>, zur Liste der VVK-Stellen.<\/em><\/p>\n<p>(<em>Titelbild oben links: <strong>Gentleman bei Rock am Ring 2010<\/strong>, als er ebenfalls als <strong>hochkar\u00e4tiger L\u00fcckenf\u00fcller<\/strong> auftrat! Bild: Andreas Jodocy)<\/em><\/p>","protected":false},"excerpt":{"rendered":"<p>&#8222;Aus pers\u00f6nlichen Gr\u00fcnden&#8220; sagt Max Herre sein Konzert bei DAS FEST Karlsruhe 2013 [Tickets] ab. Das Trostpflaster ist schnell geklebt, denn kein geringerer als der gro\u00dfartige Gentleman springt f\u00fcr seinen langj\u00e4hrigen Weggef\u00e4hrten aus Freundeskreis-Allstars Zeiten ein. Obwohl Gentleman locker das Festival als Headliner bestreiten k\u00f6nnte, freut er sich ebenso auf den 19Uhr Slot am Sonntag!<\/p>\n","protected":false},"author":45,"featured_media":0,"comment_status":"open","ping_status":"open","sticky":false,"template":"","format":"standard","meta":{"footnotes":""},"categories":[32,2,619,24,4,6,20],"tags":[],"class_list":["post-84124","post","type-post","status-publish","format-standard","hentry","category-bands-abgesagt","category-festivalnews","category-festivals-2013","category-neue-bands","category-reggae-festivals","category-rock-festivals","category-tickets-kaufen"],"_links":{"self":[{"href":"https:\/\/www.festivalhopper.de\/news\/wp-json\/wp\/v2\/posts\/84124","targetHints":{"allow":["GET"]}}],"collection":[{"href":"https:\/\/www.festivalhopper.de\/news\/wp-json\/wp\/v2\/posts"}],"about":[{"href":"https:\/\/www.festivalhopper.de\/news\/wp-json\/wp\/v2\/types\/post"}],"author":[{"embeddable":true,"href":"https:\/\/www.festivalhopper.de\/news\/wp-json\/wp\/v2\/users\/45"}],"replies":[{"embeddable":true,"href":"https:\/\/www.festivalhopper.de\/news\/wp-json\/wp\/v2\/comments?post=84124"}],"version-history":[{"count":1,"href":"https:\/\/www.festivalhopper.de\/news\/wp-json\/wp\/v2\/posts\/84124\/revisions"}],"predecessor-version":[{"id":141703,"href":"https:\/\/www.festivalhopper.de\/news\/wp-json\/wp\/v2\/posts\/84124\/revisions\/141703"}],"wp:attachment":[{"href":"https:\/\/www.festivalhopper.de\/news\/wp-json\/wp\/v2\/media?parent=84124"}],"wp:term":[{"taxonomy":"category","embeddable":true,"href":"https:\/\/www.festivalhopper.de\/news\/wp-json\/wp\/v2\/categories?post=84124"},{"taxonomy":"post_tag","embeddable":true,"href":"https:\/\/www.festivalhopper.de\/news\/wp-json\/wp\/v2\/tags?post=84124"}],"curies":[{"name":"wp","href":"https:\/\/api.w.org\/{rel}","templated":true}]}}