{"id":83156,"date":"2013-07-08T17:46:46","date_gmt":"2013-07-08T15:46:46","guid":{"rendered":"http:\/\/www.festivalhopper.de\/news\/?p=83156"},"modified":"2013-07-08T13:28:35","modified_gmt":"2013-07-08T11:28:35","slug":"seegefluester-2013-abgesagt-2014-hengsteysee","status":"publish","type":"post","link":"https:\/\/www.festivalhopper.de\/news\/2013\/07\/08\/seegefluester-2013-abgesagt-2014-hengsteysee\/","title":{"rendered":"Seegefl\u00fcster 2013 f\u00e4llt aus &#8211; erst 2014 wieder am Hengsteysee"},"content":{"rendered":"<p><a href=\"https:\/\/www.festivalhopper.de\/news\/wp-content\/uploads\/2013\/07\/Seegefl\u00fcster.jpg\"><img loading=\"lazy\" decoding=\"async\" class=\"alignleft size-medium wp-image-83373\" alt=\"Seegefl\u00fcster\" src=\"https:\/\/www.festivalhopper.de\/news\/wp-content\/uploads\/2013\/07\/Seegefl\u00fcster-300x117.jpg\" width=\"300\" height=\"117\" srcset=\"https:\/\/www.festivalhopper.de\/news\/wp-content\/uploads\/2013\/07\/Seegefl\u00fcster-300x117.jpg 300w, https:\/\/www.festivalhopper.de\/news\/wp-content\/uploads\/2013\/07\/Seegefl\u00fcster.jpg 412w\" sizes=\"auto, (max-width: 300px) 100vw, 300px\" \/><\/a>Die Festivalsaison ist in vollem Gange. Damit geht es nun auch f\u00fcr die Festivals am Ende der Saison in die <strong>kritische Phase<\/strong>: Steht die Finanzierung? Wird das Festival Gewinn abwerfen? Auch die Line-Ups werden nun nach und nach vollst\u00e4ndig und damit kl\u00e4rt sich auch die gr\u00f6\u00dfte Kostenfrage, die gebuchten Bands.<!--more--><\/p>\n<p><a href=\"https:\/\/www.festivalhopper.de\/news\/wp-content\/uploads\/2012\/09\/Seegefl\u00fcster-Hagen-2012-09-Thomas-Godoj-01.jpg\"><img loading=\"lazy\" decoding=\"async\" class=\"size-medium wp-image-70579 alignright\" alt=\"Seegefl\u00fcster Hagen 2012 09 Thomas Godoj 01\" src=\"https:\/\/www.festivalhopper.de\/news\/wp-content\/uploads\/2012\/09\/Seegefl\u00fcster-Hagen-2012-09-Thomas-Godoj-01-199x300.jpg\" width=\"199\" height=\"300\" srcset=\"https:\/\/www.festivalhopper.de\/news\/wp-content\/uploads\/2012\/09\/Seegefl\u00fcster-Hagen-2012-09-Thomas-Godoj-01-199x300.jpg 199w, https:\/\/www.festivalhopper.de\/news\/wp-content\/uploads\/2012\/09\/Seegefl\u00fcster-Hagen-2012-09-Thomas-Godoj-01.jpg 533w\" sizes=\"auto, (max-width: 199px) 100vw, 199px\" \/><\/a>Beim <a href=\"https:\/\/www.festivalhopper.de\/festival\/seegefluester\">Seegefl\u00fcster-Festival<\/a> in <strong>Hagen<\/strong> konnte man dieses Jahr leider nicht die gew\u00fcnschten Bands verpflichten, Alternativen <strong>&#8222;lagen in einem sehr hohen Preissegment<\/strong>&#8222;. Daher wird das <strong>Seegefl\u00fcster<\/strong> in diesem Jahr ausfallen. Der Veranstalter dazu: &#8222;Eine Buchung dieser K\u00fcnstler h\u00e4tte in jedem Fall zu einem starken Anstieg unserer Eintrittspreise gef\u00fchrt und das wirtschaftliche Risiko erh\u00f6ht. Um dies zu vermeiden, k\u00fcmmern wir uns jetzt um die Planung des n\u00e4chsten Seegefl\u00fcsters. Wir bedauern dies sehr, freuen uns aber wenn ihr beim <strong>Seegefl\u00fcster 2014<\/strong> dann wieder dabei seid!&#8220;<\/p>\n<p>Das Seegefl\u00fcster pr\u00e4sentiert normalerweise an zwei Tagen je vier Bands mit einem Schwerpunkt auf <strong>Musik aus Deutschland<\/strong>. Das Gel\u00e4nde des Hengstey-Schwimmbades bietet dabei eine ungew\u00f6hnliche und im Sommer sehr sch\u00f6ne Location. Im letzten Jahr hatte man dort mit Regen und dadurch niedrigen Besucherzahlen zu k\u00e4mpfen, was auch ein Grund f\u00fcr die Vorsicht in diesem Jahr sein d\u00fcrfte.<\/p>","protected":false},"excerpt":{"rendered":"<p>Die Festivalsaison ist in vollem Gange. Damit geht es nun auch f\u00fcr die Festivals am Ende der Saison in die kritische Phase: Steht die Finanzierung? Wird das Festival Gewinn abwerfen? Auch die Line-Ups werden nun nach und nach vollst\u00e4ndig und damit kl\u00e4rt sich auch die gr\u00f6\u00dfte Kostenfrage, die gebuchten Bands.<\/p>\n","protected":false},"author":336,"featured_media":0,"comment_status":"open","ping_status":"open","sticky":false,"template":"","format":"standard","meta":{"footnotes":""},"categories":[2,619,27,894],"tags":[],"class_list":["post-83156","post","type-post","status-publish","format-standard","hentry","category-festivalnews","category-festivals-2013","category-festivals-abgesagt","category-pop-festivals"],"_links":{"self":[{"href":"https:\/\/www.festivalhopper.de\/news\/wp-json\/wp\/v2\/posts\/83156","targetHints":{"allow":["GET"]}}],"collection":[{"href":"https:\/\/www.festivalhopper.de\/news\/wp-json\/wp\/v2\/posts"}],"about":[{"href":"https:\/\/www.festivalhopper.de\/news\/wp-json\/wp\/v2\/types\/post"}],"author":[{"embeddable":true,"href":"https:\/\/www.festivalhopper.de\/news\/wp-json\/wp\/v2\/users\/336"}],"replies":[{"embeddable":true,"href":"https:\/\/www.festivalhopper.de\/news\/wp-json\/wp\/v2\/comments?post=83156"}],"version-history":[{"count":0,"href":"https:\/\/www.festivalhopper.de\/news\/wp-json\/wp\/v2\/posts\/83156\/revisions"}],"wp:attachment":[{"href":"https:\/\/www.festivalhopper.de\/news\/wp-json\/wp\/v2\/media?parent=83156"}],"wp:term":[{"taxonomy":"category","embeddable":true,"href":"https:\/\/www.festivalhopper.de\/news\/wp-json\/wp\/v2\/categories?post=83156"},{"taxonomy":"post_tag","embeddable":true,"href":"https:\/\/www.festivalhopper.de\/news\/wp-json\/wp\/v2\/tags?post=83156"}],"curies":[{"name":"wp","href":"https:\/\/api.w.org\/{rel}","templated":true}]}}