{"id":82286,"date":"2013-06-26T12:30:16","date_gmt":"2013-06-26T10:30:16","guid":{"rendered":"http:\/\/www.festivalhopper.de\/news\/?p=82286"},"modified":"2013-06-26T13:25:16","modified_gmt":"2013-06-26T11:25:16","slug":"openair-st-gallen-2013-letzte-tipps","status":"publish","type":"post","link":"https:\/\/www.festivalhopper.de\/news\/2013\/06\/26\/openair-st-gallen-2013-letzte-tipps\/","title":{"rendered":"Startklar f\u00fcr&#8217;s OpenAir St. Gallen 2013?"},"content":{"rendered":"<p><a href=\"https:\/\/www.festivalhopper.de\/news\/wp-content\/uploads\/2013\/01\/openair-st-gallen-2013.jpg\"><img loading=\"lazy\" decoding=\"async\" class=\"alignleft size-medium wp-image-74286\" alt=\"openair st. gallen 2013\" src=\"https:\/\/www.festivalhopper.de\/news\/wp-content\/uploads\/2013\/01\/openair-st-gallen-2013-300x180.jpg\" width=\"300\" height=\"180\" srcset=\"https:\/\/www.festivalhopper.de\/news\/wp-content\/uploads\/2013\/01\/openair-st-gallen-2013-300x180.jpg 300w, https:\/\/www.festivalhopper.de\/news\/wp-content\/uploads\/2013\/01\/openair-st-gallen-2013.jpg 500w\" sizes=\"auto, (max-width: 300px) 100vw, 300px\" \/><\/a>Es ist kurz vor Paukenschlag, schon ab morgen poltert es wieder in sch\u00f6nster Manier im schweizerischen <strong>St. Gallen<\/strong> beim <a href=\"https:\/\/www.festivalhopper.de\/festival\/openair-st-gallen-2013\" target=\"_blank\" rel=\"noopener\">gleichnamigen Open Air<\/a>. <strong>Die \u00c4rzte<\/strong>, die <strong>Kings of Leon<\/strong> und <strong>Biffy Clyro<\/strong> geh\u00f6ren mitunter zu den Gr\u00fcnden f\u00fcr das fr\u00fcheste &#8222;Ausverkauft&#8220; in der Geschichte des Festivals.<br \/>\nDamit es auch sonst rekordverd\u00e4chtig pr\u00e4chtig l\u00e4uft, gibt es letzte Tipps zum ultimativen Gelingen.<!--more--><span style=\"text-decoration: underline;\">An- und Abreise<\/span><\/p>\n<p>Die SBB ist festivalfreundlich und chauffiert euch <a href=\"http:\/\/www.openairsg.ch\/wp-content\/uploads\/2009\/11\/Fahrplan-OpenAir-St.Gallen.pdf\" target=\"_blank\" rel=\"noopener\"><strong>mit Sonderz\u00fcgen zum Festival<\/strong>.<\/a> Ticketinhaber erhalten daf\u00fcr am Schalter <strong>20% Rabatt<\/strong> auf&#8217;s Ticket.<\/p>\n<p><span style=\"text-decoration: underline;\">Langes Anstehen pass\u00e9<\/span><\/p>\n<p>Idealerweise k\u00f6nnt ihr schon <strong>vor dem Festival das Ticket gegen ein B\u00e4ndchen tauschen<\/strong> und auch Cash in Guthaben f\u00fcr das Festivalgel\u00e4nde umm\u00fcnzen. Da hat man wirklich mitgedacht. Das geht einmal am <a href=\"http:\/\/www.openairsg.ch\/wp-content\/uploads\/2013\/06\/oasg13_publikum-anfahrtsplan_web_DEF.pdf\" target=\"_blank\" rel=\"noopener\"><strong>Bahnhof St. Gallen<\/strong> und auf dem <\/a><strong><a href=\"http:\/\/www.openairsg.ch\/wp-content\/uploads\/2013\/06\/oasg13_publikum-anfahrtsplan_web_DEF.pdf\" target=\"_blank\" rel=\"noopener\">Parkplatz <\/a><a href=\"https:\/\/www.festivalhopper.de\/news\/wp-content\/uploads\/2013\/06\/stgallen-2013-cashless-icon.png\"><img loading=\"lazy\" decoding=\"async\" class=\"alignright size-medium wp-image-82293\" alt=\"stgallen 2013 cashless icon\" src=\"https:\/\/www.festivalhopper.de\/news\/wp-content\/uploads\/2013\/06\/stgallen-2013-cashless-icon-300x94.png\" width=\"300\" height=\"94\" srcset=\"https:\/\/www.festivalhopper.de\/news\/wp-content\/uploads\/2013\/06\/stgallen-2013-cashless-icon-300x94.png 300w, https:\/\/www.festivalhopper.de\/news\/wp-content\/uploads\/2013\/06\/stgallen-2013-cashless-icon.png 797w\" sizes=\"auto, (max-width: 300px) 100vw, 300px\" \/><\/a>Breitfeld <\/strong>mit folgenden \u00d6ffnungszeiten:<\/p>\n<p>MI, 26.6.2013 &#8212; 11.00 bis 21.00 Uhr<br \/>\nDO, 27.6.2013 &#8212; 07.00 bis 21.00 Uhr<br \/>\nFR, 28.6.2013 &#8212; 07.00 bis 21.00 Uhr<\/p>\n<p><span style=\"text-decoration: underline;\">Totaler Durchblick<\/span><\/p>\n<p>Als Sponsor hat die Swisscom eine <strong>App<\/strong> gestaltet, die Euch \u00fcber das Gel\u00e4nde lotst und mit Erinnerungsfunktion kein Konzert der Lieblingsbands verpassen l\u00e4sst.<\/p>\n<p><span style=\"text-decoration: underline;\">Lang oder kurz oder beides?<\/span><\/p>\n<p>Beides! Es wird wohl meist trocken bleiben, aber k\u00fchl sein. <strong>Sonnenschutz, Regencape, Warmes f\u00fcr die Nacht<\/strong> und Ihr seid gewappnet.<\/p>\n<p><span style=\"text-decoration: underline;\">Zelt-Recycling<\/span><\/p>\n<div id=\"attachment_82296\" style=\"width: 310px\" class=\"wp-caption alignright\"><a href=\"https:\/\/www.festivalhopper.de\/news\/wp-content\/uploads\/2013\/06\/st-gallen-loveyourtent-gallery.jpg\"><img loading=\"lazy\" decoding=\"async\" aria-describedby=\"caption-attachment-82296\" class=\"size-medium wp-image-82296 \" alt=\"st gallen loveyourtent gallery\" src=\"https:\/\/www.festivalhopper.de\/news\/wp-content\/uploads\/2013\/06\/st-gallen-loveyourtent-gallery-300x198.jpg\" width=\"300\" height=\"198\" srcset=\"https:\/\/www.festivalhopper.de\/news\/wp-content\/uploads\/2013\/06\/st-gallen-loveyourtent-gallery-300x198.jpg 300w, https:\/\/www.festivalhopper.de\/news\/wp-content\/uploads\/2013\/06\/st-gallen-loveyourtent-gallery.jpg 611w\" sizes=\"auto, (max-width: 300px) 100vw, 300px\" \/><\/a><p id=\"caption-attachment-82296\" class=\"wp-caption-text\">\u00a9 <a href=\"https:\/\/www.loveyourtent.com\/\" target=\"_blank\" rel=\"noopener\">Love Your Tent<\/a><\/p><\/div>\n<p>Schon klar &#8211; &#8222;Nach mir die Sintflut&#8220; &#8211; aber es geht auch anders. Um der Verschwendung von Rohstoffen ein wenig Einhalt zu gebieten, hat man die Aktion <a href=\"http:\/\/www.loveyourtent.com\/\" target=\"_blank\" rel=\"noopener\"><strong>&#8222;Love Your Tent&#8220;<\/strong><\/a> ins Leben gerufen. Ihr wollt das Zelt nicht mehr? Kein Thema! Dennoch kein Grund den vielleicht noch sehr intakten Stofffetzen sich selbst zu \u00fcberlassen &#8211; andere nehmen es gern.<br \/>\n<strong>Gegen 10 Franken k\u00f6nnen Festivalbesucher Zelte an der Sammelstelle gegen\u00fcber den Duschen abgeben<\/strong> (ab Sonntag 12Uhr bis Festivalende). Die gehen dann an soziale Organisationen. Tolle Sache &#8211; we love!<\/p>\n<p>So, nun fix die Tasche packen und viel Spa\u00df!<\/p>","protected":false},"excerpt":{"rendered":"<p>Es ist kurz vor Paukenschlag, schon ab morgen poltert es wieder in sch\u00f6nster Manier im schweizerischen St. Gallen beim gleichnamigen Open Air. Die \u00c4rzte, die Kings of Leon und Biffy Clyro geh\u00f6ren mitunter zu den Gr\u00fcnden f\u00fcr das fr\u00fcheste &#8222;Ausverkauft&#8220; in der Geschichte des Festivals. Damit es auch sonst rekordverd\u00e4chtig pr\u00e4chtig l\u00e4uft, gibt es letzte [&hellip;]<\/p>\n","protected":false},"author":397,"featured_media":0,"comment_status":"open","ping_status":"open","sticky":false,"template":"","format":"standard","meta":{"footnotes":""},"categories":[2,882,619,40,6],"tags":[],"class_list":["post-82286","post","type-post","status-publish","format-standard","hentry","category-festivalnews","category-festivalorganisation","category-festivals-2013","category-festivals-in-europa","category-rock-festivals"],"_links":{"self":[{"href":"https:\/\/www.festivalhopper.de\/news\/wp-json\/wp\/v2\/posts\/82286","targetHints":{"allow":["GET"]}}],"collection":[{"href":"https:\/\/www.festivalhopper.de\/news\/wp-json\/wp\/v2\/posts"}],"about":[{"href":"https:\/\/www.festivalhopper.de\/news\/wp-json\/wp\/v2\/types\/post"}],"author":[{"embeddable":true,"href":"https:\/\/www.festivalhopper.de\/news\/wp-json\/wp\/v2\/users\/397"}],"replies":[{"embeddable":true,"href":"https:\/\/www.festivalhopper.de\/news\/wp-json\/wp\/v2\/comments?post=82286"}],"version-history":[{"count":2,"href":"https:\/\/www.festivalhopper.de\/news\/wp-json\/wp\/v2\/posts\/82286\/revisions"}],"predecessor-version":[{"id":140752,"href":"https:\/\/www.festivalhopper.de\/news\/wp-json\/wp\/v2\/posts\/82286\/revisions\/140752"}],"wp:attachment":[{"href":"https:\/\/www.festivalhopper.de\/news\/wp-json\/wp\/v2\/media?parent=82286"}],"wp:term":[{"taxonomy":"category","embeddable":true,"href":"https:\/\/www.festivalhopper.de\/news\/wp-json\/wp\/v2\/categories?post=82286"},{"taxonomy":"post_tag","embeddable":true,"href":"https:\/\/www.festivalhopper.de\/news\/wp-json\/wp\/v2\/tags?post=82286"}],"curies":[{"name":"wp","href":"https:\/\/api.w.org\/{rel}","templated":true}]}}