{"id":81153,"date":"2013-06-18T14:10:07","date_gmt":"2013-06-18T12:10:07","guid":{"rendered":"http:\/\/www.festivalhopper.de\/news\/?p=81153"},"modified":"2026-02-17T00:36:09","modified_gmt":"2026-02-16T23:36:09","slug":"tonder-festival-2013","status":"publish","type":"post","link":"https:\/\/www.festivalhopper.de\/news\/2013\/06\/18\/tonder-festival-2013\/","title":{"rendered":"Back to the Roots &#8211; das T\u00f8nder Festival 2013"},"content":{"rendered":"<p><a href=\"https:\/\/www.festivalhopper.de\/news\/wp-content\/uploads\/2013\/06\/tonder-festival-logo.jpg\"><img loading=\"lazy\" decoding=\"async\" class=\"alignleft wp-image-81274\" src=\"https:\/\/www.festivalhopper.de\/news\/wp-content\/uploads\/2013\/06\/tonder-festival-logo.jpg\" alt=\"tonder festival logo\" width=\"184\" height=\"184\" srcset=\"https:\/\/www.festivalhopper.de\/news\/wp-content\/uploads\/2013\/06\/tonder-festival-logo.jpg 230w, https:\/\/www.festivalhopper.de\/news\/wp-content\/uploads\/2013\/06\/tonder-festival-logo-150x150.jpg 150w, https:\/\/www.festivalhopper.de\/news\/wp-content\/uploads\/2013\/06\/tonder-festival-logo-120x120.jpg 120w\" sizes=\"auto, (max-width: 184px) 100vw, 184px\" \/><\/a>Es gibt sie noch, die Festivals mit eigenem Flair, uriger Idylle, zur\u00fcckgenommenem Tempo und einer Prise Ungewissheit. Wir schauen nach Norden: D\u00e4nemarks <a href=\"https:\/\/www.festivalhopper.de\/festival\/toender-festival-2013\" target=\"_blank\" rel=\"noopener\"><strong>T\u00f8nder <\/strong>Festival<\/a> ist so ein musikalisches Traditionsprojekt, das in diesem Jahr schon 39 Jahre alt wird. Was man vom <strong>22. bis 25. August<\/strong> in der gleichnamigen Stadt erwarten kann, wollen wir an dieser Stelle mal genauer beleuchten.<!--more--><\/p>\n<p>Es hei\u00dft, das <strong>T\u00f8nder<\/strong> habe seine ganz <strong>eigene Identit\u00e4t und ein Musikangebot, das man unter Garantie auf keinem anderen Festival finden k\u00f6nne<\/strong>. Hier erlebt man die neue Welle der Indie-Folk Bands Seite an Seite mit den gro\u00dfen etablierten Folkroots Namen.<br \/>\nJa genau, das an der deutsch-d\u00e4nischen Grenz gelegene Festival hat sich in seiner Geschichte vor allem als Folkfestival einen Namen gemacht, auch international.<\/p>\n<p><a href=\"https:\/\/www.festivalhopper.de\/news\/wp-content\/uploads\/2013\/06\/tonder-festival-flyer-2013.jpg\"><img loading=\"lazy\" decoding=\"async\" class=\" wp-image-81275 alignright\" src=\"https:\/\/www.festivalhopper.de\/news\/wp-content\/uploads\/2013\/06\/tonder-festival-flyer-2013.jpg\" alt=\"tonder festival flyer 2013\" width=\"272\" height=\"576\" srcset=\"https:\/\/www.festivalhopper.de\/news\/wp-content\/uploads\/2013\/06\/tonder-festival-flyer-2013.jpg 453w, https:\/\/www.festivalhopper.de\/news\/wp-content\/uploads\/2013\/06\/tonder-festival-flyer-2013-141x300.jpg 141w\" sizes=\"auto, (max-width: 272px) 100vw, 272px\" \/><\/a>Werfen wir einen Blick in das Line-Up von 2013. <a href=\"https:\/\/www.festivalhopper.de\/bands\/karten\/flogging-molly.php\" target=\"_blank\" rel=\"noopener\">Flogging Molly<\/a>, <a href=\"https:\/\/www.festivalhopper.de\/bands\/karten\/the-avett-brothers.php\" target=\"_blank\" rel=\"noopener\">The Avett Brothers<\/a>, <a href=\"https:\/\/www.festivalhopper.de\/bands\/karten\/lukas-graham.php\" target=\"_blank\" rel=\"noopener\">Lukas Graham<\/a>, <a href=\"https:\/\/www.festivalhopper.de\/bands\/karten\/cara-dillon.php\" target=\"_blank\" rel=\"noopener\">Cara Dillon<\/a>, <a href=\"https:\/\/www.festivalhopper.de\/bands\/karten\/adam-cohen.php\" target=\"_blank\" rel=\"noopener\">Adam Cohen<\/a> oder <a href=\"https:\/\/www.festivalhopper.de\/bands\/karten\/billy-bragg.php\" target=\"_blank\" rel=\"noopener\">Billy Bragg<\/a> sind nat\u00fcrlich feste Begrifflichkeiten. Dar\u00fcber hinaus konnte man die hochgelobte Indie-Americana Band <a title=\"The Barr Brothers\" href=\"https:\/\/www.festivalhopper.de\/bands\/karten\/the-barr-brothers.php\">The Barr Brothers<\/a> verpflichten, ein kanadisches Quartett, das eine musikalische Verwandtschaft mit Bands wie <strong>The Decemberists<\/strong> und <strong>The Low Anthem<\/strong> aufweist. Ein weiterer frischer Name aus dem Indie-Folk-Pop-Bereich: die schottischen <a title=\"Admiral Fallow\" href=\"https:\/\/www.festivalhopper.de\/bands\/karten\/admiral-fallow.php\">Admiral Fallow<\/a>, deren zweites Album 2012 herauskam und in diesem Jahr zum <em>Scottish Album Of The Year Award 2013<\/em> nominiert wurde.<br \/>\n<strong>Headliner<\/strong> ist die gro\u00dfartige <a title=\"Sin\u00e9ad O\u2019Connor\" href=\"https:\/\/www.festivalhopper.de\/bands\/karten\/sin-ad-o-connor.php\">Sin\u00e9ad O\u2019Connor<\/a>.<\/p>\n<p>Mit Bekanntgabe der Namen f\u00fcr den sogenannten<strong> Folk Spot<\/strong> &#8211; eine B\u00fchne, auf der jedes Jahr sechs ausgew\u00e4hlte d\u00e4nische Roots- und Folkmusikbands spielen &#8211; ist das Programm f\u00fcr 2013 dann auch seit gestern komplett. <a href=\"https:\/\/www.festivalhopper.de\/bands\/karten\/trias.php\" target=\"_blank\" rel=\"noopener\">Trias<\/a>, <a href=\"https:\/\/www.festivalhopper.de\/bands\/karten\/asynje.php\" target=\"_blank\" rel=\"noopener\">Asynje<\/a>, <a title=\"Sv\u00f8bsk\" href=\"https:\/\/www.festivalhopper.de\/bands\/karten\/sv-bsk.php\" target=\"_blank\" rel=\"noopener\">Sv\u00f8bsk<\/a>, <a href=\"https:\/\/www.festivalhopper.de\/bands\/karten\/tradish.php\" target=\"_blank\" rel=\"noopener\">Tradish<\/a>, <a title=\"Nordens Tone\" href=\"https:\/\/www.festivalhopper.de\/bands\/karten\/nordens-tone.php\" target=\"_blank\" rel=\"noopener\">Nordens Tone<\/a> und <a title=\"Fromseier\/Hockings\" href=\"https:\/\/www.festivalhopper.de\/bands\/karten\/fromseier-hockings.php\" target=\"_blank\" rel=\"noopener\">Fromseier\/Hockings<\/a> traten bereits in gro\u00dfen Teilen der Welt auf. Sie spielen Musik, die in den Wurzeln der d\u00e4nischen Musiktradition fest verankert ist und gleichzeitig \u00fcber einen heutigen Ausdruck verf\u00fcgt, der auch international durchbrennt. Sie haben verschiedene Blickwinkel auf die Folkmusik, aber gemeinsam ist ihnen, dass sie einen Mix aus traditioneller und neukomponierter d\u00e4nischer Musik und den umliegenden<br \/>\nKulturen spielen.<\/p>\n<p><strong>Neu auf dem Festivalgel\u00e4nde sind in diesem Jahr drei toll konzipierte Themenbereiche<\/strong>, zwischen denen sich der Festivalbesucher froh und munter bewegen kann:<b><\/b><\/p>\n<p><strong>&#8222;Little New Orleans&#8220;<\/strong><br \/>\nUnter den Locals auch NOLA genannt.<br \/>\nIm vergangen Jahr war das Spiegelzelt <em>Palais des Glaces<\/em> ein kolossaler Erfolg. Das gem\u00fctliche und stimmungsvolle Zelt ist in diesem Jahr mit einem weiteren Spiegelzelt <em>La Gaiete<\/em> erweitert, dass das neue Cajun Restaurant beherbergt. Das Gebiet um die zwei Spiegelzelte macht es einfach, einen Sprung nach New Orleans und Louisiana mit viel Cajunmusik zu machen. Hier befindet sich auch in neuem Rahmen die Creolerbar <em>Madam Laveau<\/em>, ein Cajun Grill, ein Retro &#8222;American Streamer&#8220; Kaffeewagen und zuletzt eine kleine Au\u00dfenb\u00fchne: die<em> Front Porch<\/em>.<b><br \/>\n<\/b><\/p>\n<p><b>&#8222;Little Dublin&#8220;<br \/>\n<\/b>Die irische Musikkultur erh\u00e4lt auf dem Festivalplatz seine eigene Dom\u00e4ne bei dem irischen Pub im gelben Haus. Hier hat man die M\u00f6glichkeit frischgezapftes Guinness, eine Anzahl anderer Biersorten und nat\u00fcrlich eine gro\u00dfe Auswahl von irischen und schottischen Malt Whiskys zu probieren. Der Pub wird zudem von irischer und schottischer Musik beschallt \u2013 und ist der Ort, wo sowohl Profis als auch Amateure sich in einer Jamsession treffen.<b><br \/>\n<\/b><\/p>\n<p><b>&#8222;Lille Fan\u00f8&#8220;<br \/>\n<\/b>In diesem Jahr setzt das Festival auch Fokus auf die Insel Fan\u00f8, deren Musik und Tanztraditionen. Es handelt sich um einen Bereich mit Geigen, gutem Bier, &#8222;bakskuld&#8220;, Hering &amp; Schnaps, Kaffeepunch, Harmonikas, Party, Gem\u00fctlichkeit, viel Gesang und Fan\u00f8-Musikanten, Tanzworkshop und ein gro\u00dfes Fan\u00f8-Tanzvergn\u00fcgen am Sonnabend.<b><\/b><\/p>\n<p>Das <strong>T\u00f8nder <\/strong>ist und bleibt zu gro\u00dfen Teilen akustisch. Mit viel handgemachten Kl\u00e4ngen wartet hier ein echtes Genre-Festival auf den Festivalhopper. Auf insgesamt 4 Zeltb\u00fchnen und einer Open Air B\u00fchne entdeckt man hier sicher nicht nur die ein oder andere neue Band, sondern auch ein neues Instrument ( &#8211; Oder wisst ihr schon, was Djembe und Bouzouki sind?).<\/p>\n<p>Neben dem <strong>Festivalpass f\u00fcr 160 Euro<\/strong>, sind nun auch eine begrenzte Anzahl von Tagestickets im Angebot. Wer etwas l\u00e4nger was vom <strong>T\u00f8nder Festival 2013<\/strong> haben m\u00f6chte,<b> kann an dieser Stelle sogar ein gedrucktes Programm und eine Festival-CD bestellen.<\/b><\/p>\n<p><a href=\"https:\/\/www.festivalhopper.de\/festival\/toender-festival-2013\" target=\"_blank\" rel=\"noopener\">Weitere Infos gibt wie immer in unserem Festivaleintrag <\/a>oder auf der<b><a href=\"https:\/\/tf.dk\/\"> Festivalseite<\/a>.<br \/>\n<\/b><\/p>\n<p>&nbsp;<\/p>","protected":false},"excerpt":{"rendered":"<p>Es gibt sie noch, die Festivals mit eigenem Flair, uriger Idylle, zur\u00fcckgenommenem Tempo und einer Prise Ungewissheit. Wir schauen nach Norden: D\u00e4nemarks T\u00f8nder Festival ist so ein musikalisches Traditionsprojekt, das in diesem Jahr schon 39 Jahre alt wird. Was man vom 22. bis 25. August in der gleichnamigen Stadt erwarten kann, wollen wir an dieser [&hellip;]<\/p>\n","protected":false},"author":397,"featured_media":81274,"comment_status":"open","ping_status":"open","sticky":false,"template":"","format":"standard","meta":{"footnotes":""},"categories":[2,619,40,284,42],"tags":[],"class_list":["post-81153","post","type-post","status-publish","format-standard","has-post-thumbnail","hentry","category-festivalnews","category-festivals-2013","category-festivals-in-europa","category-folk-festivals","category-indie-festivals"],"_links":{"self":[{"href":"https:\/\/www.festivalhopper.de\/news\/wp-json\/wp\/v2\/posts\/81153","targetHints":{"allow":["GET"]}}],"collection":[{"href":"https:\/\/www.festivalhopper.de\/news\/wp-json\/wp\/v2\/posts"}],"about":[{"href":"https:\/\/www.festivalhopper.de\/news\/wp-json\/wp\/v2\/types\/post"}],"author":[{"embeddable":true,"href":"https:\/\/www.festivalhopper.de\/news\/wp-json\/wp\/v2\/users\/397"}],"replies":[{"embeddable":true,"href":"https:\/\/www.festivalhopper.de\/news\/wp-json\/wp\/v2\/comments?post=81153"}],"version-history":[{"count":6,"href":"https:\/\/www.festivalhopper.de\/news\/wp-json\/wp\/v2\/posts\/81153\/revisions"}],"predecessor-version":[{"id":144717,"href":"https:\/\/www.festivalhopper.de\/news\/wp-json\/wp\/v2\/posts\/81153\/revisions\/144717"}],"wp:featuredmedia":[{"embeddable":true,"href":"https:\/\/www.festivalhopper.de\/news\/wp-json\/wp\/v2\/media\/81274"}],"wp:attachment":[{"href":"https:\/\/www.festivalhopper.de\/news\/wp-json\/wp\/v2\/media?parent=81153"}],"wp:term":[{"taxonomy":"category","embeddable":true,"href":"https:\/\/www.festivalhopper.de\/news\/wp-json\/wp\/v2\/categories?post=81153"},{"taxonomy":"post_tag","embeddable":true,"href":"https:\/\/www.festivalhopper.de\/news\/wp-json\/wp\/v2\/tags?post=81153"}],"curies":[{"name":"wp","href":"https:\/\/api.w.org\/{rel}","templated":true}]}}