{"id":79650,"date":"2013-05-31T11:44:49","date_gmt":"2013-05-31T09:44:49","guid":{"rendered":"http:\/\/www.festivalhopper.de\/news\/?p=79650"},"modified":"2013-05-31T10:27:26","modified_gmt":"2013-05-31T08:27:26","slug":"musikfestwochen-winterthur-kostenlos-programm","status":"publish","type":"post","link":"https:\/\/www.festivalhopper.de\/news\/2013\/05\/31\/musikfestwochen-winterthur-kostenlos-programm\/","title":{"rendered":"Die 38. Winterthurer Musikfestwochen wieder mit kostenlosem Programm!"},"content":{"rendered":"<p><a href=\"https:\/\/www.festivalhopper.de\/news\/wp-content\/uploads\/2013\/05\/winterthurer-musikfestwochen-2012.jpg\"><img loading=\"lazy\" decoding=\"async\" class=\"alignleft  wp-image-79652\" alt=\"winterthurer musikfestwochen 2012\" src=\"https:\/\/www.festivalhopper.de\/news\/wp-content\/uploads\/2013\/05\/winterthurer-musikfestwochen-2012-300x200.jpg\" width=\"240\" height=\"160\" srcset=\"https:\/\/www.festivalhopper.de\/news\/wp-content\/uploads\/2013\/05\/winterthurer-musikfestwochen-2012-300x200.jpg 300w, https:\/\/www.festivalhopper.de\/news\/wp-content\/uploads\/2013\/05\/winterthurer-musikfestwochen-2012.jpg 800w\" sizes=\"auto, (max-width: 240px) 100vw, 240px\" \/><\/a>Bei den Musikfestwochen in Winterthur wird <strong>seit 38 Jahren<\/strong> an einer alten Tradition festgehalten: Ein <strong>kostenloses Musikprogramm \u00fcber mehrere Tage<\/strong>. So gibt es auch in diesem Jahr wieder neun Tage gute und abwechslungsreiche Musik f\u00fcr lau. Die <a href=\"https:\/\/www.festivalhopper.de\/festival\/winterthurer-musikfestwochen-2013\">Winterthurer Musikfestwochen<\/a> finden <strong>vom 14. bis 25. August 2013<\/strong> statt. Insgesamt also 12 Tage auf <strong>drei B\u00fchnen<\/strong> inmitten der Altstadt der sechstgr\u00f6\u00dften Stadt der Schweiz. <!--more--><\/p>\n<p>Das komplette (zum gr\u00f6\u00dften Teil kostenlose) Programm wurde nun bekannt gegeben. Hier seht ihr einen <strong>\u00dcberblick des Musikprogramms<\/strong>:<\/p>\n<p><strong>14. bis 22.08.2013 kostenlos:<\/strong><a href=\"https:\/\/www.festivalhopper.de\/news\/wp-content\/uploads\/2012\/06\/MFW2011_thomas_gerstendoerfer.jpg\"><img loading=\"lazy\" decoding=\"async\" class=\"alignright size-medium wp-image-64226\" alt=\"36. Winterthurer Musikfestwochen\" src=\"https:\/\/www.festivalhopper.de\/news\/wp-content\/uploads\/2012\/06\/MFW2011_thomas_gerstendoerfer-300x199.jpg\" width=\"300\" height=\"199\" srcset=\"https:\/\/www.festivalhopper.de\/news\/wp-content\/uploads\/2012\/06\/MFW2011_thomas_gerstendoerfer-300x199.jpg 300w, https:\/\/www.festivalhopper.de\/news\/wp-content\/uploads\/2012\/06\/MFW2011_thomas_gerstendoerfer.jpg 800w\" sizes=\"auto, (max-width: 300px) 100vw, 300px\" \/><\/a><\/p>\n<ul>\n<li><a href=\"https:\/\/www.festivalhopper.de\/bands\/karten\/kashmir.php\">KASHMIR<\/a>, STEAMING SATELLITES, MIGHTYOAKS, PANDA LUX, STILLER HAS, MIN KING, <a href=\"https:\/\/www.festivalhopper.de\/bands\/karten\/budzillus.php\">BUDZILLUS<\/a>, HATHORS, MY NAME IS GEORGE, THE DOODES, VOLPLANE, THE PUSSYWARMERS &amp; R\u00c9KA, ALIEV BLEH ORKESTAR, CORIN CURSCHELLAS, ZWEIDIETER, GLAUSER QUINTETT, BIBI VAPLAN &amp; PASCAL GAMBIONO, LANDSTREICHMUSIK MIT CHRISTINE LAUTERBURG, WALT\u2019S BLUESBOX, RAPHAEL JOST\u2019S CRAZY SWING THING, <a href=\"https:\/\/www.festivalhopper.de\/bands\/karten\/efterklang.php\">EFTERKLANG<\/a>,\u00a0ALICE RUSSELL, KNACKEBOUL, FIVA &amp; DAS PHANTOM ORCHESTER, <a href=\"https:\/\/www.festivalhopper.de\/bands\/karten\/turbostaat.php\">TURBOSTAAT<\/a>, DOTA u.v.m.<\/li>\n<\/ul>\n<p><strong>24.08.2013 kostenpflichtige Hauptkonzerte:<\/strong><strong><a href=\"https:\/\/www.festivalhopper.de\/news\/wp-content\/uploads\/2013\/05\/winterthurer-musikfestwochen-logo.jpg\"><img loading=\"lazy\" decoding=\"async\" class=\"size-full wp-image-79668 alignright\" alt=\"winterthurer musikfestwochen logo\" src=\"https:\/\/www.festivalhopper.de\/news\/wp-content\/uploads\/2013\/05\/winterthurer-musikfestwochen-logo.jpg\" width=\"180\" height=\"180\" srcset=\"https:\/\/www.festivalhopper.de\/news\/wp-content\/uploads\/2013\/05\/winterthurer-musikfestwochen-logo.jpg 180w, https:\/\/www.festivalhopper.de\/news\/wp-content\/uploads\/2013\/05\/winterthurer-musikfestwochen-logo-150x150.jpg 150w, https:\/\/www.festivalhopper.de\/news\/wp-content\/uploads\/2013\/05\/winterthurer-musikfestwochen-logo-120x120.jpg 120w\" sizes=\"auto, (max-width: 180px) 100vw, 180px\" \/><\/a><\/strong><\/p>\n<ul>\n<li><a href=\"https:\/\/www.festivalhopper.de\/bands\/karten\/travis.php\">TRAVIS<\/a>, GLEN HANSARD, SEA+AIR<\/li>\n<\/ul>\n<p><strong>25.08.2013 kostenpflichtige Hauptkonzerte:<\/strong><\/p>\n<p><a href=\"https:\/\/www.festivalhopper.de\/bands\/karten\/sportfreunde-stiller.php\">SPORTFREUNDE STILLER<\/a>, <a href=\"https:\/\/www.festivalhopper.de\/bands\/karten\/casper.php\">CASPER<\/a>, <a href=\"https:\/\/www.festivalhopper.de\/bands\/karten\/royal-republic.php\">ROYAL REPUBLIC<\/a><\/p>\n<p>Die Headliner f\u00fcr den <strong>23.08.13<\/strong> werden Mitte Juni bekannt gegeben.<\/p>\n<p>Tickets, Infos zum kompletten kostenloses Programm (mit Spielzeit und -ort) und alle weiteren Infos zu diesem Musikhighlight in der Schweiz gibt es unter\u00a0<a href=\"http:\/\/musikfestwochen.ch\/\">musikfestwochen.ch<\/a>.<\/p>","protected":false},"excerpt":{"rendered":"<p>Bei den Musikfestwochen in Winterthur wird seit 38 Jahren an einer alten Tradition festgehalten: Ein kostenloses Musikprogramm \u00fcber mehrere Tage. So gibt es auch in diesem Jahr wieder neun Tage gute und abwechslungsreiche Musik f\u00fcr lau. Die Winterthurer Musikfestwochen finden vom 14. bis 25. August 2013 statt. Insgesamt also 12 Tage auf drei B\u00fchnen inmitten [&hellip;]<\/p>\n","protected":false},"author":373,"featured_media":0,"comment_status":"open","ping_status":"open","sticky":false,"template":"","format":"standard","meta":{"footnotes":""},"categories":[2,619,40,22,42,24,6,21,14,28],"tags":[],"class_list":["post-79650","post","type-post","status-publish","format-standard","hentry","category-festivalnews","category-festivals-2013","category-festivals-in-europa","category-hiphop-festivals","category-indie-festivals","category-neue-bands","category-rock-festivals","category-schweiz","category-sonstiges","category-umsonst-und-draussen"],"_links":{"self":[{"href":"https:\/\/www.festivalhopper.de\/news\/wp-json\/wp\/v2\/posts\/79650","targetHints":{"allow":["GET"]}}],"collection":[{"href":"https:\/\/www.festivalhopper.de\/news\/wp-json\/wp\/v2\/posts"}],"about":[{"href":"https:\/\/www.festivalhopper.de\/news\/wp-json\/wp\/v2\/types\/post"}],"author":[{"embeddable":true,"href":"https:\/\/www.festivalhopper.de\/news\/wp-json\/wp\/v2\/users\/373"}],"replies":[{"embeddable":true,"href":"https:\/\/www.festivalhopper.de\/news\/wp-json\/wp\/v2\/comments?post=79650"}],"version-history":[{"count":0,"href":"https:\/\/www.festivalhopper.de\/news\/wp-json\/wp\/v2\/posts\/79650\/revisions"}],"wp:attachment":[{"href":"https:\/\/www.festivalhopper.de\/news\/wp-json\/wp\/v2\/media?parent=79650"}],"wp:term":[{"taxonomy":"category","embeddable":true,"href":"https:\/\/www.festivalhopper.de\/news\/wp-json\/wp\/v2\/categories?post=79650"},{"taxonomy":"post_tag","embeddable":true,"href":"https:\/\/www.festivalhopper.de\/news\/wp-json\/wp\/v2\/tags?post=79650"}],"curies":[{"name":"wp","href":"https:\/\/api.w.org\/{rel}","templated":true}]}}