{"id":77229,"date":"2013-04-15T17:54:22","date_gmt":"2013-04-15T15:54:22","guid":{"rendered":"http:\/\/www.festivalhopper.de\/news\/?p=77229"},"modified":"2013-04-15T20:09:55","modified_gmt":"2013-04-15T18:09:55","slug":"neu-im-line-up-urban-art-forms","status":"publish","type":"post","link":"https:\/\/www.festivalhopper.de\/news\/2013\/04\/15\/neu-im-line-up-urban-art-forms\/","title":{"rendered":"N\u00e4chste Act-Welle f\u00fcr das Urban Art Forms Festival 2013"},"content":{"rendered":"<p><a href=\"https:\/\/www.festivalhopper.de\/news\/wp-content\/uploads\/2013\/04\/urban-art-forms-2013.jpg\"><img loading=\"lazy\" decoding=\"async\" class=\"alignleft size-medium wp-image-77233\" alt=\"urban art forms 2013\" src=\"https:\/\/www.festivalhopper.de\/news\/wp-content\/uploads\/2013\/04\/urban-art-forms-2013-300x135.jpg\" width=\"300\" height=\"135\" srcset=\"https:\/\/www.festivalhopper.de\/news\/wp-content\/uploads\/2013\/04\/urban-art-forms-2013-300x135.jpg 300w, https:\/\/www.festivalhopper.de\/news\/wp-content\/uploads\/2013\/04\/urban-art-forms-2013.jpg 1024w\" sizes=\"auto, (max-width: 300px) 100vw, 300px\" \/><\/a>Anfang Juli 2013 (<strong>04. bis 06.07.<\/strong>) trifft sich wieder die Elite der elektronischen Musik <strong>am \u00f6sterreichischen Schwarzlsee in der N\u00e4he von Graz<\/strong>. Das Line-Up sieht ja schon sehr gut aus, aber nun setzen die Veranstalter noch mal einen drauf und geben gleich mehrere Namen f\u00fcr das <a href=\"https:\/\/www.festivalhopper.de\/festival\/eristoff-tracks-urban-art-forms-festival-2013\">Urban Art Forms Festival 2013<\/a> bekannt. <!--more--> Das <strong>drittgr\u00f6\u00dfte Festival \u00d6sterreichs<\/strong> ist jedes Jahr <strong>sehr beliebt bei den Anh\u00e4ngern der elektronischen Tanzmusik<\/strong>. Doch nicht nur die K\u00fcnstler und die Musik locken die G\u00e4ste zum Schwarzlsee, sondern nat\u00fcrlich auch das <strong>wundervolle Ambiente<\/strong>. Zum Entspannen ist die Location ideal geeignet. Erst tanzen und feiern, dann chillen, Urlaub machen, das Wasser und die Sonne genie\u00dfen &#8211; die Reihenfolge der Aktivit\u00e4ten ist dabei jedem selbst \u00fcberlassen.<\/p>\n<p><a href=\"https:\/\/www.festivalhopper.de\/news\/wp-content\/uploads\/2013\/02\/knife-party.jpg\"><img loading=\"lazy\" decoding=\"async\" class=\"alignright  wp-image-74692\" alt=\"knife party\" src=\"https:\/\/www.festivalhopper.de\/news\/wp-content\/uploads\/2013\/02\/knife-party-300x200.jpg\" width=\"270\" height=\"180\" srcset=\"https:\/\/www.festivalhopper.de\/news\/wp-content\/uploads\/2013\/02\/knife-party-300x200.jpg 300w, https:\/\/www.festivalhopper.de\/news\/wp-content\/uploads\/2013\/02\/knife-party.jpg 409w\" sizes=\"auto, (max-width: 270px) 100vw, 270px\" \/><\/a>Wer <strong>neu im Line-Up<\/strong> ist, seht ihr hier: <a href=\"https:\/\/www.festivalhopper.de\/bands\/karten\/knife-party.php\">KNIFE PARTY<\/a>, <a href=\"https:\/\/www.festivalhopper.de\/bands\/karten\/zedd.php\">ZEDD<\/a>, FEED ME DJ Set, <a href=\"https:\/\/www.festivalhopper.de\/bands\/karten\/chris-liebing.php\">CHRIS LIEBING<\/a>, NICONE &amp; SASCHA BRAEMER, FORMAT:B, TUBE &amp; BERGER, TC, THE ZOMBIE KIDS, <a href=\"https:\/\/www.festivalhopper.de\/bands\/karten\/fm-belfast.php\">FM BELFAST<\/a>, FOURWARD, TAI, BELTEK, DISASZT, RAMPUE live, JONAS MANTEY live, SUTTER CANE, BEWARE &amp; FUNCTIONIST, JOYCE MUNIZ, PADRE EL FERENCO, DER WANDERER, DANIEL MORGENSTERN, DUBESQUE, MASSOUD, STEVE LOONEY, BEN DRILL, CHRIS STOHL, JENNY <a href=\"https:\/\/www.festivalhopper.de\/news\/wp-content\/uploads\/2012\/07\/chris-liebing.jpg\"><img loading=\"lazy\" decoding=\"async\" class=\"alignright  wp-image-66919\" alt=\"chris-liebing\" src=\"https:\/\/www.festivalhopper.de\/news\/wp-content\/uploads\/2012\/07\/chris-liebing-300x194.jpg\" width=\"270\" height=\"175\" srcset=\"https:\/\/www.festivalhopper.de\/news\/wp-content\/uploads\/2012\/07\/chris-liebing-300x194.jpg 300w, https:\/\/www.festivalhopper.de\/news\/wp-content\/uploads\/2012\/07\/chris-liebing.jpg 518w\" sizes=\"auto, (max-width: 270px) 100vw, 270px\" \/><\/a>DELANO, MAX HIZZLE, HALLERSON, DJ SNARE, PANDORA &amp; CODA, MC DAXTA, STORK CREW, DEFILLA, HATTORI &amp; BASS.IKK, JANDA, BC-SYSTEM, MOTSA, MISCHKONSUM &amp; DINO DE MEES, BEN-E, JENS TIMBER, DANNY LA VEGA b2b PACO DI BANGO, MARTIN FREUDENTANZ, MOSBEE, APUA &amp; KWAK, DAVID MOGYORO, DJANE EOS, MAT &amp; CONCEPT, SPACEANT, UZ, ZINC, NICK HOOK, SINJIN HAWKE, CID RIM, WOLFRAM, PUSCHMANN, VUK &amp; DIDIER, FELONEEZY und BITZ. Von Techno \u00fcber House bis zu elektronisch beeinflusste Indie-Musik ist alles dabei. Das UAF Festival versteift sich<strong> nicht nur auf eine bestimmte Musikrichtung<\/strong>, sondern l\u00e4sst den K\u00fcnstlern Freiraum, um ihre Stile zum Ausdruck zu bringen.<\/p>\n<p>Neben der Mainstage gibt es in diesem Jahr wieder die <strong>Drum&#8217;n&#8217;Bass-Stage<\/strong> und die <strong>Red Bull Music Academy Stage<\/strong>. Alle B\u00fchnen werden durch <strong>spannende Licht- und Videoperfomances<\/strong> in Szene gesetzt. Somit gibt es nicht nur auf die Ohren, sondern auch noch auf die Augen &#8211; <strong>Audiovisualit\u00e4t<\/strong> ist hier das Stichwort.<\/p>\n<p><strong>Tickets<\/strong> bekommt ihr f\u00fcr <strong>99 \u20ac<\/strong> (Weekend-Pass) bzw. f\u00fcr 183 \u20ac (VIP-Ticket). Zus\u00e4tzlich fallen die gewohnten VVK-Geb\u00fchren an. Im Preis sind bereist Camping und Parken enthalten. Zuletzt wurden <a href=\"https:\/\/www.festivalhopper.de\/news\/2012\/12\/27\/urban-art-forms-the-prodigy-seeed-deichkind-schwarzlsee\/\">The Prodigy, Seeed, Deichkind uvm f\u00fcrs UAF<\/a> best\u00e4tigt. Zur Ticketbestellung geht es <a href=\"https:\/\/www.festivalhopper.de\/tickets-bestellen\/eristoff-tracks-urban-art-forms-festival.html\">hier<\/a> entlang. Infos, den Timetable, das komplette (bisherige) Line-Up und vieles mehr k\u00f6nnt ihr auf www.urbanartforms.com nachlesen.<\/p>\n<p><iframe loading=\"lazy\" title=\"URBAN ART FORMS 2013 - TV Spot\" width=\"500\" height=\"281\" src=\"https:\/\/www.youtube.com\/embed\/wrCN4ecWIH0?feature=oembed\" frameborder=\"0\" allow=\"accelerometer; autoplay; clipboard-write; encrypted-media; gyroscope; picture-in-picture; web-share\" referrerpolicy=\"strict-origin-when-cross-origin\" allowfullscreen><\/iframe><\/p>","protected":false},"excerpt":{"rendered":"<p>Anfang Juli 2013 (04. bis 06.07.) trifft sich wieder die Elite der elektronischen Musik am \u00f6sterreichischen Schwarzlsee in der N\u00e4he von Graz. Das Line-Up sieht ja schon sehr gut aus, aber nun setzen die Veranstalter noch mal einen drauf und geben gleich mehrere Namen f\u00fcr das Urban Art Forms Festival 2013 bekannt.<\/p>\n","protected":false},"author":373,"featured_media":0,"comment_status":"open","ping_status":"open","sticky":false,"template":"","format":"standard","meta":{"footnotes":""},"categories":[5,2,619,40,24,9,20],"tags":[],"class_list":["post-77229","post","type-post","status-publish","format-standard","hentry","category-elektronische-musik","category-festivalnews","category-festivals-2013","category-festivals-in-europa","category-neue-bands","category-oesterreich","category-tickets-kaufen"],"_links":{"self":[{"href":"https:\/\/www.festivalhopper.de\/news\/wp-json\/wp\/v2\/posts\/77229","targetHints":{"allow":["GET"]}}],"collection":[{"href":"https:\/\/www.festivalhopper.de\/news\/wp-json\/wp\/v2\/posts"}],"about":[{"href":"https:\/\/www.festivalhopper.de\/news\/wp-json\/wp\/v2\/types\/post"}],"author":[{"embeddable":true,"href":"https:\/\/www.festivalhopper.de\/news\/wp-json\/wp\/v2\/users\/373"}],"replies":[{"embeddable":true,"href":"https:\/\/www.festivalhopper.de\/news\/wp-json\/wp\/v2\/comments?post=77229"}],"version-history":[{"count":1,"href":"https:\/\/www.festivalhopper.de\/news\/wp-json\/wp\/v2\/posts\/77229\/revisions"}],"predecessor-version":[{"id":144297,"href":"https:\/\/www.festivalhopper.de\/news\/wp-json\/wp\/v2\/posts\/77229\/revisions\/144297"}],"wp:attachment":[{"href":"https:\/\/www.festivalhopper.de\/news\/wp-json\/wp\/v2\/media?parent=77229"}],"wp:term":[{"taxonomy":"category","embeddable":true,"href":"https:\/\/www.festivalhopper.de\/news\/wp-json\/wp\/v2\/categories?post=77229"},{"taxonomy":"post_tag","embeddable":true,"href":"https:\/\/www.festivalhopper.de\/news\/wp-json\/wp\/v2\/tags?post=77229"}],"curies":[{"name":"wp","href":"https:\/\/api.w.org\/{rel}","templated":true}]}}