{"id":7452,"date":"2009-04-24T15:40:13","date_gmt":"2009-04-24T13:40:13","guid":{"rendered":"http:\/\/www.festivalhopper.de\/news\/?p=7452"},"modified":"2009-04-26T16:16:17","modified_gmt":"2009-04-26T14:16:17","slug":"summerdays-festival-2009-komplett","status":"publish","type":"post","link":"https:\/\/www.festivalhopper.de\/news\/2009\/04\/24\/summerdays-festival-2009-komplett\/","title":{"rendered":"SummerDays Festival 2009 komplett"},"content":{"rendered":"<p><a href=\"https:\/\/www.festivalhopper.de\/news\/wp-content\/uploads\/2009\/04\/patrice_1.jpg\"><img loading=\"lazy\" decoding=\"async\" class=\"size-thumbnail wp-image-7546 alignleft\" title=\"patrice\" src=\"https:\/\/www.festivalhopper.de\/news\/wp-content\/uploads\/2009\/04\/patrice_1-150x150.jpg\" alt=\"patrice\" width=\"150\" height=\"150\" \/><\/a><a title=\"Patrice\" href=\"\/bands\/karten\/patrice.php\">Patrice<\/a> und <a title=\"M\u00e4nner Am Meer\" href=\"\/bands\/karten\/maenner-am-meer.php\">M\u00e4nner Am Meer<\/a> am <a href=\"https:\/\/www.festivalhopper.de\/festival\/summerdays-festival-2009\">SummerDays Festival<\/a>.<\/p>\n<p>Ausserdem komplettieren  <a title=\"Slam &amp; Howie And The Reserve Men\" href=\"\/bands\/karten\/slam-howie-and-the-reserve-men.php\">Slam &amp; Howie And The Reserve Men<\/a>, <a title=\"Big Band One For You\" href=\"\/bands\/karten\/big-band-one-for-you.php\">Big Band One For You<\/a> und <a title=\"Chor Amazonas\" href=\"\/bands\/karten\/chor-amazonas.php\">Chor Amazonas<\/a> das attraktive Programm des diesj\u00e4hrigen <a href=\"https:\/\/www.festivalhopper.de\/festival\/summerdays-festival-2009\">SummerDays Festival<\/a> am <strong>letzten Augustwochenende<\/strong> im schweizerischen <strong>Arbon<\/strong>.<\/p>\n<p><!--more-->Zuvor best\u00e4tigt waren bereits: <a title=\"Bj\u00d6rn Again\" href=\"\/bands\/karten\/bj-rn-again.php\">Bj\u00f6rn Again<\/a>, <a title=\"Bligg\" href=\"\/bands\/karten\/bligg.php\">Bligg<\/a>, <a title=\"Deep Purple\" href=\"\/bands\/karten\/deep-purple.php\">Deep Purple<\/a>, <a title=\"Dieter Thomas Kuhn\" href=\"\/bands\/karten\/dieter-thomas-kuhn.php\">Dieter Thomas Kuhn<\/a>, <a title=\"G\u00f6l\u00e4\" href=\"\/bands\/karten\/goelae.php\">G\u00f6l\u00e4<\/a>, <a title=\"Migu\" href=\"\/bands\/karten\/migu.php\">Migu<\/a>, <a title=\"Pegasus\" href=\"\/bands\/karten\/pegasus.php\">Pegasus<\/a>, <a title=\"Philipp Fankhauser\" href=\"\/bands\/karten\/philipp-fankhauser.php\">Philipp Fankhauser<\/a>, <a title=\"Ritschi\" href=\"\/bands\/karten\/ritschi.php\">Ritschi<\/a> und <a title=\"Uriah Heep\" href=\"\/bands\/karten\/uriah-heep.php\">Uriah Heep<\/a>.<\/p>\n<p>Er\u00f6ffnet wird das SummerDays Festival am <strong>Freitag, 28.08.2009<\/strong> von <strong>Slam &amp; Howie and the Reserve Men<\/strong>. Das <strong>Country-Quartett<\/strong> reitet mit dem aktuellen Album <strong><em>Guilty<\/em><\/strong> in den Satteltaschen seit vielen Monaten von einer europ\u00e4ischen B\u00fchne zur n\u00e4chsten.<\/p>\n<p><a href=\"https:\/\/www.festivalhopper.de\/news\/wp-content\/uploads\/2009\/04\/deeppurple1_1.jpg\"><img loading=\"lazy\" decoding=\"async\" class=\"alignnone size-thumbnail wp-image-7550\" title=\"deeppurple1\" src=\"https:\/\/www.festivalhopper.de\/news\/wp-content\/uploads\/2009\/04\/deeppurple1_1-150x150.jpg\" alt=\"deeppurple1\" width=\"150\" height=\"150\" \/><\/a> <a href=\"https:\/\/www.festivalhopper.de\/news\/wp-content\/uploads\/2009\/04\/goelae1_1.jpg\"><img loading=\"lazy\" decoding=\"async\" class=\"alignnone size-thumbnail wp-image-7551\" title=\"goelae1\" src=\"https:\/\/www.festivalhopper.de\/news\/wp-content\/uploads\/2009\/04\/goelae1_1-150x150.jpg\" alt=\"goelae1\" width=\"150\" height=\"150\" \/><\/a> <a href=\"https:\/\/www.festivalhopper.de\/news\/wp-content\/uploads\/2009\/04\/bligg1_1.jpg\"><img loading=\"lazy\" decoding=\"async\" class=\"alignnone size-thumbnail wp-image-7552\" title=\"bligg1\" src=\"https:\/\/www.festivalhopper.de\/news\/wp-content\/uploads\/2009\/04\/bligg1_1-150x150.jpg\" alt=\"bligg1\" width=\"150\" height=\"150\" \/><\/a><\/p>\n<p>Der <strong>Samstagnachmittag<\/strong> bekommt mit <a title=\"M\u00e4nner Am Meer\" href=\"\/bands\/karten\/maenner-am-meer.php\">M\u00e4nner Am Meer<\/a> einen besonders sympathischen Farbtupfer. Unterst\u00fctzt von einer <strong>neunk\u00f6pfigen Band<\/strong> bieten die beiden Frontm\u00e4nner <strong>Ramon<\/strong> und <strong>QC<\/strong> eine \u00e4usserst unterhaltsame Show. Frisch und verbl\u00fcffend vielf\u00e4ltig ist ihr Sound, witzig und clever ihre Texte. Am fr\u00fchen <strong>Samstagabend<\/strong> tritt <a title=\"Patrice\" href=\"\/bands\/karten\/patrice.php\">Patrice<\/a> auf mit seinem ganz eigenen Mix aus <strong>Reggae, Folk, Pop<\/strong> und <strong>Soul<\/strong>.<\/p>\n<p><a href=\"https:\/\/www.festivalhopper.de\/news\/wp-content\/uploads\/2009\/04\/chor-amazonas_1.jpg\"><img loading=\"lazy\" decoding=\"async\" class=\"alignnone size-thumbnail wp-image-7553\" title=\"chor-amazonas\" src=\"https:\/\/www.festivalhopper.de\/news\/wp-content\/uploads\/2009\/04\/chor-amazonas_1-150x150.jpg\" alt=\"chor-amazonas\" width=\"150\" height=\"150\" \/><\/a> <a href=\"https:\/\/www.festivalhopper.de\/news\/wp-content\/uploads\/2009\/04\/big-band_1.jpg\"><img loading=\"lazy\" decoding=\"async\" class=\"alignnone size-thumbnail wp-image-7554\" title=\"big-band\" src=\"https:\/\/www.festivalhopper.de\/news\/wp-content\/uploads\/2009\/04\/big-band_1-150x150.jpg\" alt=\"big-band\" width=\"150\" height=\"150\" \/><\/a> <a href=\"https:\/\/www.festivalhopper.de\/news\/wp-content\/uploads\/2009\/04\/fankhauser2_1.jpg\"><img loading=\"lazy\" decoding=\"async\" class=\"alignnone size-thumbnail wp-image-7555\" title=\"fankhauser2\" src=\"https:\/\/www.festivalhopper.de\/news\/wp-content\/uploads\/2009\/04\/fankhauser2_1-150x150.jpg\" alt=\"fankhauser2\" width=\"150\" height=\"150\" srcset=\"https:\/\/www.festivalhopper.de\/news\/wp-content\/uploads\/2009\/04\/fankhauser2_1-150x150.jpg 150w, https:\/\/www.festivalhopper.de\/news\/wp-content\/uploads\/2009\/04\/fankhauser2_1-300x300.jpg 300w, https:\/\/www.festivalhopper.de\/news\/wp-content\/uploads\/2009\/04\/fankhauser2_1.jpg 800w\" sizes=\"auto, (max-width: 150px) 100vw, 150px\" \/><\/a><\/p>\n<p>Am <strong>Sonntag, 30.08.2009<\/strong>, gibt es Gratis-Konzerte, die in Verbindung mit dem <strong>slowUp Bodensee<\/strong> auf dem Programm stehen. Los gehts dann mit dem <strong>Chors Amazonas<\/strong>, gemeinsam mit der <strong>Big Band One For You<\/strong>. Das Repertoire reicht von <strong>Gospel \u00fcber Funk und Pop bis hin zu rockigen Kl\u00e4ngen<\/strong>.<\/p>\n<p><a href=\"https:\/\/www.festivalhopper.de\/news\/wp-content\/uploads\/2009\/04\/dkt1_1.jpg\"><img loading=\"lazy\" decoding=\"async\" class=\"alignnone size-thumbnail wp-image-7556\" title=\"dkt1\" src=\"https:\/\/www.festivalhopper.de\/news\/wp-content\/uploads\/2009\/04\/dkt1_1-150x150.jpg\" alt=\"dkt1\" width=\"150\" height=\"150\" \/><\/a> <a href=\"https:\/\/www.festivalhopper.de\/news\/wp-content\/uploads\/2009\/04\/dkt2_1.jpg\"><img loading=\"lazy\" decoding=\"async\" class=\"alignnone size-thumbnail wp-image-7557\" title=\"dkt2\" src=\"https:\/\/www.festivalhopper.de\/news\/wp-content\/uploads\/2009\/04\/dkt2_1-150x150.jpg\" alt=\"dkt2\" width=\"150\" height=\"150\" \/><\/a> <a href=\"https:\/\/www.festivalhopper.de\/news\/wp-content\/uploads\/2009\/04\/jaegerbild1_1.jpg\"><img loading=\"lazy\" decoding=\"async\" class=\"alignnone size-thumbnail wp-image-7558\" title=\"jaegerbild1\" src=\"https:\/\/www.festivalhopper.de\/news\/wp-content\/uploads\/2009\/04\/jaegerbild1_1-150x150.jpg\" alt=\"jaegerbild1\" width=\"150\" height=\"150\" \/><\/a><\/p>\n<p>Das Programm des <a href=\"https:\/\/www.festivalhopper.de\/festival\/summerdays-festival-2009\">SummerDays Festivals 2009<\/a> (\u00c4nderungen vorbehalten):<\/p>\n<blockquote><p><strong>Freitag, 28. August 2009<\/strong><br \/>\n17.00 Uhr    Slam &amp; Howie and the Reserve Men (CH)<br \/>\n18.30 Uhr    Philipp Fankhauser (CH)<br \/>\n20.30 Uhr    Uriah Heep (UK)<br \/>\n22.30 Uhr    Deep Purple (UK)<br \/>\n00.45 Uhr    Bj\u00f6rn Again (AUS)<\/p><\/blockquote>\n<blockquote><p><strong>Samstag, 29. August 2009<\/strong><br \/>\n12.00 Uhr    Migu (CH)<br \/>\n13.15 Uhr    Pegasus (CH)<br \/>\n15.00 Uhr    M\u00e4nner am Meer (CH)<br \/>\n16.45 Uhr    Ritschi (CH)<br \/>\n18.30 Uhr    Patrice (D)<br \/>\n20.30 Uhr    Bligg (CH)<br \/>\n22.30 Uhr    G\u00f6l\u00e4 (CH)<br \/>\n00.45 Uhr    Dieter Thomas Kuhn &amp; Band (D)<\/p><\/blockquote>\n<blockquote><p><strong>Sonntag, 30. August 2009<\/strong> (Gratiskonzerte)<br \/>\n11.00 Uhr    Big Band One For You &amp; Chor Amazonas (CH)<br \/>\n12.45 Uhr    Marius &amp; die Jagdkapelle (CH)<br \/>\n14.30 Uhr    Red Cube (CH)<\/p><\/blockquote>\n<p><a href=\"https:\/\/www.festivalhopper.de\/news\/wp-content\/uploads\/2009\/04\/ritschi2_1.jpg\"><img loading=\"lazy\" decoding=\"async\" class=\"alignnone size-thumbnail wp-image-7559\" title=\"ritschi2\" src=\"https:\/\/www.festivalhopper.de\/news\/wp-content\/uploads\/2009\/04\/ritschi2_1-150x150.jpg\" alt=\"ritschi2\" width=\"150\" height=\"150\" \/><\/a> <a href=\"https:\/\/www.festivalhopper.de\/news\/wp-content\/uploads\/2009\/04\/slam-howie_1.jpg\"><img loading=\"lazy\" decoding=\"async\" class=\"alignnone size-thumbnail wp-image-7560\" title=\"slam-howie\" src=\"https:\/\/www.festivalhopper.de\/news\/wp-content\/uploads\/2009\/04\/slam-howie_1-150x150.jpg\" alt=\"slam-howie\" width=\"150\" height=\"150\" \/><\/a> <a href=\"https:\/\/www.festivalhopper.de\/news\/wp-content\/uploads\/2009\/04\/bjoern_1.jpg\"><img loading=\"lazy\" decoding=\"async\" class=\"alignnone size-thumbnail wp-image-7561\" title=\"bjoern\" src=\"https:\/\/www.festivalhopper.de\/news\/wp-content\/uploads\/2009\/04\/bjoern_1-150x150.jpg\" alt=\"bjoern\" width=\"150\" height=\"150\" \/><\/a><\/p>\n<p><strong>Der Vorverkauf l\u00e4uft:<\/strong><br \/>\nEs sind noch regul\u00e4re Tickets f\u00fcrs <a href=\"https:\/\/www.festivalhopper.de\/festival\/summerdays-festival-2009\">SummerDays Festival 2009<\/a> erh\u00e4ltlich. Zur Wahl stehen <strong>1- oder 2-Tagesp\u00e4sse<\/strong> sowie <strong>Familientickets<\/strong>. Weitere Infos gibts <a href=\"https:\/\/www.festivalhopper.de\/festival\/summerdays-festival-2009\">hier<\/a> und unter <a href=\"https:\/\/summerdays.ch\/\" target=\"_blank\" rel=\"noopener\">www.summerdays.ch<\/a>.<\/p>","protected":false},"excerpt":{"rendered":"<p>Patrice und M\u00e4nner Am Meer am SummerDays Festival. Ausserdem komplettieren Slam &amp; Howie And The Reserve Men, Big Band One For You und Chor Amazonas das attraktive Programm des diesj\u00e4hrigen SummerDays Festival am letzten Augustwochenende im schweizerischen Arbon.<\/p>\n","protected":false},"author":45,"featured_media":0,"comment_status":"open","ping_status":"open","sticky":false,"template":"","format":"standard","meta":{"footnotes":""},"categories":[2,131,40,10,24,6,21,20,28,19],"tags":[],"class_list":["post-7452","post","type-post","status-publish","format-standard","hentry","category-festivalnews","category-festivals-2009","category-festivals-in-europa","category-konzerttipps","category-neue-bands","category-rock-festivals","category-schweiz","category-tickets-kaufen","category-umsonst-und-draussen","category-welt-musik"],"_links":{"self":[{"href":"https:\/\/www.festivalhopper.de\/news\/wp-json\/wp\/v2\/posts\/7452","targetHints":{"allow":["GET"]}}],"collection":[{"href":"https:\/\/www.festivalhopper.de\/news\/wp-json\/wp\/v2\/posts"}],"about":[{"href":"https:\/\/www.festivalhopper.de\/news\/wp-json\/wp\/v2\/types\/post"}],"author":[{"embeddable":true,"href":"https:\/\/www.festivalhopper.de\/news\/wp-json\/wp\/v2\/users\/45"}],"replies":[{"embeddable":true,"href":"https:\/\/www.festivalhopper.de\/news\/wp-json\/wp\/v2\/comments?post=7452"}],"version-history":[{"count":1,"href":"https:\/\/www.festivalhopper.de\/news\/wp-json\/wp\/v2\/posts\/7452\/revisions"}],"predecessor-version":[{"id":142042,"href":"https:\/\/www.festivalhopper.de\/news\/wp-json\/wp\/v2\/posts\/7452\/revisions\/142042"}],"wp:attachment":[{"href":"https:\/\/www.festivalhopper.de\/news\/wp-json\/wp\/v2\/media?parent=7452"}],"wp:term":[{"taxonomy":"category","embeddable":true,"href":"https:\/\/www.festivalhopper.de\/news\/wp-json\/wp\/v2\/categories?post=7452"},{"taxonomy":"post_tag","embeddable":true,"href":"https:\/\/www.festivalhopper.de\/news\/wp-json\/wp\/v2\/tags?post=7452"}],"curies":[{"name":"wp","href":"https:\/\/api.w.org\/{rel}","templated":true}]}}