{"id":70758,"date":"2012-09-25T15:32:18","date_gmt":"2012-09-25T13:32:18","guid":{"rendered":"http:\/\/www.festivalhopper.de\/news\/?p=70758"},"modified":"2012-10-01T14:35:32","modified_gmt":"2012-10-01T12:35:32","slug":"reeperbahn-festival-2012-samstag","status":"publish","type":"post","link":"https:\/\/www.festivalhopper.de\/news\/2012\/09\/25\/reeperbahn-festival-2012-samstag\/","title":{"rendered":"Reeperbahn Festival 2012 \u2013 Samstag"},"content":{"rendered":"<div id=\"attachment_70759\" style=\"width: 310px\" class=\"wp-caption alignleft\"><a href=\"https:\/\/www.festivalhopper.de\/news\/wp-content\/uploads\/2012\/09\/DSC_0050.jpg\"><img loading=\"lazy\" decoding=\"async\" aria-describedby=\"caption-attachment-70759\" class=\"size-medium wp-image-70759\" src=\"https:\/\/www.festivalhopper.de\/news\/wp-content\/uploads\/2012\/09\/DSC_0050-300x200.jpg\" alt=\"\" width=\"300\" height=\"200\" srcset=\"https:\/\/www.festivalhopper.de\/news\/wp-content\/uploads\/2012\/09\/DSC_0050-300x200.jpg 300w, https:\/\/www.festivalhopper.de\/news\/wp-content\/uploads\/2012\/09\/DSC_0050.jpg 1024w\" sizes=\"auto, (max-width: 300px) 100vw, 300px\" \/><\/a><p id=\"caption-attachment-70759\" class=\"wp-caption-text\">Imannu El &#8211; Grosse Freiheit &#8211; Reeperbahn Festival<\/p><\/div>\n<p><strong>Auch vom Samstag beim <a href=\"https:\/\/www.festivalhopper.de\/festival\/reeperbahn-festival-2012\">Reeperbahn Festival 2012<\/a> habe wir wieder einen Bericht parat (hier <a href=\"https:\/\/www.festivalhopper.de\/news\/2012\/09\/21\/reeperbahn-festival-2012-donnerstag\">Teil 1 vom Donnerstag<\/a> und <a href=\"https:\/\/www.festivalhopper.de\/news\/2012\/09\/23\/reeperbahn-festival-2012-freitag\/\">Teil 2 vom Freitag<\/a>) \u2013 <em>die Festivalhopper Tilo und Jessica waren f\u00fcr uns vor Ort<\/em>. In der Galerie gibt es einige <a href=\"https:\/\/www.festivalhopper.de\/bilder\/reeperbahn-festival-2012\/\">Bilder vom Reeperbahn Festival 2012<\/a>.<br \/>\n<\/strong><\/p>\n<p><a href=\"https:\/\/www.festivalhopper.de\/bands\/karten\/immanu-el.php\">Imannu El<\/a> aus <strong>Schweden,\u00a0<\/strong>sind noch eine relativ junge Band, dennoch gibt es diese mittlerweile schon seit 5 Jahren. Ihre Musik ist eine Mischung aus <strong>Post &#8211; Rock<\/strong>, <strong>Ambiente<\/strong> und <strong>Indie &#8211; Rock\/Pop<\/strong>. Sie f\u00fchren den H\u00f6rer durch endlose Klangwelten, beigef\u00fcgt durch die sanften Stimmen der Gebr\u00fcder <strong>Str\u00e4ngberg<\/strong>. Letztes Jahr haben\u00a0<strong>Immanu El<\/strong>\u00a0ihr zweites Album ver\u00f6ffentlicht, aus dem sie gestern u.a. Songs performten. Uns hat ihr Auftritt in der <strong>Grossen Freiheit<\/strong>\u00a0 auf jeden Fall sehr zugesagt, unterhalten und uns einen sch\u00f6nen Start in den letzten Festivaltag beschwert.<\/p>\n<p><!--more--><\/p>\n<div id=\"attachment_70760\" style=\"width: 310px\" class=\"wp-caption alignright\"><a href=\"https:\/\/www.festivalhopper.de\/news\/wp-content\/uploads\/2012\/09\/DSC_0096.jpg\"><img loading=\"lazy\" decoding=\"async\" aria-describedby=\"caption-attachment-70760\" class=\"size-medium wp-image-70760\" src=\"https:\/\/www.festivalhopper.de\/news\/wp-content\/uploads\/2012\/09\/DSC_0096-300x200.jpg\" alt=\"\" width=\"300\" height=\"200\" srcset=\"https:\/\/www.festivalhopper.de\/news\/wp-content\/uploads\/2012\/09\/DSC_0096-300x200.jpg 300w, https:\/\/www.festivalhopper.de\/news\/wp-content\/uploads\/2012\/09\/DSC_0096.jpg 1024w\" sizes=\"auto, (max-width: 300px) 100vw, 300px\" \/><\/a><p id=\"caption-attachment-70760\" class=\"wp-caption-text\">Ben Caplin &#8211; Hoersaal &#8211; Reeperbahn Festival 2012<\/p><\/div>\n<p><strong>Ben Caplin <\/strong>kommt aus <strong>Halifax, Kanada<\/strong>. Seine Musik ist dem <strong>Singer- \/ Songwriter<\/strong> und <strong>Indie Pop<\/strong> zuzuordnen. Er begann seinen Slot gegen 21.30 Uhr im v\u00f6llig \u00fcberf\u00fcllten <strong>H\u00f6rsaal<\/strong>. Wer es vor dem Auftritt des Kanadiers nicht geschafft hat hereinzukommen, war darauf angewiesen, auf Leute zu warten die dieses Lokalit\u00e4t verliessen. Sein Markenzeichen k\u00f6nnte sein Bart sein, wie man ihn bei seinen Genre &#8211; Kollegen\u00a0<strong>William Fitzsimmons <\/strong>oder <strong>Bon Iver <\/strong>findet. Jedenfalls brauch dieser Mann nicht viel, um sein Publikum zu unterhalten, auch nicht an diesem Abend. Durch seine raue, kr\u00e4ftige Stimme, den dazugeh\u00f6rigen Gitarrensound und Geschichten, die er immer wieder zwischen den Songs preisgab, manchmal auch in Titel verpackt, waren eine Augenweide. Ohne Frage ein K\u00fcnstler der Spass an dem hat was er tut und diese wusste er gut auf das Publikum und auch uns zu \u00fcbertragen.<\/p>\n<div id=\"attachment_70761\" style=\"width: 310px\" class=\"wp-caption alignleft\"><a href=\"https:\/\/www.festivalhopper.de\/news\/wp-content\/uploads\/2012\/09\/DSC_0191.jpg\"><img loading=\"lazy\" decoding=\"async\" aria-describedby=\"caption-attachment-70761\" class=\"size-medium wp-image-70761\" src=\"https:\/\/www.festivalhopper.de\/news\/wp-content\/uploads\/2012\/09\/DSC_0191-300x200.jpg\" alt=\"\" width=\"300\" height=\"200\" srcset=\"https:\/\/www.festivalhopper.de\/news\/wp-content\/uploads\/2012\/09\/DSC_0191-300x200.jpg 300w, https:\/\/www.festivalhopper.de\/news\/wp-content\/uploads\/2012\/09\/DSC_0191.jpg 1024w\" sizes=\"auto, (max-width: 300px) 100vw, 300px\" \/><\/a><p id=\"caption-attachment-70761\" class=\"wp-caption-text\">The Temper Trap &#8211; Docks &#8211; Reeperbahn Festival 2012<\/p><\/div>\n<p><a href=\"https:\/\/www.festivalhopper.de\/bands\/karten\/the-temper-trap.php\">Temper Trap<\/a><strong> <\/strong>besteht aus 5 Mitgliedern &#8211; darunter <strong>Dougy Mandagi, Jonathon Atherne, Toby Dundas, Lorenzo Sillillitto <\/strong>und<strong> Joseph Greer. <\/strong>Sie stammen aus <strong>Melbourne, Australien<\/strong> und machen vertr\u00e4umten, s\u00fcsslichen, sch\u00f6nen <strong>Indie Rock<\/strong>, der begleitet und untermalt wird von der hohen Stimme des S\u00e4ngers. Wir fanden den Auftritt einfach nur Klasse und kommen derzeit kaum umher, die Alben rauf und runter zu h\u00f6ren. Der Auftritt von Temper Trap war ohne jeden Zweifel ein Highlight des diesj\u00e4hrigen <strong>Reeperbahn Festivals<\/strong>.<\/p>\n<div id=\"attachment_70762\" style=\"width: 310px\" class=\"wp-caption alignright\"><a href=\"https:\/\/www.festivalhopper.de\/news\/wp-content\/uploads\/2012\/09\/DSC_0219.jpg\"><img loading=\"lazy\" decoding=\"async\" aria-describedby=\"caption-attachment-70762\" class=\"size-medium wp-image-70762\" src=\"https:\/\/www.festivalhopper.de\/news\/wp-content\/uploads\/2012\/09\/DSC_0219-300x200.jpg\" alt=\"\" width=\"300\" height=\"200\" srcset=\"https:\/\/www.festivalhopper.de\/news\/wp-content\/uploads\/2012\/09\/DSC_0219-300x200.jpg 300w, https:\/\/www.festivalhopper.de\/news\/wp-content\/uploads\/2012\/09\/DSC_0219.jpg 1024w\" sizes=\"auto, (max-width: 300px) 100vw, 300px\" \/><\/a><p id=\"caption-attachment-70762\" class=\"wp-caption-text\">Reeperbahn Festival 2012<\/p><\/div>\n<p>Unsere letzte und zugleich lauteste Station f\u00fcr diesen Abend sollten <a href=\"https:\/\/www.festivalhopper.de\/bands\/karten\/gallows.php\">Gallows<\/a> im <strong>Gruenspan<\/strong> sein. Die 4 Engl\u00e4nder machen <strong>Hardcore Punk <\/strong>und das tun sie mit vollem K\u00f6rpereinsatz. Da kann es auch mal sein, das S\u00e4nger <strong>Wade McNeil <\/strong>im Pogo Moshpit unter tanzenden Fans wieder zu finden ist.<\/p>\n<p>&nbsp;<\/p>\n<p>Hiermit endet f\u00fcr uns das Reeperbahn Festival in diesem Jahre. Wir sagen Danke f\u00fcr all das was wir erleben durften und schauen mit einem lachenden und weinenden Auge auf eine tolle Zeit zur\u00fcck. Danke liebes\u00a0<a href=\"https:\/\/www.festivalhopper.de\/festival\/reeperbahn-festival-2013\"><strong>Reeperbahn Festival<\/strong><\/a>, wir sehen uns <strong>2013<\/strong> (dann vom 26. bis 28. September) mit Sicherheit wieder. <strong>Bis dahin, mach&#8217;s gut, bleib so wie du bist und bis bald.<\/strong><\/p>\n<p>&nbsp;<\/p>\n<p><strong>Text: Jessica Pohl &amp; Tilo Kracht \u2013 Fotos: Tilo Kracht<\/strong><\/p>","protected":false},"excerpt":{"rendered":"<p>Auch vom Samstag beim Reeperbahn Festival 2012 habe wir wieder einen Bericht parat (hier Teil 1 vom Donnerstag und Teil 2 vom Freitag) \u2013 die Festivalhopper Tilo und Jessica waren f\u00fcr uns vor Ort. In der Galerie gibt es einige Bilder vom Reeperbahn Festival 2012. Imannu El aus Schweden,\u00a0sind noch eine relativ junge Band, dennoch [&hellip;]<\/p>\n","protected":false},"author":287,"featured_media":0,"comment_status":"open","ping_status":"open","sticky":false,"template":"","format":"standard","meta":{"footnotes":""},"categories":[35,7,2,516,42,15,18,6],"tags":[618,554,757],"class_list":["post-70758","post","type-post","status-publish","format-standard","hentry","category-festivalberichte","category-festivalbilder","category-festivalnews","category-festivals-2012","category-indie-festivals","category-indoor-festivals","category-kneipenfestivals","category-rock-festivals","tag-618","tag-hamburg","tag-reeperbahn-festival"],"_links":{"self":[{"href":"https:\/\/www.festivalhopper.de\/news\/wp-json\/wp\/v2\/posts\/70758","targetHints":{"allow":["GET"]}}],"collection":[{"href":"https:\/\/www.festivalhopper.de\/news\/wp-json\/wp\/v2\/posts"}],"about":[{"href":"https:\/\/www.festivalhopper.de\/news\/wp-json\/wp\/v2\/types\/post"}],"author":[{"embeddable":true,"href":"https:\/\/www.festivalhopper.de\/news\/wp-json\/wp\/v2\/users\/287"}],"replies":[{"embeddable":true,"href":"https:\/\/www.festivalhopper.de\/news\/wp-json\/wp\/v2\/comments?post=70758"}],"version-history":[{"count":0,"href":"https:\/\/www.festivalhopper.de\/news\/wp-json\/wp\/v2\/posts\/70758\/revisions"}],"wp:attachment":[{"href":"https:\/\/www.festivalhopper.de\/news\/wp-json\/wp\/v2\/media?parent=70758"}],"wp:term":[{"taxonomy":"category","embeddable":true,"href":"https:\/\/www.festivalhopper.de\/news\/wp-json\/wp\/v2\/categories?post=70758"},{"taxonomy":"post_tag","embeddable":true,"href":"https:\/\/www.festivalhopper.de\/news\/wp-json\/wp\/v2\/tags?post=70758"}],"curies":[{"name":"wp","href":"https:\/\/api.w.org\/{rel}","templated":true}]}}