{"id":68885,"date":"2012-08-23T14:23:38","date_gmt":"2012-08-23T12:23:38","guid":{"rendered":"http:\/\/www.festivalhopper.de\/news\/?p=68885"},"modified":"2012-08-22T20:04:32","modified_gmt":"2012-08-22T18:04:32","slug":"auf-den-daechern-add-festival-berlin-livestream","status":"publish","type":"post","link":"https:\/\/www.festivalhopper.de\/news\/2012\/08\/23\/auf-den-daechern-add-festival-berlin-livestream\/","title":{"rendered":"Auf den D\u00e4chern Festival in Berlin"},"content":{"rendered":"<p><a href=\"https:\/\/www.festivalhopper.de\/news\/wp-content\/uploads\/2012\/08\/auf-den-daechern-festival-PR-Bild.jpg\"><img loading=\"lazy\" decoding=\"async\" class=\"alignleft size-medium wp-image-69772\" title=\"auf-den-daechern-festival-PR-Bild\" src=\"https:\/\/www.festivalhopper.de\/news\/wp-content\/uploads\/2012\/08\/auf-den-daechern-festival-PR-Bild-300x199.jpg\" alt=\"\" width=\"300\" height=\"199\" srcset=\"https:\/\/www.festivalhopper.de\/news\/wp-content\/uploads\/2012\/08\/auf-den-daechern-festival-PR-Bild-300x199.jpg 300w, https:\/\/www.festivalhopper.de\/news\/wp-content\/uploads\/2012\/08\/auf-den-daechern-festival-PR-Bild.jpg 951w\" sizes=\"auto, (max-width: 300px) 100vw, 300px\" \/><\/a>Ein <strong>kleines exklusives Open Air Festival<\/strong> wird am <strong>09. September 2012<\/strong> in <strong>Berlin<\/strong> stattfinden:<\/p>\n<p>das <a href=\"https:\/\/www.festivalhopper.de\/festival\/auf-den-daechern-festival-2012\">Auf den D\u00e4chern Festival<\/a> wird &#8222;<strong>Das spannendste und emotionalste Open-Air-Festival 2012<\/strong>&#8220; wenn es nach den Pr\u00e4sentatoren <strong>tape.tv<\/strong> und der <strong>SPIEGEL Gruppe<\/strong> geht. <em>(Foto: PR-Bild Auf den D\u00e4chern Festival von SPIEGEL QC)<\/em><\/p>\n<p><!--more--><\/p>\n<p>Tats\u00e4chlich klingt das Konzept <strong>vielversprechend<\/strong> und einmal ganz abgesehen davon &#8211; wer kennt sie nicht, die <strong>&#8222;Auf den D\u00e4chern&#8220;- Clips<\/strong> von <strong>tape.tv<\/strong>?! Flo Mega wird voraussichtlich zwar nicht dabei sein, hier dient er uns aber einmal als <strong>Beispiel<\/strong> f\u00fcr das <strong>Auf den D\u00e4chern<\/strong> Konzept:<\/p>\n<p><iframe loading=\"lazy\" title=\"Flo Mega - DDR (live auf den d\u00e4chern bei tape.tv)\" width=\"500\" height=\"281\" src=\"https:\/\/www.youtube.com\/embed\/7GaB2mAbJg0?feature=oembed\" frameborder=\"0\" allow=\"accelerometer; autoplay; clipboard-write; encrypted-media; gyroscope; picture-in-picture; web-share\" referrerpolicy=\"strict-origin-when-cross-origin\" allowfullscreen><\/iframe><\/p>\n<p>Auf <strong>drei D\u00e4chern<\/strong> in Berlin wird das Festival stattfinden und pro Dach werden <strong>nur 50 Fans<\/strong> dabei sein k\u00f6nnen. Insgesamt plant man mit <strong>neun Bands<\/strong>, <a title=\"MIA.\" href=\"https:\/\/www.festivalhopper.de\/bands\/karten\/mia.php\">MIA.<\/a>, <a title=\"Cro\" href=\"https:\/\/www.festivalhopper.de\/bands\/karten\/cro.php\">Cro<\/a>, <a title=\"Bonaparte\" href=\"https:\/\/www.festivalhopper.de\/bands\/karten\/bonaparte.php\">Bonaparte<\/a>, <a title=\"Two Door Cinema Club\" href=\"https:\/\/www.festivalhopper.de\/bands\/karten\/two-door-cinema-club.php\">Two Door Cinema Club<\/a>, <a title=\"Ghostpoet\" href=\"https:\/\/www.festivalhopper.de\/bands\/karten\/ghostpoet.php\">Ghostpoet<\/a>, <a title=\"Max Herre\" href=\"https:\/\/www.festivalhopper.de\/bands\/karten\/max-herre.php\">Max Herre<\/a> und <a title=\"Citizens!\" href=\"https:\/\/www.festivalhopper.de\/bands\/karten\/citizens.php\">Citizens!<\/a> sind bereits best\u00e4tigt.<\/p>\n<p><a href=\"https:\/\/www.festivalhopper.de\/news\/wp-content\/uploads\/2012\/06\/mia-rar-2012-5325.jpg\"><img loading=\"lazy\" decoding=\"async\" class=\"alignright size-medium wp-image-63217\" title=\"mia-rar-2012-5325\" src=\"https:\/\/www.festivalhopper.de\/news\/wp-content\/uploads\/2012\/06\/mia-rar-2012-5325-300x200.jpg\" alt=\"\" width=\"300\" height=\"200\" srcset=\"https:\/\/www.festivalhopper.de\/news\/wp-content\/uploads\/2012\/06\/mia-rar-2012-5325-300x200.jpg 300w, https:\/\/www.festivalhopper.de\/news\/wp-content\/uploads\/2012\/06\/mia-rar-2012-5325.jpg 1024w\" sizes=\"auto, (max-width: 300px) 100vw, 300px\" \/><\/a>Als Fan einen der insgesamt <strong>150 Pl\u00e4tze<\/strong> zu ergattern wird nicht einfach. Nur mit etwas <strong>Gl\u00fcck<\/strong> kann man live und direkt auf dem Dach mit dabei sein &#8211; ihr solltet deshalb die Augen offen halten, zuerst bei <a href=\"http:\/\/www.spiegel.de\">SPIEGEL Online<\/a> und danach bei <a href=\"http:\/\/www.facebook.com\/spiegelonline\">SPIEGEL Online bei Facebook<\/a>. F\u00fcr alle die kein Gl\u00fcck mit den Tickets haben, \u00fcbertr\u00e4gt <strong>tape.tv<\/strong> das <strong>Auf den D\u00e4chern Festival<\/strong> per <strong>Livestream<\/strong>! Auch im Nachhinein werden die Konzertmitschnitte weiterhin bei tape.tv erh\u00e4ltlich sein.<\/p>\n<p>Weiteres \u00fcber das <a href=\"https:\/\/www.festivalhopper.de\/festival\/auf-den-daechern-festival-2012\">Auf den D\u00e4chern hier bei uns<\/a> und auf der <a href=\"http:\/\/www.spiegel.de\/kultur\/musik\/festival-in-berlin-auf-den-daechern-a-848834.html\" target=\"_blank\" rel=\"noopener\">Festivalseite bei SPIEGEL ONLINE<\/a>.<\/p>\n<p>&nbsp;<\/p>","protected":false},"excerpt":{"rendered":"<p>Ein kleines exklusives Open Air Festival wird am 09. September 2012 in Berlin stattfinden: das Auf den D\u00e4chern Festival wird &#8222;Das spannendste und emotionalste Open-Air-Festival 2012&#8220; wenn es nach den Pr\u00e4sentatoren tape.tv und der SPIEGEL Gruppe geht. (Foto: PR-Bild Auf den D\u00e4chern Festival von SPIEGEL QC)<\/p>\n","protected":false},"author":45,"featured_media":0,"comment_status":"open","ping_status":"open","sticky":false,"template":"","format":"standard","meta":{"footnotes":""},"categories":[2,516,42,137,10,24,333,8,6],"tags":[],"class_list":["post-68885","post","type-post","status-publish","format-standard","hentry","category-festivalnews","category-festivals-2012","category-indie-festivals","category-kleines-festival","category-konzerttipps","category-neue-bands","category-neue-location","category-neues-festival","category-rock-festivals"],"_links":{"self":[{"href":"https:\/\/www.festivalhopper.de\/news\/wp-json\/wp\/v2\/posts\/68885","targetHints":{"allow":["GET"]}}],"collection":[{"href":"https:\/\/www.festivalhopper.de\/news\/wp-json\/wp\/v2\/posts"}],"about":[{"href":"https:\/\/www.festivalhopper.de\/news\/wp-json\/wp\/v2\/types\/post"}],"author":[{"embeddable":true,"href":"https:\/\/www.festivalhopper.de\/news\/wp-json\/wp\/v2\/users\/45"}],"replies":[{"embeddable":true,"href":"https:\/\/www.festivalhopper.de\/news\/wp-json\/wp\/v2\/comments?post=68885"}],"version-history":[{"count":1,"href":"https:\/\/www.festivalhopper.de\/news\/wp-json\/wp\/v2\/posts\/68885\/revisions"}],"predecessor-version":[{"id":139467,"href":"https:\/\/www.festivalhopper.de\/news\/wp-json\/wp\/v2\/posts\/68885\/revisions\/139467"}],"wp:attachment":[{"href":"https:\/\/www.festivalhopper.de\/news\/wp-json\/wp\/v2\/media?parent=68885"}],"wp:term":[{"taxonomy":"category","embeddable":true,"href":"https:\/\/www.festivalhopper.de\/news\/wp-json\/wp\/v2\/categories?post=68885"},{"taxonomy":"post_tag","embeddable":true,"href":"https:\/\/www.festivalhopper.de\/news\/wp-json\/wp\/v2\/tags?post=68885"}],"curies":[{"name":"wp","href":"https:\/\/api.w.org\/{rel}","templated":true}]}}