{"id":67920,"date":"2012-08-01T14:17:15","date_gmt":"2012-08-01T12:17:15","guid":{"rendered":"http:\/\/www.festivalhopper.de\/news\/?p=67920"},"modified":"2012-08-01T14:29:25","modified_gmt":"2012-08-01T12:29:25","slug":"mitgedacht-sonntagsausflug-zum-thnk-open-air","status":"publish","type":"post","link":"https:\/\/www.festivalhopper.de\/news\/2012\/08\/01\/mitgedacht-sonntagsausflug-zum-thnk-open-air\/","title":{"rendered":"Mitgedacht: Sonntagsausflug zum TH!NK? Open Air"},"content":{"rendered":"<p><em><a href=\"https:\/\/www.festivalhopper.de\/news\/wp-content\/uploads\/2012\/08\/THINK-2012_9939.jpg\"><img loading=\"lazy\" decoding=\"async\" class=\"alignleft size-medium wp-image-67950\" title=\"THINK-2012_9939\" src=\"https:\/\/www.festivalhopper.de\/news\/wp-content\/uploads\/2012\/08\/THINK-2012_9939-300x225.jpg\" alt=\"\" width=\"300\" height=\"225\" srcset=\"https:\/\/www.festivalhopper.de\/news\/wp-content\/uploads\/2012\/08\/THINK-2012_9939-300x225.jpg 300w, https:\/\/www.festivalhopper.de\/news\/wp-content\/uploads\/2012\/08\/THINK-2012_9939.jpg 1024w\" sizes=\"auto, (max-width: 300px) 100vw, 300px\" \/><\/a><strong>Weiter gehen als man denkt und weiter denken als man geht<\/strong> \u2013 Festivalhopperin Maike berichtet vom <a title=\"Think Festival\" href=\"https:\/\/www.festivalhopper.de\/festival\/think-festival\" target=\"_blank\">TH!NK?-Festival<\/a> am <strong>Cospudener See<\/strong> in <strong>Leipzig<\/strong>.<\/em><\/p>\n<p><strong>Kr\u00e4ftige Regenschauer<\/strong> begr\u00fc\u00dften uns noch auf dem Parkplatz vor dem <strong>Cospudener See<\/strong>. Geh\u00f6rt dazu, sagten wir uns und schl\u00fcpften in die <strong>Gummistiefel<\/strong>. Auf dem Festivalgel\u00e4nde angekommen <strong>lachte die Sonne<\/strong> bereits wieder und wir genossen erst einmal den Ausblick vom kleinen Deich direkt hinter dem Einlass. H\u00fcbsch anzusehen, die <strong>zwei B\u00fchnen<\/strong> am Ufer des Sees \u2013 und auch gut anzuh\u00f6ren!<\/p>\n<p><!--more--><\/p>\n<p><a href=\"https:\/\/www.festivalhopper.de\/news\/wp-content\/uploads\/2012\/08\/THINK-2012_9938.jpg\"><img loading=\"lazy\" decoding=\"async\" class=\"alignright size-medium wp-image-67953\" title=\"THINK-2012_9938\" src=\"https:\/\/www.festivalhopper.de\/news\/wp-content\/uploads\/2012\/08\/THINK-2012_9938-300x225.jpg\" alt=\"\" width=\"300\" height=\"225\" srcset=\"https:\/\/www.festivalhopper.de\/news\/wp-content\/uploads\/2012\/08\/THINK-2012_9938-300x225.jpg 300w, https:\/\/www.festivalhopper.de\/news\/wp-content\/uploads\/2012\/08\/THINK-2012_9938.jpg 1024w\" sizes=\"auto, (max-width: 300px) 100vw, 300px\" \/><\/a>Hoch motiviert liefen wir zum Stand an die Mainstage, von der <a title=\"Marek Hemmann\" href=\"https:\/\/www.festivalhopper.de\/bands\/karten\/marek-hemmann.php\" target=\"_blank\">Marek Hemmann<\/a> (ja, wir sind keine Fr\u00fchaufsteher und kamen erst zum dritten Act) sein Publikum mit B\u00e4ssen versorgte. Als ich die zufrieden tanzende Menge so sah, war ich noch sicher, dass auch ein weiterer Regenschauer die Stimmung nicht zerst\u00f6ren k\u00f6nnte. Im Gegenteil, <strong>so viele ausgefallene Regenschirme<\/strong> habe ich selten gesehen. W\u00e4hrend ich mich jedoch fragte, ob man die <strong>kunterbunten Maik\u00e4fer-, Frosch- <\/strong>und<strong> Entenschirme<\/strong> wohl in der Kinderabteilung von H&amp;M finden k\u00f6nnte, grummelte es bereits wieder in den Wolken.<\/p>\n<p><a href=\"https:\/\/www.festivalhopper.de\/news\/wp-content\/uploads\/2012\/08\/THINK-2012_9933.jpg\"><img loading=\"lazy\" decoding=\"async\" class=\"alignleft size-medium wp-image-67954\" title=\"THINK-2012_9933\" src=\"https:\/\/www.festivalhopper.de\/news\/wp-content\/uploads\/2012\/08\/THINK-2012_9933-300x225.jpg\" alt=\"\" width=\"300\" height=\"225\" srcset=\"https:\/\/www.festivalhopper.de\/news\/wp-content\/uploads\/2012\/08\/THINK-2012_9933-300x225.jpg 300w, https:\/\/www.festivalhopper.de\/news\/wp-content\/uploads\/2012\/08\/THINK-2012_9933.jpg 1024w\" sizes=\"auto, (max-width: 300px) 100vw, 300px\" \/><\/a>Ja, und dann hatten wir auch schon <strong>sehr viel Platz<\/strong> um uns herum. Der Gro\u00dfteil der tanzenden Meute hatte sich unter die <strong>vereinzelten Zelte<\/strong> gedr\u00e4ngt, um dem Schauer zu entkommen. Ein komisches Bild <em>(siehe Foto)<\/em>.<\/p>\n<p>Schon wenige Minuten sp\u00e4ter riss der <strong>Himmel<\/strong> wieder auf. Die <strong>Sonne<\/strong> war zur\u00fcck, die <strong>Feierlustigen<\/strong> auch und das \u00e4nderte sich nicht mehr bis zum Ende des eint\u00e4gigen Open Air Festivals. Mit viel Spa\u00df an der Arbeit gingen kurz darauf <a title=\"Kaden und Stefanik\" href=\"https:\/\/www.festivalhopper.de\/bands\/karten\/mathias-kaden-daniel-stefanik.php\" target=\"_blank\">Matthias Kaden und Daniel Stefanik<\/a> ans Werk. Mittlerweile barfuss stapften die Tanzenden durch den Sand. Der ein oder andere wagte sich dabei ins Wasser.<\/p>\n<p><a href=\"https:\/\/www.festivalhopper.de\/news\/wp-content\/uploads\/2012\/08\/THINK-2012_9911.jpg\"><img loading=\"lazy\" decoding=\"async\" class=\"alignnone  wp-image-67960\" title=\"THINK-2012_9911\" src=\"https:\/\/www.festivalhopper.de\/news\/wp-content\/uploads\/2012\/08\/THINK-2012_9911-225x300.jpg\" alt=\"\" width=\"180\" height=\"240\" srcset=\"https:\/\/www.festivalhopper.de\/news\/wp-content\/uploads\/2012\/08\/THINK-2012_9911-225x300.jpg 225w, https:\/\/www.festivalhopper.de\/news\/wp-content\/uploads\/2012\/08\/THINK-2012_9911-768x1024.jpg 768w, https:\/\/www.festivalhopper.de\/news\/wp-content\/uploads\/2012\/08\/THINK-2012_9911.jpg 1024w\" sizes=\"auto, (max-width: 180px) 100vw, 180px\" \/><\/a> <a href=\"https:\/\/www.festivalhopper.de\/news\/wp-content\/uploads\/2012\/08\/THINK-2012_9913.jpg\"><img loading=\"lazy\" decoding=\"async\" class=\"alignnone  wp-image-67961\" title=\"THINK-2012_9913\" src=\"https:\/\/www.festivalhopper.de\/news\/wp-content\/uploads\/2012\/08\/THINK-2012_9913-225x300.jpg\" alt=\"\" width=\"180\" height=\"240\" srcset=\"https:\/\/www.festivalhopper.de\/news\/wp-content\/uploads\/2012\/08\/THINK-2012_9913-225x300.jpg 225w, https:\/\/www.festivalhopper.de\/news\/wp-content\/uploads\/2012\/08\/THINK-2012_9913-768x1024.jpg 768w, https:\/\/www.festivalhopper.de\/news\/wp-content\/uploads\/2012\/08\/THINK-2012_9913.jpg 1024w\" sizes=\"auto, (max-width: 180px) 100vw, 180px\" \/><\/a> <a href=\"https:\/\/www.festivalhopper.de\/news\/wp-content\/uploads\/2012\/08\/THINK-2012_9972.jpg\"><img loading=\"lazy\" decoding=\"async\" class=\"alignnone  wp-image-67962\" title=\"THINK-2012_9972\" src=\"https:\/\/www.festivalhopper.de\/news\/wp-content\/uploads\/2012\/08\/THINK-2012_9972-225x300.jpg\" alt=\"\" width=\"180\" height=\"240\" srcset=\"https:\/\/www.festivalhopper.de\/news\/wp-content\/uploads\/2012\/08\/THINK-2012_9972-225x300.jpg 225w, https:\/\/www.festivalhopper.de\/news\/wp-content\/uploads\/2012\/08\/THINK-2012_9972-768x1024.jpg 768w, https:\/\/www.festivalhopper.de\/news\/wp-content\/uploads\/2012\/08\/THINK-2012_9972.jpg 1024w\" sizes=\"auto, (max-width: 180px) 100vw, 180px\" \/><\/a><\/p>\n<p>Viele lagen auch einfach v\u00f6llig <strong>entspannt am Strand<\/strong> und genossen das Flair. Sowohl f\u00fcr Tanzw\u00fctige als auch f\u00fcr Genie\u00dfer wurde das <a href=\"https:\/\/www.festivalhopper.de\/festival\/think-festival\">TH!NK?<\/a> somit zum <strong>gelungenen Sonntagsausflug<\/strong>.<\/p>\n<p><a href=\"https:\/\/www.festivalhopper.de\/news\/wp-content\/uploads\/2012\/08\/THINK-2012_9987.jpg\"><img loading=\"lazy\" decoding=\"async\" class=\"alignright size-medium wp-image-67955\" title=\"THINK-2012_9987\" src=\"https:\/\/www.festivalhopper.de\/news\/wp-content\/uploads\/2012\/08\/THINK-2012_9987-225x300.jpg\" alt=\"\" width=\"225\" height=\"300\" srcset=\"https:\/\/www.festivalhopper.de\/news\/wp-content\/uploads\/2012\/08\/THINK-2012_9987-225x300.jpg 225w, https:\/\/www.festivalhopper.de\/news\/wp-content\/uploads\/2012\/08\/THINK-2012_9987-768x1024.jpg 768w, https:\/\/www.festivalhopper.de\/news\/wp-content\/uploads\/2012\/08\/THINK-2012_9987.jpg 1024w\" sizes=\"auto, (max-width: 225px) 100vw, 225px\" \/><\/a>Ein <strong>gro\u00dfes Lob<\/strong> muss ich dabei auch einmal dem <strong>Catering<\/strong> zukommen lassen. <strong>Nette Preise und gute Auswahl<\/strong> f\u00fcr ein <strong>Open Air am See<\/strong>. Uns hat\u2019s geschmeckt!<\/p>\n<p>Aber wieder zur\u00fcck zu den Acts. Auch die <strong>weitfl\u00e4chige Schlammpf\u00fctze<\/strong> vor der <strong>Lawstage<\/strong> f\u00fcllte sich mit zunehmenden Sonnenschein mehr und mehr mit Fans der elektronischen Tanzmusik, die bekannten Gesichtern wie <a title=\"Lars Christian M\u00fcller\" href=\"https:\/\/www.festivalhopper.de\/bands\/karten\/lars-christian-mueller.php\" target=\"_blank\">Lars-Christian M\u00fcller<\/a> oder <a title=\"Chris Manura\" href=\"https:\/\/www.festivalhopper.de\/bands\/karten\/chris-manura.php\" target=\"_blank\">Chris Manura<\/a> zujubelten. Den Abschluss auf dieser Stage bildete \u00fcbrigens der Berliner <a title=\"Nu\" href=\"https:\/\/www.festivalhopper.de\/bands\/karten\/nu.php\" target=\"_blank\">Nu<\/a>, der live sein K\u00f6nnen unter Beweis stellte (und beweisen konnte!).<\/p>\n<p>Bedeutend mehr Zeit f\u00fcr ihre St\u00e4ndchen erhielten die zwei Schlusslichter auf der Mainstage. Der Hamburger <a title=\"DJ Koze\" href=\"https:\/\/www.festivalhopper.de\/bands\/karten\/dj-koze.php\" target=\"_blank\">DJ Koze<\/a> zeigte ausgiebig, wie vielseitig und melodi\u00f6s elektronische Musik sein kann. Headliner <a title=\"Sven V\u00e4th\" href=\"https:\/\/www.festivalhopper.de\/bands\/karten\/sven-v-th.php\" target=\"_blank\">Sven V\u00e4th<\/a> \u00fcbernahm das Deck anschlie\u00dfend bis zum vorl\u00e4ufigen Ende der Party.<\/p>\n<p><a href=\"https:\/\/www.festivalhopper.de\/news\/wp-content\/uploads\/2012\/08\/THINK-2012_9914.jpg\"><img loading=\"lazy\" decoding=\"async\" class=\"alignleft size-medium wp-image-67958\" title=\"THINK-2012_9914\" src=\"https:\/\/www.festivalhopper.de\/news\/wp-content\/uploads\/2012\/08\/THINK-2012_9914-300x225.jpg\" alt=\"\" width=\"300\" height=\"225\" srcset=\"https:\/\/www.festivalhopper.de\/news\/wp-content\/uploads\/2012\/08\/THINK-2012_9914-300x225.jpg 300w, https:\/\/www.festivalhopper.de\/news\/wp-content\/uploads\/2012\/08\/THINK-2012_9914.jpg 1024w\" sizes=\"auto, (max-width: 300px) 100vw, 300px\" \/><\/a>Gegen <strong>23Uhr<\/strong> hie\u00df es dann Abschied nehmen vom <strong>Cospudener See<\/strong>. F\u00fcr besonders Ausdauernde ging die Party ab dann in der <strong>Distillery<\/strong> in <strong>Leipzig<\/strong> weiter. N\u00e4chstes Mal m\u00f6chte ich dort auch dabei sein. In diesem Sinne: <a href=\"https:\/\/www.festivalhopper.de\/festival\/think-festival\">TH!NK?<\/a>, wir sehen uns wieder!<\/p>\n<p>Hier gibt es <a href=\"https:\/\/www.festivalhopper.de\/bilder\/think\/\">weitere Fotos vom TH!NK Festival 2012<\/a>!<\/p>\n<p>Wir berichteten <a href=\"https:\/\/www.festivalhopper.de\/news\/2012\/07\/20\/think-festival-sven-vaeth-dj-koze-kaden-stefanik\">\u00fcber das TH!NK LineUp 2012<\/a>, weiteres zum <a href=\"https:\/\/www.festivalhopper.de\/festival\/think-festival\">Think hier bei uns<\/a> und auf <a href=\"http:\/\/www.think-festival.de\" target=\"_blank\">www.think-festival.de<\/a>.<\/p>","protected":false},"excerpt":{"rendered":"<p>Weiter gehen als man denkt und weiter denken als man geht \u2013 Festivalhopperin Maike berichtet vom TH!NK?-Festival am Cospudener See in Leipzig. Kr\u00e4ftige Regenschauer begr\u00fc\u00dften uns noch auf dem Parkplatz vor dem Cospudener See. Geh\u00f6rt dazu, sagten wir uns und schl\u00fcpften in die Gummistiefel. Auf dem Festivalgel\u00e4nde angekommen lachte die Sonne bereits wieder und wir [&hellip;]<\/p>\n","protected":false},"author":307,"featured_media":0,"comment_status":"open","ping_status":"open","sticky":false,"template":"","format":"standard","meta":{"footnotes":""},"categories":[5,35,7,2,516],"tags":[],"class_list":["post-67920","post","type-post","status-publish","format-standard","hentry","category-elektronische-musik","category-festivalberichte","category-festivalbilder","category-festivalnews","category-festivals-2012"],"_links":{"self":[{"href":"https:\/\/www.festivalhopper.de\/news\/wp-json\/wp\/v2\/posts\/67920","targetHints":{"allow":["GET"]}}],"collection":[{"href":"https:\/\/www.festivalhopper.de\/news\/wp-json\/wp\/v2\/posts"}],"about":[{"href":"https:\/\/www.festivalhopper.de\/news\/wp-json\/wp\/v2\/types\/post"}],"author":[{"embeddable":true,"href":"https:\/\/www.festivalhopper.de\/news\/wp-json\/wp\/v2\/users\/307"}],"replies":[{"embeddable":true,"href":"https:\/\/www.festivalhopper.de\/news\/wp-json\/wp\/v2\/comments?post=67920"}],"version-history":[{"count":0,"href":"https:\/\/www.festivalhopper.de\/news\/wp-json\/wp\/v2\/posts\/67920\/revisions"}],"wp:attachment":[{"href":"https:\/\/www.festivalhopper.de\/news\/wp-json\/wp\/v2\/media?parent=67920"}],"wp:term":[{"taxonomy":"category","embeddable":true,"href":"https:\/\/www.festivalhopper.de\/news\/wp-json\/wp\/v2\/categories?post=67920"},{"taxonomy":"post_tag","embeddable":true,"href":"https:\/\/www.festivalhopper.de\/news\/wp-json\/wp\/v2\/tags?post=67920"}],"curies":[{"name":"wp","href":"https:\/\/api.w.org\/{rel}","templated":true}]}}