{"id":64516,"date":"2012-07-05T11:07:25","date_gmt":"2012-07-05T09:07:25","guid":{"rendered":"http:\/\/www.festivalhopper.de\/news\/?p=64516"},"modified":"2012-07-05T13:51:09","modified_gmt":"2012-07-05T11:51:09","slug":"tff-rudolstadt-livestream-radio-tv-sendezeiten-2012","status":"publish","type":"post","link":"https:\/\/www.festivalhopper.de\/news\/2012\/07\/05\/tff-rudolstadt-livestream-radio-tv-sendezeiten-2012\/","title":{"rendered":"TFF Rudolstadt Livestream, Radio, TV Sendezeiten 2012"},"content":{"rendered":"<p><a href=\"https:\/\/www.festivalhopper.de\/news\/wp-content\/uploads\/2010\/07\/IMG_88051.jpg\"><img loading=\"lazy\" decoding=\"async\" class=\"alignleft size-medium wp-image-29652\" title=\"\u00dcbertragungswagen beim TFF 2010\" src=\"https:\/\/www.festivalhopper.de\/news\/wp-content\/uploads\/2010\/07\/IMG_88051-300x200.jpg\" alt=\"\" width=\"300\" height=\"200\" srcset=\"https:\/\/www.festivalhopper.de\/news\/wp-content\/uploads\/2010\/07\/IMG_88051-300x200.jpg 300w, https:\/\/www.festivalhopper.de\/news\/wp-content\/uploads\/2010\/07\/IMG_88051-1024x682.jpg 1024w, https:\/\/www.festivalhopper.de\/news\/wp-content\/uploads\/2010\/07\/IMG_88051.jpg 1200w\" sizes=\"auto, (max-width: 300px) 100vw, 300px\" \/><\/a><strong>Heute<\/strong> startet das <a href=\"https:\/\/www.festivalhopper.de\/festival\/tff-rudolstadt-2012\">TFF-Rudolstadt<\/a>, das <strong>gr\u00f6\u00dfte Folk-, Roots-, Weltmusik-Festival der Republik<\/strong>.<\/p>\n<p>Allerh\u00f6chste Zeit also Euch \u00fcber die<strong> TFF-Sendetermine<\/strong> zu informieren &#8211; und davon gibt&#8217;s reichlich, vor allem im <strong>Radio<\/strong>.<\/p>\n<p><!--more--><\/p>\n<p>Das <strong>TFF-Rudolstadt<\/strong> pr\u00e4sentiert auch dieses Jahr wieder ein <a href=\"https:\/\/www.festivalhopper.de\/news\/2012\/04\/18\/tff-rudolstadt-prasentiert-sein-programm\">buntes Festivalprogramm<\/a> quer durch die ganze Stadt an jeder <strong>Stra\u00dfenecke<\/strong> und auf <strong>zahlreichen B\u00fchnen<\/strong>.<\/p>\n<p><strong>TFF Sendetermine w\u00e4hrend des Festivals:<\/strong><\/p>\n<p>Zuerst wollen wir auf unsere Partner vom Lokalradio <strong>SRB<\/strong> hinweisen, die das <strong>gesamte Wochenende<\/strong> rund ums <strong>TFF-Rudolstadt<\/strong> senden &#8211; am Samstag (07.07.) senden sie von <strong>10-17Uhr, ab 11Uhr <em>live<\/em><\/strong> aus <strong>Stadtbibliothek Rudolstadt<\/strong> mit einigen Specials:<\/p>\n<blockquote><p><a href=\"https:\/\/www.festivalhopper.de\/festival\/tff-rudolstadt-2012\"><strong><em>Zum TFF Livestream vom SRB Radio (\u00fcber unsere TFF-Infoseite)<\/em><\/strong><\/a><\/p><\/blockquote>\n<ul>\n<li><strong>Mittwoch, 4. Juli<\/strong>, 21.00\u201322.00 MDR Figaro: <em>Folk &amp; Welt<\/em><br \/>\nVor dem Festival live aus Rudolstadt<strong><\/strong><\/li>\n<li><strong>Donnerstag, 5. Juli<\/strong>, 16.05\u201319.00 Uhr MDR Figaro: Journal am Nachmittag<br \/>\nu.a.: Das Magic-Concertina-Projekt beim TFF Rudolstadt 2012<strong><\/strong><\/li>\n<li><strong>Freitag, 6. Juli<\/strong>, 06.05\u201309.00 MDR Figaro &#8211; <em>Figaro am Morgen<\/em><br \/>\nVorschau auf das TFF 2012 mit besonderem Blick auf die Schwerpunkte des Festivals<strong><\/strong><\/li>\n<li><strong>Freitag, 6. Juli<\/strong>, vormittags Deutschlandradio Kultur<em><br \/>\nHeute beginnt das 22. TFF Rudolstadt<\/em> \u2013 Ein Livebericht<strong><\/strong><\/li>\n<li><strong>Freitag, 6. Juli<\/strong>, 21.05-22.00 Deutschlandfunk \u2013 <em>On Stage<\/em><br \/>\n\u00dcbertragung des Konzerts von <em>Oumou Sangare &amp; Bela Fleck<\/em> aus dem Heinepark<\/li>\n<li><strong>Samstag, 7. Juli<\/strong>, 09.05\u201312.00 MDR Figaro &#8211; <em>Figaro am Vormittag<\/em><br \/>\nDer L\u00e4nderschwerpunkt China sowie ein Vorbericht zur RUTH-Verleihung am Abend<\/li>\n<li><strong>Samstag, 7. Juli<\/strong>, 10.00\u201317.00Uhr, Radio SRB: ab 11Uhr live aus der Stadtbibliothek vom TFF-Rudolstadt, <em><a>zum Radio SRB Stream<\/a><\/em><\/li>\n<li><strong>Samstag, 3. Juli<\/strong>, 13.05\u201317.00 MDR Figaro \u2013 <em>Mein.Figaro.de<\/em> \u2013 Das interaktive Magazin<br \/>\n\u201eFestivalimpressionen\u201c<strong><\/strong><\/li>\n<li><strong>Samstag, 7. Juli<\/strong>, 19.05-22.30 Deutschlandradio Kultur<br \/>\nDas 22. TFF Rudolstadt 2012 live und in Aufzeichnungen<strong><\/strong><\/li>\n<li><strong>Samstag, 7. Juli<\/strong>, 19.30-22.00 MDR Figaro<br \/>\nLive-\u00dcbertragung von der Verleihung des Deutschen Weltmusikpreises RUTH<strong><\/strong><\/li>\n<li><strong>Samstag, 7. Juli<\/strong>, 20.05-22.00 Uhr WDR 3 Konzert<br \/>\nSafar &#8211; Reise nach Deutschland: Afghanische Tradition trifft beim TFF auf Pop<br \/>\nLive-\u00dcbertragung aus dem Th\u00fcringer Landestheater<strong><\/strong><\/li>\n<li><strong>Sonntag, 8. Juli<\/strong>, 06.05\u201310.00 MDR Figaro \u2013 <em>Figaros Familienfr\u00fchst\u00fcck<\/em><br \/>\nu.a. Beitrag zum TTF-Tanz des Jahres: Stra\u00dfent\u00e4nze<strong><\/strong><\/li>\n<li><strong>Sonntag, 8. Juli<\/strong>, 16.05-17.30 MDR Figaro \u2013 Figaro Caf\u00e9<em><br \/>\nFolk &amp; Welt extra<\/em> live vom TFF Rudolstadt<strong><\/strong><\/li>\n<li><strong>Sonntag, 8. Juli<\/strong>, 16.05-17.45 WDR 3 Musikkulturen<br \/>\nmit u. a. einer Live-Schaltung ins Th\u00fcringer Landestheater: Nikola Parov &amp; Herck\u00fa \u00c1gnes<strong><\/strong><\/li>\n<li><strong>Sonntag, 8. Juli<\/strong>, ab 23.05 Deutschlandradio Kultur: <em>Fazit<\/em><br \/>\nDas 22. TFF Rudolstadt ging heute zu Ende<\/li>\n<\/ul>\n<p><strong>TFF-Sendezeiten (Radio) nach dem Festival:<\/strong><\/p>\n<ul>\n<li><strong>Montag, 9. Juli<\/strong>, 06.05\u201309.00 MDR Figaro &#8211; <em>Figaro am Morgen<\/em><br \/>\nRes\u00fcmee des 22. TFF Rudolstadt<strong><\/strong><\/li>\n<li><strong>Montag, 9. Juli<\/strong>, 20.05\u201322.00 Uhr MDR Figaro <em>im Konzert<\/em><br \/>\nThe Best of Rudolstadt u.a. mit dem Konzert von Alison Krauss &amp; Union Station feat. Jerry Douglas<strong><\/strong><\/li>\n<li><strong>Mittwoch, 11. Juli<\/strong>, 21.00\u201322.00 Uhr MDR Figaro &#8211; <em>Folk &amp; Welt<\/em><br \/>\nNach dem Festival<strong><\/strong><\/li>\n<li><strong>Donnerstag,\u00a012.\u00a0Juli<\/strong>, 21.30-23.00 hr2 kultur <em>Musik der Welt<\/em><br \/>\nMehr als China, Konzertina und Stra\u00dfent\u00e4nze \u2013 das 22.Weltmusikfestival \u201etff\u201c in Rudolstadt. Ausschnitte aus den Konzerten vom 5. bis 8. Juli, Berichte und Interviews.<strong><\/strong><\/li>\n<li><strong>Samstag, 14. Juli<\/strong>, 23.05-24.00 BR Klassik \u2013 <em>Musik der Welt<\/em><br \/>\nStreifzug durch das TFF Rudolstadt 2012: H\u00f6hepunkte &#8211; Schwerpunkt<strong><\/strong><\/li>\n<li><strong>Sonntag, 15. Juli<\/strong>, 23.05-24.00 BR Klassik \u2013 <em>Musik der Welt<\/em><br \/>\nTFF Rudolstadt 2012 \u2013 Magic Concertina: Die \u00a0Welt in\u00a0 Falten<strong><\/strong><\/li>\n<li><strong>Montag, 16. Juli<\/strong>, 02.05-05.00 Deutschlandradio Kultur: Tonart &#8211; Eine Welt Musik<em> Von der <\/em><em>Magie der Konzertina<\/em> &#8211; Das Spezialinstrument beim TFF Rudolstadt 2012<strong><\/strong><\/li>\n<li><strong>Montag, 30. Juli<\/strong>, 02.05-05.00 Deutschlandradio Kultur: <em>Tonart &#8211; Eine Welt Musik<\/em><br \/>\nEin R\u00fcckblick auf das TFF Rudolstadt 2012 (I)<\/p>\n<p><strong><\/strong><\/li>\n<li><strong>Ausschnitte<\/strong> von <strong>Konzerten und Interview<\/strong>s vom <strong>22. TFF Rudolstadt<\/strong> im <strong>Wartburg-Radio<\/strong>:<br \/>\n18.07.2012, 17:00 Uhr<br \/>\n28.07.2012, 20:00\u00a0Uhr<br \/>\n11.08.2012, 21:00 Uhr<\/p>\n<p><strong><\/strong><\/li>\n<li><strong>Mittwoch, 1. August<\/strong>, 20.03-21.30 Deutschlandradio Kultur <em>In Concert, <\/em>Alison Krauss &amp; Union Station feat. Jerry Douglas beim 22. TFF Rudolstadt<strong><\/strong><\/li>\n<li><strong>Montag, 20. August<\/strong>, 02.05-05.00 Deutschlandradio Kultur: <em>Tonart &#8211; Eine Welt Musik<\/em><br \/>\nEin R\u00fcckblick auf das TFF Rudolstadt 2012 (II)<strong><\/strong><\/li>\n<li><strong>Mittwoch, 29. August<\/strong>, 20.03-21.30 Deutschlandradio Kultur: <em>Tonart \u2013 Chansons und Balladen <\/em>Liedermacher &amp; Co. beim 22. TFF Rudolstadt 2012<strong><\/strong><\/li>\n<li><strong>Mittwoch, 12. September<\/strong>, 20.03-21.30 Deutschlandradio Kultur <em>In Concert<\/em> John Hiatt &amp; Band beim 22. TFF Rudolstadt<\/li>\n<li>ab September<strong> j<\/strong><em><strong>eden vierten Freitag<\/strong> im Monat<\/em> 21.05-22.00 Deutschlandfunk \u2013 On Stage<em> mit einem Konzert vom TFF 2012<\/em><strong><\/strong><\/li>\n<li><strong>Samstag, 6. Oktober<\/strong>, 23.05-24.00 BR Klassik \u2013 <em>Musik der Welt<\/em><br \/>\nStandort Stadtkirche. Ausschnitte aus den Konzerten in der Stadtkirche und im Theater\u00a0vom\u00a0TFF Rudolstadt 2012<strong><\/strong><\/li>\n<li><strong>Sonntag, 7. Oktober<\/strong>, 23.05-24.00 BR Klassik \u2013 <em>Musik der Welt<\/em><br \/>\nStandort Stadtkirche. Ausschnitte aus den Konzerten in der Stadtkirche und im Theater\u00a0vom\u00a0TFF Rudolstadt 2012<\/li>\n<\/ul>\n<p><strong>TFF-Sendezeiten im Fernsehen<\/strong>:<\/p>\n<ul>\n<li><strong>Donnerstag,\u00a012.\u00a0Juli<\/strong>, 23.40-00.40 MDR (Fernsehen)<em><br \/>\nEin irrer Hauch von Welt \u2013 TFF Rudolstadt 2012<\/em><\/li>\n<\/ul>\n<p>Zuletzt gab\u2019s bei uns die <a href=\"https:\/\/www.festivalhopper.de\/news\/2012\/07\/03\/tff-rudolstadt-zeitplane-2012\/\">TFF Programm- + Zeitpl\u00e4ne 2012<\/a>, sowie <a href=\"https:\/\/www.festivalhopper.de\/news\/2012\/06\/26\/tff-rudolstadt-anreise-2012\/\">wichtige Anreisetipps zum TFF-Rudolstadt<\/a> (einige Vollsperrungen drumrum). Weiteres zum <a href=\"https:\/\/www.festivalhopper.de\/festival\/tff-rudolstadt-2012\">TFF hier bei uns<\/a> und auf <a href=\"http:\/\/www.tff-rudolstadt.de\/de\/start.html\" target=\"_blank\">www.tff-rudolstadt.de<\/a>.<\/p>","protected":false},"excerpt":{"rendered":"<p>Heute startet das TFF-Rudolstadt, das gr\u00f6\u00dfte Folk-, Roots-, Weltmusik-Festival der Republik. Allerh\u00f6chste Zeit also Euch \u00fcber die TFF-Sendetermine zu informieren &#8211; und davon gibt&#8217;s reichlich, vor allem im Radio.<\/p>\n","protected":false},"author":45,"featured_media":0,"comment_status":"open","ping_status":"open","sticky":false,"template":"","format":"standard","meta":{"footnotes":""},"categories":[11,132,35,2,516,284,187,247,241,6,19],"tags":[],"class_list":["post-64516","post","type-post","status-publish","format-standard","hentry","category-afrikanische-musik","category-balkan-beatz","category-festivalberichte","category-festivalnews","category-festivals-2012","category-folk-festivals","category-klassik","category-kleinkunst","category-live-vom-festival","category-rock-festivals","category-welt-musik"],"_links":{"self":[{"href":"https:\/\/www.festivalhopper.de\/news\/wp-json\/wp\/v2\/posts\/64516","targetHints":{"allow":["GET"]}}],"collection":[{"href":"https:\/\/www.festivalhopper.de\/news\/wp-json\/wp\/v2\/posts"}],"about":[{"href":"https:\/\/www.festivalhopper.de\/news\/wp-json\/wp\/v2\/types\/post"}],"author":[{"embeddable":true,"href":"https:\/\/www.festivalhopper.de\/news\/wp-json\/wp\/v2\/users\/45"}],"replies":[{"embeddable":true,"href":"https:\/\/www.festivalhopper.de\/news\/wp-json\/wp\/v2\/comments?post=64516"}],"version-history":[{"count":0,"href":"https:\/\/www.festivalhopper.de\/news\/wp-json\/wp\/v2\/posts\/64516\/revisions"}],"wp:attachment":[{"href":"https:\/\/www.festivalhopper.de\/news\/wp-json\/wp\/v2\/media?parent=64516"}],"wp:term":[{"taxonomy":"category","embeddable":true,"href":"https:\/\/www.festivalhopper.de\/news\/wp-json\/wp\/v2\/categories?post=64516"},{"taxonomy":"post_tag","embeddable":true,"href":"https:\/\/www.festivalhopper.de\/news\/wp-json\/wp\/v2\/tags?post=64516"}],"curies":[{"name":"wp","href":"https:\/\/api.w.org\/{rel}","templated":true}]}}