{"id":59785,"date":"2012-04-12T11:03:21","date_gmt":"2012-04-12T09:03:21","guid":{"rendered":"http:\/\/www.festivalhopper.de\/news\/?p=59785"},"modified":"2012-04-12T11:03:21","modified_gmt":"2012-04-12T09:03:21","slug":"pluesch-bastian-baker-gurtenfestival","status":"publish","type":"post","link":"https:\/\/www.festivalhopper.de\/news\/2012\/04\/12\/pluesch-bastian-baker-gurtenfestival\/","title":{"rendered":"Pl\u00fcsch und Bastian Baker auf dem Gurtenfestival"},"content":{"rendered":"<p><a href=\"https:\/\/www.festivalhopper.de\/news\/wp-content\/uploads\/2012\/04\/pl\u00fcsch.jpg\"><img loading=\"lazy\" decoding=\"async\" class=\"alignleft size-medium wp-image-59931\" title=\"pl\u00fcsch\" src=\"https:\/\/www.festivalhopper.de\/news\/wp-content\/uploads\/2012\/04\/pl\u00fcsch-300x200.jpg\" alt=\"\" width=\"300\" height=\"200\" srcset=\"https:\/\/www.festivalhopper.de\/news\/wp-content\/uploads\/2012\/04\/pl\u00fcsch-300x200.jpg 300w, https:\/\/www.festivalhopper.de\/news\/wp-content\/uploads\/2012\/04\/pl\u00fcsch.jpg 430w\" sizes=\"auto, (max-width: 300px) 100vw, 300px\" \/><\/a><a href=\"https:\/\/www.festivalhopper.de\/bands\/karten\/pluesch.php\">Pl\u00fcsch<\/a> ist sicher der prominenteste Name, der zwischen dem <strong>12. und 15. Juli auf der Waldb\u00fchne<\/strong> das <a href=\"https:\/\/www.festivalhopper.de\/festival\/gurten-festival-2012\">Gurten Festival 2012<\/a> rockt. Die Mundart-Helden kehren nach langer Abstinenz mit ihrem neuen Werk \u201e<strong>Eile mit Weile<\/strong>\u201c auf den <strong>Gurten<\/strong> zur\u00fcck. Daneben wird auch der aktuelle \u00dcberflieger der Schweizer Pop-Musik <a href=\"https:\/\/www.festivalhopper.de\/bands\/karten\/bastian-baker.php\">Bastian Baker<\/a> auftreten und die Besucher der <strong>Waldb\u00fchne<\/strong> begeistern. <em>Mehr zum Gurten LineUp <\/em><a href=\"https:\/\/www.festivalhopper.de\/news\/2012\/03\/21\/noel-gallagher-und-jan-delay-gurten-2012\/\"><em>hier<\/em><\/a> und <a href=\"https:\/\/www.festivalhopper.de\/news\/2012\/02\/01\/bands-fuers-gurtenfestival-2012\/\"><em>hier.<\/em><\/a><\/p>\n<p><a href=\"https:\/\/www.festivalhopper.de\/news\/2012\/02\/01\/bands-fuers-gurtenfestival-2012\/\"><em><!--more--><\/em><\/a><a href=\"https:\/\/www.festivalhopper.de\/news\/wp-content\/uploads\/2012\/04\/bastianbaker.jpg\"><img loading=\"lazy\" decoding=\"async\" class=\"alignright size-medium wp-image-59941\" title=\"bastianbaker\" src=\"https:\/\/www.festivalhopper.de\/news\/wp-content\/uploads\/2012\/04\/bastianbaker-300x200.jpg\" alt=\"\" width=\"300\" height=\"200\" srcset=\"https:\/\/www.festivalhopper.de\/news\/wp-content\/uploads\/2012\/04\/bastianbaker-300x200.jpg 300w, https:\/\/www.festivalhopper.de\/news\/wp-content\/uploads\/2012\/04\/bastianbaker.jpg 430w\" sizes=\"auto, (max-width: 300px) 100vw, 300px\" \/><\/a><a href=\"https:\/\/www.festivalhopper.de\/bands\/karten\/labrador-city.php\">Labrador City<\/a> mit ihren epischen Alpen-Songs, <a href=\"https:\/\/www.festivalhopper.de\/bands\/karten\/pablopolar.php\">Pablopolar<\/a> (die Coldplay der Schweiz), die zauberhafte <a href=\"https:\/\/www.festivalhopper.de\/bands\/karten\/anna-aaron.php\">Anna Aaron<\/a>, der Geheimtipp <a href=\"https:\/\/www.festivalhopper.de\/bands\/karten\/abu.php\">Abu<\/a> und der begnadete Live-Musiker <a href=\"https:\/\/www.festivalhopper.de\/bands\/karten\/james-gruntz.php\">James Gruntz<\/a> sorgen ebenfalls f\u00fcr poppige und rockige Momente auf dem Gurten.<\/p>\n<p>Dank dem Wortakrobaten und Tausendsassa <a href=\"https:\/\/www.festivalhopper.de\/bands\/karten\/knackeboul.php\">Knackeboul<\/a>, Lokalmatador <a href=\"https:\/\/www.festivalhopper.de\/bands\/karten\/webba.php\">Webba<\/a>, den r\u00e4toromanisch rappenden<a href=\"https:\/\/www.festivalhopper.de\/bands\/karten\/liricas-analas.php\"> Liricas Analas<\/a> (\u201eback cun slang\u201c) und den abgedrehten Meistern des Wortwitzes, <a href=\"https:\/\/www.festivalhopper.de\/bands\/karten\/lo-leduc.php\">Lo &amp; Leduc<\/a>, kommen auch Hip-Hop-Anh\u00e4nger mehr als nur auf ihre Kosten.<\/p>\n<p>Nat\u00fcrlich gibt es auch gen\u00fcgend Platz f\u00fcr elektronische Acts: <a href=\"https:\/\/www.festivalhopper.de\/bands\/karten\/tim-puma-mimi.php\">Tim &amp; Puma Mimi<\/a> sind ein Duo, das <strong>elektronische Beats mit japanischem Gesang<\/strong> zu einem ungew\u00f6hnlichen Sound vermischt. Hinter den <strong>impulsiven Electro-Trashern<\/strong> steckt das Duo von <a href=\"https:\/\/www.festivalhopper.de\/bands\/karten\/copy-paste.php\">Copy &amp; Paste<\/a> aus Bern.<\/p>\n<p><a href=\"https:\/\/www.festivalhopper.de\/news\/wp-content\/uploads\/2012\/04\/gurten2012.jpg\"><img loading=\"lazy\" decoding=\"async\" class=\"alignleft size-medium wp-image-59943\" title=\"gurten2012\" src=\"https:\/\/www.festivalhopper.de\/news\/wp-content\/uploads\/2012\/04\/gurten2012-300x195.jpg\" alt=\"\" width=\"300\" height=\"195\" srcset=\"https:\/\/www.festivalhopper.de\/news\/wp-content\/uploads\/2012\/04\/gurten2012-300x195.jpg 300w, https:\/\/www.festivalhopper.de\/news\/wp-content\/uploads\/2012\/04\/gurten2012.jpg 530w\" sizes=\"auto, (max-width: 300px) 100vw, 300px\" \/><\/a><a href=\"https:\/\/www.festivalhopper.de\/bands\/karten\/traktorkestar.php\">Traktorkestar<\/a>, Weltmusiker ebenfalls aus Bern, setzen am Sonntagabend den Schlusspunkt unters <strong>Gurtenfestival<\/strong>. Mit halsbrecherisch schneller Balkan-Musik werden sie auch die gr\u00f6ssten Tanzmuffel in Bewegung bringen. Vervollst\u00e4ndigt wird das Programm durch die vier Gewinner des Waldb\u00fchnen-Contests: <a href=\"https:\/\/www.festivalhopper.de\/bands\/karten\/the-birthday-girls.php\">The Birthday Girls<\/a>, <a href=\"https:\/\/www.festivalhopper.de\/bands\/karten\/the-clowns.php\">The Clowns<\/a>, <a href=\"https:\/\/www.festivalhopper.de\/bands\/karten\/death-by-chocolate.php\">Death By Chocolate<\/a>, <a href=\"https:\/\/www.festivalhopper.de\/bands\/karten\/monophon.php\">Monophon<\/a>.<\/p>\n<p><a href=\"https:\/\/www.festivalhopper.de\/festival\/gurten-festival-2012\">Weitere Informationen und Tickets gibt es hier<\/a> und auf <a href=\"http:\/\/www.gurtenfestival.ch\/\">www.gurtenfestival.ch<\/a><\/p>","protected":false},"excerpt":{"rendered":"<p>Pl\u00fcsch ist sicher der prominenteste Name, der zwischen dem 12. und 15. Juli auf der Waldb\u00fchne das Gurten Festival 2012 rockt. Die Mundart-Helden kehren nach langer Abstinenz mit ihrem neuen Werk \u201eEile mit Weile\u201c auf den Gurten zur\u00fcck. Daneben wird auch der aktuelle \u00dcberflieger der Schweizer Pop-Musik Bastian Baker auftreten und die Besucher der Waldb\u00fchne [&hellip;]<\/p>\n","protected":false},"author":326,"featured_media":0,"comment_status":"open","ping_status":"open","sticky":false,"template":"","format":"standard","meta":{"footnotes":""},"categories":[2,516,24,6,21,20],"tags":[],"class_list":["post-59785","post","type-post","status-publish","format-standard","hentry","category-festivalnews","category-festivals-2012","category-neue-bands","category-rock-festivals","category-schweiz","category-tickets-kaufen"],"_links":{"self":[{"href":"https:\/\/www.festivalhopper.de\/news\/wp-json\/wp\/v2\/posts\/59785","targetHints":{"allow":["GET"]}}],"collection":[{"href":"https:\/\/www.festivalhopper.de\/news\/wp-json\/wp\/v2\/posts"}],"about":[{"href":"https:\/\/www.festivalhopper.de\/news\/wp-json\/wp\/v2\/types\/post"}],"author":[{"embeddable":true,"href":"https:\/\/www.festivalhopper.de\/news\/wp-json\/wp\/v2\/users\/326"}],"replies":[{"embeddable":true,"href":"https:\/\/www.festivalhopper.de\/news\/wp-json\/wp\/v2\/comments?post=59785"}],"version-history":[{"count":0,"href":"https:\/\/www.festivalhopper.de\/news\/wp-json\/wp\/v2\/posts\/59785\/revisions"}],"wp:attachment":[{"href":"https:\/\/www.festivalhopper.de\/news\/wp-json\/wp\/v2\/media?parent=59785"}],"wp:term":[{"taxonomy":"category","embeddable":true,"href":"https:\/\/www.festivalhopper.de\/news\/wp-json\/wp\/v2\/categories?post=59785"},{"taxonomy":"post_tag","embeddable":true,"href":"https:\/\/www.festivalhopper.de\/news\/wp-json\/wp\/v2\/tags?post=59785"}],"curies":[{"name":"wp","href":"https:\/\/api.w.org\/{rel}","templated":true}]}}