{"id":58558,"date":"2012-03-13T09:25:44","date_gmt":"2012-03-13T08:25:44","guid":{"rendered":"http:\/\/www.festivalhopper.de\/news\/?p=58558"},"modified":"2012-03-13T17:05:04","modified_gmt":"2012-03-13T16:05:04","slug":"food-for-your-senses-festival-2012","status":"publish","type":"post","link":"https:\/\/www.festivalhopper.de\/news\/2012\/03\/13\/food-for-your-senses-festival-2012\/","title":{"rendered":"Food For Your Senses Festival 2012"},"content":{"rendered":"<p><a href=\"https:\/\/www.festivalhopper.de\/news\/wp-content\/uploads\/2012\/03\/FFYS12-flyers-120306-01.png\"><img loading=\"lazy\" decoding=\"async\" class=\"alignleft  wp-image-58564\" title=\"Food for your Senses Festival\" src=\"https:\/\/www.festivalhopper.de\/news\/wp-content\/uploads\/2012\/03\/FFYS12-flyers-120306-01-e1331560073553-300x141.png\" alt=\"\" width=\"300\" height=\"141\" srcset=\"https:\/\/www.festivalhopper.de\/news\/wp-content\/uploads\/2012\/03\/FFYS12-flyers-120306-01-e1331560073553-300x141.png 300w, https:\/\/www.festivalhopper.de\/news\/wp-content\/uploads\/2012\/03\/FFYS12-flyers-120306-01-e1331560073553-1024x481.png 1024w, https:\/\/www.festivalhopper.de\/news\/wp-content\/uploads\/2012\/03\/FFYS12-flyers-120306-01-e1331560073553.png 1229w\" sizes=\"auto, (max-width: 300px) 100vw, 300px\" \/><\/a><strong>Vom 25. bis 27. Mai l\u00e4dt das<\/strong> <a href=\"https:\/\/www.festivalhopper.de\/festival\/food-for-your-senses\">&#8222;Food for your Senses&#8220;<\/a> zum 7. Mal ein. 2007 entstanden, hat das Festival sich einen Namen in der<strong> kulturellen Landschaft Luxemburgs<\/strong> gemacht und in den <strong>Mittelpunkt<\/strong> immer die <strong>lokale Musik- und<\/strong><strong> Kunstszene<\/strong> gestellt. 2011 rockten vor 9000 Zuschauern neben internationalen Gr\u00f6\u00dfen auch Luxemburgs beste Bands das Publikum.<\/p>\n<p><!--more--><a href=\"https:\/\/www.festivalhopper.de\/news\/wp-content\/uploads\/2012\/03\/clada_IMG_8990.jpg\"><img loading=\"lazy\" decoding=\"async\" class=\"alignright  wp-image-58583\" title=\"FFYS Festival Impression - clada_IMG_8990\" src=\"https:\/\/www.festivalhopper.de\/news\/wp-content\/uploads\/2012\/03\/clada_IMG_8990-300x177.jpg\" alt=\"\" width=\"240\" height=\"142\" srcset=\"https:\/\/www.festivalhopper.de\/news\/wp-content\/uploads\/2012\/03\/clada_IMG_8990-300x177.jpg 300w, https:\/\/www.festivalhopper.de\/news\/wp-content\/uploads\/2012\/03\/clada_IMG_8990.jpg 600w\" sizes=\"auto, (max-width: 240px) 100vw, 240px\" \/><\/a>Auch 2012 wird das <a href=\"https:\/\/www.festivalhopper.de\/festival\/food-for-your-senses\">&#8222;Food For Your Senses<\/a>&#8220; seiner F\u00f6rderrolle f\u00fcr aufstrebende Talente gerecht und den Festivalg\u00e4ngern einiges bieten: von <strong>Rock, Indie, Metal \u00fcber Hip Hop und Elektro<\/strong>.<a href=\"https:\/\/www.festivalhopper.de\/bands\/karten\/kraftklub.php\"> Kraftklub<\/a>, die Sprechgesang und Rock\u2019n\u2019Roll zu einer explosiven Tanzmischung verarbeiten und mit ihrem Album \u201eMit K\u201c an die Spitze der deutschen Album-Charts geschossen sind,  <a href=\"https:\/\/www.festivalhopper.de\/bands\/karten\/cro.php\">Cro<\/a> oder die von der internationalen Indie-Presse gesch\u00e4tzten Francois &amp; Atlas Mountain.<\/p>\n<p><a href=\"https:\/\/www.festivalhopper.de\/news\/wp-content\/uploads\/2012\/03\/food-for-your-senses-festivalstage.jpg\"><img loading=\"lazy\" decoding=\"async\" class=\"alignleft  wp-image-58716\" title=\"food for your senses stage\" src=\"https:\/\/www.festivalhopper.de\/news\/wp-content\/uploads\/2012\/03\/food-for-your-senses-festivalstage-300x155.jpg\" alt=\"\" width=\"300\" height=\"155\" srcset=\"https:\/\/www.festivalhopper.de\/news\/wp-content\/uploads\/2012\/03\/food-for-your-senses-festivalstage-300x155.jpg 300w, https:\/\/www.festivalhopper.de\/news\/wp-content\/uploads\/2012\/03\/food-for-your-senses-festivalstage.jpg 600w\" sizes=\"auto, (max-width: 300px) 100vw, 300px\" \/><\/a><strong>Nat\u00fcrlich ist Luxemburgs cr\u00e8me de la cr\u00e8me auch vertreten.<\/strong><\/p>\n<p>Gemeinsam mit den Dance-Rock Helden von <a href=\"https:\/\/www.festivalhopper.de\/bands\/karten\/inborn.php\">Inborn<\/a>, den Virtuosen von <a href=\"https:\/\/www.festivalhopper.de\/bands\/karten\/mutiny-on-the-bounty.php\">Mutiny on the Bounty<\/a> und dem Liebling vom Pitchfork Magazin, <a href=\"https:\/\/www.festivalhopper.de\/bands\/karten\/sun-glitters.php\">Sun Glitters<\/a>, werden nat\u00fcrlich auch wieder Bands aus Luxemburg die B\u00fchne rocken.<\/p>\n<p><a href=\"https:\/\/www.festivalhopper.de\/news\/wp-content\/uploads\/2012\/03\/FFYS12-flyers-120306-011.png\"><img loading=\"lazy\" decoding=\"async\" class=\"size-medium wp-image-58581 alignright\" title=\"Foof For Your Senses Flyer 2012\" src=\"https:\/\/www.festivalhopper.de\/news\/wp-content\/uploads\/2012\/03\/FFYS12-flyers-120306-011-215x300.png\" alt=\"\" width=\"215\" height=\"300\" srcset=\"https:\/\/www.festivalhopper.de\/news\/wp-content\/uploads\/2012\/03\/FFYS12-flyers-120306-011-215x300.png 215w, https:\/\/www.festivalhopper.de\/news\/wp-content\/uploads\/2012\/03\/FFYS12-flyers-120306-011-734x1024.png 734w, https:\/\/www.festivalhopper.de\/news\/wp-content\/uploads\/2012\/03\/FFYS12-flyers-120306-011.png 1287w\" sizes=\"auto, (max-width: 215px) 100vw, 215px\" \/><\/a>Ganz neu wird dieses Jahr das Festivaldorf \u201e<strong>Sensarea<\/strong>\u201c sein, das den Besuchern eine alternative M\u00f6glichkeit des Festivalgenusses bietet. Hier wird eine ganze Reihe an kulturellen Aktivit\u00e4ten bez\u00fcglich der f\u00fcnf Sinne angeboten inklusive 15 lokalen K\u00fcnstlern, die ihre Kunst darstellen.<\/p>\n<p>Weiteres zum <a href=\"https:\/\/www.festivalhopper.de\/festival\/food-for-your-senses\">FFYS-Festival lest ihr hier bei uns<\/a>. Die Tickets wird es demn\u00e4chst auch bei Eventim zu kaufen geben. Wir informieren euch, wenn der Vorverkauf gestartet wurde.<\/p>\n<p>Die offizielle Website: www.foodforyoursenses.eu<\/p>","protected":false},"excerpt":{"rendered":"<p>Vom 25. bis 27. Mai l\u00e4dt das &#8222;Food for your Senses&#8220; zum 7. Mal ein. 2007 entstanden, hat das Festival sich einen Namen in der kulturellen Landschaft Luxemburgs gemacht und in den Mittelpunkt immer die lokale Musik- und Kunstszene gestellt. 2011 rockten vor 9000 Zuschauern neben internationalen Gr\u00f6\u00dfen auch Luxemburgs beste Bands das Publikum.<\/p>\n","protected":false},"author":326,"featured_media":0,"comment_status":"open","ping_status":"open","sticky":false,"template":"","format":"standard","meta":{"footnotes":""},"categories":[2,516,40,42,6],"tags":[],"class_list":["post-58558","post","type-post","status-publish","format-standard","hentry","category-festivalnews","category-festivals-2012","category-festivals-in-europa","category-indie-festivals","category-rock-festivals"],"_links":{"self":[{"href":"https:\/\/www.festivalhopper.de\/news\/wp-json\/wp\/v2\/posts\/58558","targetHints":{"allow":["GET"]}}],"collection":[{"href":"https:\/\/www.festivalhopper.de\/news\/wp-json\/wp\/v2\/posts"}],"about":[{"href":"https:\/\/www.festivalhopper.de\/news\/wp-json\/wp\/v2\/types\/post"}],"author":[{"embeddable":true,"href":"https:\/\/www.festivalhopper.de\/news\/wp-json\/wp\/v2\/users\/326"}],"replies":[{"embeddable":true,"href":"https:\/\/www.festivalhopper.de\/news\/wp-json\/wp\/v2\/comments?post=58558"}],"version-history":[{"count":1,"href":"https:\/\/www.festivalhopper.de\/news\/wp-json\/wp\/v2\/posts\/58558\/revisions"}],"predecessor-version":[{"id":144701,"href":"https:\/\/www.festivalhopper.de\/news\/wp-json\/wp\/v2\/posts\/58558\/revisions\/144701"}],"wp:attachment":[{"href":"https:\/\/www.festivalhopper.de\/news\/wp-json\/wp\/v2\/media?parent=58558"}],"wp:term":[{"taxonomy":"category","embeddable":true,"href":"https:\/\/www.festivalhopper.de\/news\/wp-json\/wp\/v2\/categories?post=58558"},{"taxonomy":"post_tag","embeddable":true,"href":"https:\/\/www.festivalhopper.de\/news\/wp-json\/wp\/v2\/tags?post=58558"}],"curies":[{"name":"wp","href":"https:\/\/api.w.org\/{rel}","templated":true}]}}