{"id":58332,"date":"2012-03-08T09:05:18","date_gmt":"2012-03-08T08:05:18","guid":{"rendered":"http:\/\/www.festivalhopper.de\/news\/?p=58332"},"modified":"2012-03-08T13:30:38","modified_gmt":"2012-03-08T12:30:38","slug":"rock-im-park-nun-auch-ausverkauft","status":"publish","type":"post","link":"https:\/\/www.festivalhopper.de\/news\/2012\/03\/08\/rock-im-park-nun-auch-ausverkauft\/","title":{"rendered":"Rock im Park nun auch AUSVERKAUFT"},"content":{"rendered":"<p><a href=\"https:\/\/www.festivalhopper.de\/news\/wp-content\/uploads\/2012\/03\/Rock-im-Park-2012-ausverkauft.gif\"><img loading=\"lazy\" decoding=\"async\" class=\"alignleft  wp-image-58339\" title=\"Rock-im-Park-2012-ausverkauft\" src=\"https:\/\/www.festivalhopper.de\/news\/wp-content\/uploads\/2012\/03\/Rock-im-Park-2012-ausverkauft.gif\" alt=\"\" width=\"350\" height=\"85\" srcset=\"https:\/\/www.festivalhopper.de\/news\/wp-content\/uploads\/2012\/03\/Rock-im-Park-2012-ausverkauft.gif 420w, https:\/\/www.festivalhopper.de\/news\/wp-content\/uploads\/2012\/03\/Rock-im-Park-2012-ausverkauft-300x72.gif 300w\" sizes=\"auto, (max-width: 350px) 100vw, 350px\" \/><\/a>Mit dieser Grafik <em>(links) <\/em>verk\u00fcnden die Veranstalter auf auf ihrer Homepage den <strong>Ausverkauf bei <a href=\"https:\/\/www.festivalhopper.de\/festival\/rock-im-park-2012\">Rock im Park<\/a><\/strong>!<\/p>\n<p><!--more--><\/p>\n<p>Damit w\u00e4re <strong>Rock im Park<\/strong> -sofern unsere Informationen zutreffen- zum <strong>dritten Mal<\/strong> im Voraus ausverkauft. Das 1997 erstmals in <strong>N\u00fcrnberg<\/strong> veranstaltete Festival beendete auch schon in den Jahren <strong>2007<\/strong> und <strong>2008 <\/strong> seinen <strong>Vorverkauf<\/strong> fr\u00fchzeitig, wenngleich das <strong>Parallelfestival in der Eifel<\/strong> viel \u00f6fter dieses Ereignis verk\u00fcnden durfte. Auch diesmal lagen die Ringrocker vorn, denn <strong>bereits im Januar<\/strong> war <a href=\"https:\/\/www.festivalhopper.de\/news\/2012\/01\/17\/rock-am-ring-2012-ausverkauft\/\">Rock am Ring ausverkauft<\/a>.<a href=\"https:\/\/www.festivalhopper.de\/news\/wp-content\/uploads\/2011\/11\/metallica.jpg\"><img loading=\"lazy\" decoding=\"async\" class=\"alignright size-medium wp-image-54751\" title=\"Metallica\" src=\"https:\/\/www.festivalhopper.de\/news\/wp-content\/uploads\/2011\/11\/metallica-300x186.jpg\" alt=\"\" width=\"300\" height=\"186\" srcset=\"https:\/\/www.festivalhopper.de\/news\/wp-content\/uploads\/2011\/11\/metallica-300x186.jpg 300w, https:\/\/www.festivalhopper.de\/news\/wp-content\/uploads\/2011\/11\/metallica.jpg 606w\" sizes=\"auto, (max-width: 300px) 100vw, 300px\" \/><\/a> Nun sind alle rund <strong>160.000 Drei-Tages-Tickets<\/strong> f\u00fcr die beiden Zwillingsfestivals weg &#8211; ca.70.000 f\u00fcr den Park und ca.90.000 f\u00fcrn Ring.<\/p>\n<p>In <strong>N\u00fcrnberg<\/strong> wird es in K\u00fcrze ein <strong>begrenztes Kontingent an Tageskarten<\/strong> geben, die allerdings keinerlei Park- und\/oder Campingberechtigung enthalten. Eine Zufahrt wird damit dann ausschlie\u00dflich mit \u00f6ffentlichen Verkehrsmitteln gestattet sein.<\/p>\n<p>Zuletzt berichteten wir am Dienstag \u00fcber die (Selbst-) <a href=\"https:\/\/www.festivalhopper.de\/news\/2012\/03\/06\/peter-doherty-bei-rock-am-ring-im-park\/\">Best\u00e4tigung von Pete Doherty<\/a>, auch schon zuvor wiesen wir im Zusammenhang mit der <a href=\"https:\/\/www.festivalhopper.de\/news\/2012\/02\/13\/rock-im-park-am-ring-mit-the-hives-dropkick-murphys-und-30-weiteren\/\">The Hives Verpflichtung<\/a> auf die immer knapper werdenden <strong>Rock im Park Tickets<\/strong> hin. Wohl auch ein Grund f\u00fcr den Ausverkauf: als <strong>Headliner<\/strong> werden <strong>Metallica, Linkin Park<\/strong> und <strong>Die Totem Hosen<\/strong> erwartet.<\/p>\n<p>Weiteres zu <a href=\"https:\/\/www.festivalhopper.de\/festival\/rock-im-park-2012\">Rock im Park hier bei uns<\/a> und auf <a href=\"https:\/\/www.rock-im-park.com\/\" target=\"_blank\" rel=\"noopener\">www.rock-im-park.com<\/a>.<\/p>\n<p>Nachtrag und Kommentar vom Veranstalter:<\/p>\n<blockquote><p><strong><em>&#8222;Die Reaktion auf das Programm f\u00fcr 2012 hat s\u00e4mtliche Festivals der vergangenen drei Jahrzehnte an Dynamik und Schnelligkeit nochmals \u00fcbertroffen\u201c<\/em><\/strong>, kommentierte Produzent <strong>Andre Lieberberg<\/strong>.<\/p><\/blockquote>","protected":false},"excerpt":{"rendered":"<p>Mit dieser Grafik (links) verk\u00fcnden die Veranstalter auf auf ihrer Homepage den Ausverkauf bei Rock im Park!<\/p>\n","protected":false},"author":45,"featured_media":0,"comment_status":"open","ping_status":"open","sticky":false,"template":"","format":"standard","meta":{"footnotes":""},"categories":[36,2,516,40,6],"tags":[],"class_list":["post-58332","post","type-post","status-publish","format-standard","hentry","category-festival-ausverkauft","category-festivalnews","category-festivals-2012","category-festivals-in-europa","category-rock-festivals"],"_links":{"self":[{"href":"https:\/\/www.festivalhopper.de\/news\/wp-json\/wp\/v2\/posts\/58332","targetHints":{"allow":["GET"]}}],"collection":[{"href":"https:\/\/www.festivalhopper.de\/news\/wp-json\/wp\/v2\/posts"}],"about":[{"href":"https:\/\/www.festivalhopper.de\/news\/wp-json\/wp\/v2\/types\/post"}],"author":[{"embeddable":true,"href":"https:\/\/www.festivalhopper.de\/news\/wp-json\/wp\/v2\/users\/45"}],"replies":[{"embeddable":true,"href":"https:\/\/www.festivalhopper.de\/news\/wp-json\/wp\/v2\/comments?post=58332"}],"version-history":[{"count":1,"href":"https:\/\/www.festivalhopper.de\/news\/wp-json\/wp\/v2\/posts\/58332\/revisions"}],"predecessor-version":[{"id":140567,"href":"https:\/\/www.festivalhopper.de\/news\/wp-json\/wp\/v2\/posts\/58332\/revisions\/140567"}],"wp:attachment":[{"href":"https:\/\/www.festivalhopper.de\/news\/wp-json\/wp\/v2\/media?parent=58332"}],"wp:term":[{"taxonomy":"category","embeddable":true,"href":"https:\/\/www.festivalhopper.de\/news\/wp-json\/wp\/v2\/categories?post=58332"},{"taxonomy":"post_tag","embeddable":true,"href":"https:\/\/www.festivalhopper.de\/news\/wp-json\/wp\/v2\/tags?post=58332"}],"curies":[{"name":"wp","href":"https:\/\/api.w.org\/{rel}","templated":true}]}}