{"id":54296,"date":"2011-11-12T13:49:47","date_gmt":"2011-11-12T12:49:47","guid":{"rendered":"http:\/\/www.festivalhopper.de\/news\/?p=54296"},"modified":"2011-11-12T13:49:47","modified_gmt":"2011-11-12T12:49:47","slug":"meer-kann-man-nicht-erwarten-rolling-stone-weekender-2011","status":"publish","type":"post","link":"https:\/\/www.festivalhopper.de\/news\/2011\/11\/12\/meer-kann-man-nicht-erwarten-rolling-stone-weekender-2011\/","title":{"rendered":"Meer kann man nicht erwarten: Rolling Stone Weekender 2011"},"content":{"rendered":"<p><a href=\"https:\/\/www.festivalhopper.de\/news\/wp-content\/uploads\/2011\/11\/weekender.jpg\"><img loading=\"lazy\" decoding=\"async\" class=\"alignleft size-medium wp-image-54297\" src=\"https:\/\/www.festivalhopper.de\/news\/wp-content\/uploads\/2011\/11\/weekender-300x199.jpg\" alt=\"\" width=\"300\" height=\"199\" srcset=\"https:\/\/www.festivalhopper.de\/news\/wp-content\/uploads\/2011\/11\/weekender-300x199.jpg 300w, https:\/\/www.festivalhopper.de\/news\/wp-content\/uploads\/2011\/11\/weekender.jpg 640w\" sizes=\"auto, (max-width: 300px) 100vw, 300px\" \/><\/a> Eigentlich ist die Festivalsaison ja vorbei. Aber ein ganz besonderes <strong>Highlight<\/strong> steht dieses Wochenende noch auf unserer Liste: Es geht zum <a href=\"https:\/\/www.festivalhopper.de\/festival\/rolling-stone-weekender-2011\" target=\"_blank\">Rolling Stone Weekender<\/a> am <strong>Wei\u00dfenh\u00e4user Strand<\/strong>.<\/p>\n<p><strong>27 Konzerte<\/strong> und <strong>zwei Lesungen<\/strong> stehen auf dem Programm.<\/p>\n<p><em>Festivalhopper Frances und Oliver berichten.<\/em><\/p>\n<p><!--more--><\/p>\n<p><strong>Fritz Rau<\/strong> wollte eigentlich auch dabei sein, musste aber, wie schon im letzten Jahr, seine Lesung aus <strong>gesundheitlichen Gr\u00fcnden<\/strong> leider absagen. An dieser Stelle von uns gute Besserung. Und vielleicht wird ja <a href=\"https:\/\/www.festivalhopper.de\/festival\/rolling-stone-weekender-2012\">n\u00e4chstes Jahr beim Weekender<\/a> ein bekanntes Sprichwort war: <strong>Alle guten Dinge sind drei<\/strong>.<\/p>\n<p><strong>Drei<\/strong> wird dieses Jahr auch das <a href=\"https:\/\/www.festivalhopper.de\/festival\/rolling-stone-weekender-2011\" target=\"_blank\">RS-Weekender<\/a>. Und gut \u2013 nein <strong>hammerm\u00e4\u00dfig<\/strong> \u2013\u00a0war der <strong>erste Tag<\/strong> gestern auf jeden Fall.<\/p>\n<p><a href=\"https:\/\/www.festivalhopper.de\/news\/wp-content\/uploads\/2011\/11\/notwist.jpg\"><img loading=\"lazy\" decoding=\"async\" class=\"alignleft size-medium wp-image-54304\" src=\"https:\/\/www.festivalhopper.de\/news\/wp-content\/uploads\/2011\/11\/notwist-300x199.jpg\" alt=\"\" width=\"300\" height=\"199\" srcset=\"https:\/\/www.festivalhopper.de\/news\/wp-content\/uploads\/2011\/11\/notwist-300x199.jpg 300w, https:\/\/www.festivalhopper.de\/news\/wp-content\/uploads\/2011\/11\/notwist.jpg 640w\" sizes=\"auto, (max-width: 300px) 100vw, 300px\" \/><\/a>Nach dem Motto: \u201e<strong>Das Beste kommt zuerst<\/strong>\u201c ging es gestern fast p\u00fcnktlich 17:20Uhr in der gro\u00dfen <strong>ZELTB\u00dcHNE<\/strong> mit der M\u00fcnchner Band <a title=\"The Notwist\" href=\"\/bands\/karten\/the-notwist.php\">The Notwist<\/a> los, die kurzfristig mit <a title=\"Nada Surf\" href=\"\/bands\/karten\/nada-surf.php\">Nada Surf<\/a> die Pl\u00e4tze getauscht hatten. Anfangs war das Zelt noch etwas leer. Das lag aber nicht an <a title=\"The Notwist\" href=\"\/bands\/karten\/the-notwist.php\">The Notwist<\/a>, sondern daran, dass des es viele Festivalbesucher ganz einfach nicht geschafft haben, so <strong>p\u00fcnktlich<\/strong> anzureisen. Schade, denn sie haben einen gewohnt <strong>gro\u00dfartigen Auftritt<\/strong> mit <strong>super Sound<\/strong> verpasst.<\/p>\n<p><a href=\"https:\/\/www.festivalhopper.de\/news\/wp-content\/uploads\/2011\/11\/portugaltheman.jpg\"><img loading=\"lazy\" decoding=\"async\" class=\"size-medium wp-image-54305 alignright\" src=\"https:\/\/www.festivalhopper.de\/news\/wp-content\/uploads\/2011\/11\/portugaltheman-300x199.jpg\" alt=\"\" width=\"300\" height=\"199\" srcset=\"https:\/\/www.festivalhopper.de\/news\/wp-content\/uploads\/2011\/11\/portugaltheman-300x199.jpg 300w, https:\/\/www.festivalhopper.de\/news\/wp-content\/uploads\/2011\/11\/portugaltheman.jpg 640w\" sizes=\"auto, (max-width: 300px) 100vw, 300px\" \/><\/a>\u201e<strong>Sound<\/strong>\u201c ist aber leider auch mein Stichwort f\u00fcr die n\u00e4chste Band: <a title=\"Portugal. The Man\" href=\"\/bands\/karten\/portugal-the-man.php\">Portugal. The Man<\/a>.<\/p>\n<p>Nachdem die Jungs aus <strong>Alaska<\/strong> letztes Jahr auf dem <a href=\"https:\/\/www.festivalhopper.de\/festival\/dockville-2010\">Dockville<\/a> mit <strong>kristallklarem Sound<\/strong> meine pers\u00f6nliche Neuentdeckung waren, konnte man gestern leider im <strong>BALTIC FESTSAAL<\/strong> manchmal kaum die Songs erkennen \u2013 auch wenn man wie ich die Woche vorher ihr neues Album rauf und runter geh\u00f6rt hatte.<\/p>\n<p><img loading=\"lazy\" decoding=\"async\" class=\"alignleft size-medium wp-image-54306\" src=\"https:\/\/www.festivalhopper.de\/news\/wp-content\/uploads\/2011\/11\/deathcabforcutie-300x199.jpg\" alt=\"\" width=\"300\" height=\"199\" srcset=\"https:\/\/www.festivalhopper.de\/news\/wp-content\/uploads\/2011\/11\/deathcabforcutie-300x199.jpg 300w, https:\/\/www.festivalhopper.de\/news\/wp-content\/uploads\/2011\/11\/deathcabforcutie-1024x680.jpg 1024w, https:\/\/www.festivalhopper.de\/news\/wp-content\/uploads\/2011\/11\/deathcabforcutie.jpg 1200w\" sizes=\"auto, (max-width: 300px) 100vw, 300px\" \/><\/p>\n<p>Also schnell wieder zur\u00fcck ins gro\u00dfe Zelt zu <a title=\"Death Cab For Cutie\" href=\"\/bands\/karten\/death-cab-for-cutie.php\">Death Cab For Cutie<\/a>. Da war der Sound wieder super und die Menge bei \u201e<strong>There is a burning in your heart<\/strong>\u201c schon Feuer und Flamme.<\/p>\n<p>Und kaum danach standen auch schon die ersten <strong>Headliner<\/strong> des Festivals auf der B\u00fchne: <a title=\"Fleet Foxes\" href=\"\/bands\/karten\/fleet-foxes.php\">Fleet Foxes<\/a>. Gro\u00dfartig die F\u00fcchse aus <strong>Seattle<\/strong> mal live zu sehen. Mit ihrem <strong>melodischen Pop-Folk<\/strong> haben sie die Menge verzaubert. Und der <strong>Sternenhimmel<\/strong> samt <strong>Winterlandschaft<\/strong>, der als Hintergrund auf die B\u00fchne projiziert war, hat sogar schon ein bisschen Lust auf gem\u00fctliche Winterabende gemacht.<\/p>\n<p><a href=\"https:\/\/www.festivalhopper.de\/news\/wp-content\/uploads\/2011\/11\/fleetfoxes01.jpg\"><img loading=\"lazy\" decoding=\"async\" class=\"alignnone size-medium wp-image-54307\" src=\"https:\/\/www.festivalhopper.de\/news\/wp-content\/uploads\/2011\/11\/fleetfoxes01-300x199.jpg\" alt=\"\" width=\"180\" height=\"118\" \/><\/a>\u00a0<a href=\"https:\/\/www.festivalhopper.de\/news\/wp-content\/uploads\/2011\/11\/fleetfoxes02.jpg\"><img loading=\"lazy\" decoding=\"async\" class=\"alignnone size-medium wp-image-54308\" src=\"https:\/\/www.festivalhopper.de\/news\/wp-content\/uploads\/2011\/11\/fleetfoxes02-300x199.jpg\" alt=\"\" width=\"180\" height=\"118\" \/><\/a>\u00a0<a href=\"https:\/\/www.festivalhopper.de\/news\/wp-content\/uploads\/2011\/11\/fleetfoxes03.jpg\"><img loading=\"lazy\" decoding=\"async\" class=\"alignnone size-medium wp-image-54309\" src=\"https:\/\/www.festivalhopper.de\/news\/wp-content\/uploads\/2011\/11\/fleetfoxes03-300x199.jpg\" alt=\"\" width=\"179\" height=\"118\" srcset=\"https:\/\/www.festivalhopper.de\/news\/wp-content\/uploads\/2011\/11\/fleetfoxes03-300x199.jpg 300w, https:\/\/www.festivalhopper.de\/news\/wp-content\/uploads\/2011\/11\/fleetfoxes03.jpg 640w\" sizes=\"auto, (max-width: 179px) 100vw, 179px\" \/><\/a><br \/>\nWieder zur\u00fcck, durch die <strong>-2 Grad<\/strong> kalte Nacht im <strong>BALIC FESTSAAL<\/strong>, kann man den Auftritt von <a title=\"Anna Calvi\" href=\"\/bands\/karten\/anna-calvi.php\">Anna Calvi<\/a> mit einem Wort zusammenfassen: <strong>WOW<\/strong>. Tolle Songs, <strong>wahnsinnig charismatische Frau<\/strong> und ihr <strong>Gitarrenspiel<\/strong> war auch noch der Wahnsinn.<\/p>\n<p><a href=\"https:\/\/www.festivalhopper.de\/news\/wp-content\/uploads\/2011\/11\/wilco.jpg\"><img loading=\"lazy\" decoding=\"async\" class=\"alignleft size-medium wp-image-54310\" src=\"https:\/\/www.festivalhopper.de\/news\/wp-content\/uploads\/2011\/11\/wilco-300x199.jpg\" alt=\"\" width=\"300\" height=\"199\" srcset=\"https:\/\/www.festivalhopper.de\/news\/wp-content\/uploads\/2011\/11\/wilco-300x199.jpg 300w, https:\/\/www.festivalhopper.de\/news\/wp-content\/uploads\/2011\/11\/wilco-1024x680.jpg 1024w\" sizes=\"auto, (max-width: 300px) 100vw, 300px\" \/><\/a>Eigentlich konnte es danach fast nicht besser werden. Wurde es auch nicht. Daf\u00fcr genauso genial \u2013 blo\u00df eben anders. <a title=\"Wilco\" href=\"\/bands\/karten\/wilco.php\">Wilco<\/a> war die letzte Band des Abends. Und wer einen <strong>legend\u00e4ren Auftritt<\/strong> erwartet hat, der wurde nicht entt\u00e4uscht. Auf und vor der B\u00fchne wurde m\u00e4chtig gerockt \u2013 der <strong>Abschluss eines gelungenen Festivalauftaktes<\/strong>.<\/p>\n<p>Morgen gibt&#8217;s den Bericht von <strong>Tag zwei<\/strong> und alle Bilder in der <a href=\"https:\/\/www.festivalhopper.de\/bilder\/\">Bildergallerie<\/a>.<\/p>\n<p>Zuletzt berichteten wir <a href=\"https:\/\/www.festivalhopper.de\/news\/2011\/10\/21\/rs-weekender-timetable-2011\">\u00fcber den RSW-Timetable<\/a>, weiteres zum <a href=\"https:\/\/www.festivalhopper.de\/festival\/rolling-stone-weekender-2011\">RS-Weekender hier bei uns <\/a>und auf <a href=\"http:\/\/www.rollingstone-weekender.de\/\" target=\"_blank\">www.rollingstone-weekender.de<\/a>.<\/p>","protected":false},"excerpt":{"rendered":"<p>Eigentlich ist die Festivalsaison ja vorbei. Aber ein ganz besonderes Highlight steht dieses Wochenende noch auf unserer Liste: Es geht zum Rolling Stone Weekender am Wei\u00dfenh\u00e4user Strand. 27 Konzerte und zwei Lesungen stehen auf dem Programm. Festivalhopper Frances und Oliver berichten.<\/p>\n","protected":false},"author":306,"featured_media":0,"comment_status":"open","ping_status":"open","sticky":false,"template":"","format":"standard","meta":{"footnotes":""},"categories":[5,35,7,2,387,42,15,241,6],"tags":[],"class_list":["post-54296","post","type-post","status-publish","format-standard","hentry","category-elektronische-musik","category-festivalberichte","category-festivalbilder","category-festivalnews","category-festivals-2011","category-indie-festivals","category-indoor-festivals","category-live-vom-festival","category-rock-festivals"],"_links":{"self":[{"href":"https:\/\/www.festivalhopper.de\/news\/wp-json\/wp\/v2\/posts\/54296","targetHints":{"allow":["GET"]}}],"collection":[{"href":"https:\/\/www.festivalhopper.de\/news\/wp-json\/wp\/v2\/posts"}],"about":[{"href":"https:\/\/www.festivalhopper.de\/news\/wp-json\/wp\/v2\/types\/post"}],"author":[{"embeddable":true,"href":"https:\/\/www.festivalhopper.de\/news\/wp-json\/wp\/v2\/users\/306"}],"replies":[{"embeddable":true,"href":"https:\/\/www.festivalhopper.de\/news\/wp-json\/wp\/v2\/comments?post=54296"}],"version-history":[{"count":0,"href":"https:\/\/www.festivalhopper.de\/news\/wp-json\/wp\/v2\/posts\/54296\/revisions"}],"wp:attachment":[{"href":"https:\/\/www.festivalhopper.de\/news\/wp-json\/wp\/v2\/media?parent=54296"}],"wp:term":[{"taxonomy":"category","embeddable":true,"href":"https:\/\/www.festivalhopper.de\/news\/wp-json\/wp\/v2\/categories?post=54296"},{"taxonomy":"post_tag","embeddable":true,"href":"https:\/\/www.festivalhopper.de\/news\/wp-json\/wp\/v2\/tags?post=54296"}],"curies":[{"name":"wp","href":"https:\/\/api.w.org\/{rel}","templated":true}]}}