{"id":53066,"date":"2011-10-13T16:05:46","date_gmt":"2011-10-13T14:05:46","guid":{"rendered":"http:\/\/www.festivalhopper.de\/news\/?p=53066"},"modified":"2011-10-13T16:11:55","modified_gmt":"2011-10-13T14:11:55","slug":"on3-festival-2011-mit-exklusiven-auftritten-im-muncher-funkhaus","status":"publish","type":"post","link":"https:\/\/www.festivalhopper.de\/news\/2011\/10\/13\/on3-festival-2011-mit-exklusiven-auftritten-im-muncher-funkhaus\/","title":{"rendered":"on3-Festival 2011 mit exklusiven Auftritten im M\u00fcncher Funkhaus"},"content":{"rendered":"<p><a href=\"https:\/\/www.festivalhopper.de\/news\/wp-content\/uploads\/2011\/10\/on-3-festival-plakat-26794-0-05.jpg\"><img loading=\"lazy\" decoding=\"async\" class=\"alignleft size-medium wp-image-53217\" title=\"on3-Festival 2011\" src=\"https:\/\/www.festivalhopper.de\/news\/wp-content\/uploads\/2011\/10\/on-3-festival-plakat-26794-0-05-300x168.jpg\" alt=\"\" width=\"300\" height=\"168\" srcset=\"https:\/\/www.festivalhopper.de\/news\/wp-content\/uploads\/2011\/10\/on-3-festival-plakat-26794-0-05-300x168.jpg 300w, https:\/\/www.festivalhopper.de\/news\/wp-content\/uploads\/2011\/10\/on-3-festival-plakat-26794-0-05.jpg 512w\" sizes=\"auto, (max-width: 300px) 100vw, 300px\" \/><\/a>Auch dieses Jahr l\u00e4dt <strong>on3<\/strong> in die <strong>Orchesterstudios<\/strong> des <strong>Bayerischen Rundfunks<\/strong> zum <strong>Festival-Highlight im Herbst<\/strong>: Am <strong>26. November<\/strong> pr\u00e4sentiert das <a href=\"https:\/\/www.festivalhopper.de\/festival\/on3-festival-2011\">on3 Festival<\/a> die <strong>Cr\u00e8me de la Cr\u00e8me der Popavantgarde<\/strong> \u2013 aus <strong>Bayern, Deutschland<\/strong> und der ganzen Welt.<\/p>\n<p><em>[Grafik links: on3-Festival 2011 Plakat, Bild: BR\/BR.]<\/em><\/p>\n<p><!--more--><\/p>\n<p><a href=\"https:\/\/www.festivalhopper.de\/news\/wp-content\/uploads\/2011\/10\/Neon-Indian-on3-festival-1.jpg\"><img loading=\"lazy\" decoding=\"async\" class=\"alignright size-medium wp-image-53220\" title=\"on3-Festival 2011\" src=\"https:\/\/www.festivalhopper.de\/news\/wp-content\/uploads\/2011\/10\/Neon-Indian-on3-festival-1-300x210.jpg\" alt=\"\" width=\"300\" height=\"210\" srcset=\"https:\/\/www.festivalhopper.de\/news\/wp-content\/uploads\/2011\/10\/Neon-Indian-on3-festival-1-300x210.jpg 300w, https:\/\/www.festivalhopper.de\/news\/wp-content\/uploads\/2011\/10\/Neon-Indian-on3-festival-1.jpg 900w\" sizes=\"auto, (max-width: 300px) 100vw, 300px\" \/><\/a>F\u00fcr alle ausserhalb Bayerns und die, die nicht wissen wer oder was eigentlich <strong>on3<\/strong> ist: das <strong>junge Programm des Bayerischen Rundfunks<\/strong>! <em>Zur <a href=\"http:\/\/on3.de\">on3-Website<\/a>.<br \/>\n<\/em><\/p>\n<p>Die Musikscouts von<strong> on3<\/strong> haben das ganze Jahr \u00fcber in <strong>Blogs<\/strong>, kleinen und gro\u00dfen <strong>Clubs<\/strong> und auf <a href=\"https:\/\/www.festivalhopper.de\/festivals-2011.php\"><strong>Festivals<\/strong><\/a> nach den interessantesten K\u00fcnstlern gesucht, um sie <strong>am letzten November-Wochenende<\/strong> f\u00fcr <strong>exklusive Auftritte<\/strong> <em>live<\/em> in die drei S\u00e4le des <strong>M\u00fcnchner Funkhauses<\/strong> zu holen. Hier gibt es Infos zum kommenden <em><a href=\"https:\/\/www.festivalhopper.de\/festival\/on3-festival-2011\">on3 Festival 2011<\/a> sowie zum vergangenen <em><\/em><a href=\"https:\/\/www.festivalhopper.de\/festival\/on3-festival-2010\"><em>on3 Festival 2010<\/em><\/a><\/em>. <em>[Neon Indian, Bild: <\/em><em>BR\/Cooperative-Music.]<\/em><\/p>\n<p><a href=\"https:\/\/www.festivalhopper.de\/news\/wp-content\/uploads\/2011\/10\/on3-festival-2011.png\">\u00a0<\/a><a href=\"https:\/\/www.festivalhopper.de\/news\/wp-content\/uploads\/2011\/10\/Ghostpoet-on3-festival.jpg\"><img loading=\"lazy\" decoding=\"async\" class=\"alignnone size-medium wp-image-53226\" title=\"on3-Festival 2011\" src=\"https:\/\/www.festivalhopper.de\/news\/wp-content\/uploads\/2011\/10\/Ghostpoet-on3-festival-286x300.jpg\" alt=\"\" width=\"220\" height=\"229\" \/><\/a> <a href=\"https:\/\/www.festivalhopper.de\/news\/wp-content\/uploads\/2011\/10\/on3-festival-2011.png\"><img loading=\"lazy\" decoding=\"async\" class=\"alignnone size-full wp-image-53229\" title=\"on3-festival-2011\" src=\"https:\/\/www.festivalhopper.de\/news\/wp-content\/uploads\/2011\/10\/on3-festival-2011.png\" alt=\"\" width=\"319\" height=\"229\" srcset=\"https:\/\/www.festivalhopper.de\/news\/wp-content\/uploads\/2011\/10\/on3-festival-2011.png 512w, https:\/\/www.festivalhopper.de\/news\/wp-content\/uploads\/2011\/10\/on3-festival-2011-300x215.png 300w\" sizes=\"auto, (max-width: 319px) 100vw, 319px\" \/><\/a><\/p>\n<p>Die <strong>texanische Band<\/strong> <a title=\"Neon Indian\" href=\"\/bands\/karten\/neon-indian.php\">Neon Indian<\/a> beispielsweise, die 2009 noch als <strong>Gallionsfigur<\/strong> des kurzlebigen Genres \u201e<strong>Chillwave<\/strong>\u201c gehandelt wurde, beweist mit ihrem zweiten Album &#8222;<strong>Era Extra\u00f1a<\/strong>\u201c, dass sie inzwischen einer der anspruchsvollsten und interessantesten <strong>Elektropop-Acts<\/strong> unserer Zeit ist. Beim <a href=\"https:\/\/www.festivalhopper.de\/festival\/on3-festival-2011\">on3 Festival<\/a> stellen <a title=\"Neon Indian\" href=\"\/bands\/karten\/neon-indian.php\">Neon Indian<\/a> erstmals in Deutschland die neuen Songs live vor.<\/p>\n<blockquote><p><em>Das <a href=\"https:\/\/www.festivalhopper.de\/festival\/on3-festival-2011\">on3 Festival 2011<\/a> steigt am Samstag, <strong>26. November 2011<\/strong> im <strong>BR-Funkhaus<\/strong> (Studio 1, 2 &amp; 3), Rundfunkplatz 1, 80335 M\u00fcnchen. <strong>Einlass<\/strong> ab <strong>19Uhr<\/strong>, los geht&#8217;s ab <strong>20Uhr<\/strong> &#8211; Eingang &#8222;<strong>Hopfenstra\u00dfe<\/strong>&#8220; benutzen, Prosit!<\/em><\/p><\/blockquote>\n<p><a href=\"https:\/\/www.festivalhopper.de\/news\/wp-content\/uploads\/2011\/10\/oh-land-on-3-festival-26794-0-01-1.jpg\"><img loading=\"lazy\" decoding=\"async\" class=\"size-medium wp-image-53219 alignleft\" title=\"on3-Festival 2011- Bild: BR\/Lars Borges\" src=\"https:\/\/www.festivalhopper.de\/news\/wp-content\/uploads\/2011\/10\/oh-land-on-3-festival-26794-0-01-1-217x300.jpg\" alt=\"\" width=\"217\" height=\"300\" srcset=\"https:\/\/www.festivalhopper.de\/news\/wp-content\/uploads\/2011\/10\/oh-land-on-3-festival-26794-0-01-1-217x300.jpg 217w, https:\/\/www.festivalhopper.de\/news\/wp-content\/uploads\/2011\/10\/oh-land-on-3-festival-26794-0-01-1.jpg 726w\" sizes=\"auto, (max-width: 217px) 100vw, 217px\" \/><\/a>Die exzentrische <strong>Synthie-Nachtigall<\/strong> <strong>Nanna \u00d8land Fabricius<\/strong> aus <strong>Kopenhagen<\/strong> wandelt mit ihrer Band <a title=\"Oh Land\" href=\"\/bands\/karten\/oh-land.php\">Oh Land<\/a> gekonnt zwischen <strong>Mainstream<\/strong> und <strong>Avantgarde<\/strong>: auf der einen Seite steht ein Hit wie &#8222;<strong>Son of a Gun<\/strong>\u201c, auf der anderen <strong>Fleet Foxes-Coverversionen<\/strong> und verspielte <strong>Akustikjams<\/strong>. Beim <a href=\"https:\/\/www.festivalhopper.de\/festival\/on3-festival-2011\">on3 Festival<\/a> wird sie das ganze Spektrum ihres K\u00f6nnens erstmals in Bayern einem breiten Publikum pr\u00e4sentieren. <em>[Oh Land Bild: BR\/Lars Borges.]<\/em><\/p>\n<p>Eine der gro\u00dfen Neuentdeckungen des Jahres ist <a title=\"Ghostpoet\" href=\"\/bands\/karten\/ghostpoet.php\">Ghostpoet<\/a>. Der Londoner \u00fcberzeugt mit <strong>urbaner Musik<\/strong> zwischen intelligentem <strong>HipHop, Dub<\/strong> und <strong>Garage<\/strong>, die so innovativ ist, dass sie k\u00fcrzlich mit einer Nominierung f\u00fcr den renommierten <strong>Mercury-Prize<\/strong> ausgezeichnet wurde.<\/p>\n<blockquote><p><em>Auch<strong> aus Bayern<\/strong> gibt es frischen Sound auf dem <a href=\"https:\/\/www.festivalhopper.de\/festival\/on3-festival-2011\">on3 Festival 2011<\/a>:<\/em><\/p><\/blockquote>\n<p><a title=\"Candelilla\" href=\"\/bands\/karten\/candelilla.php\">Candelilla<\/a> <a href=\"https:\/\/www.festivalhopper.de\/news\/wp-content\/uploads\/2011\/10\/Candelilla-on3-festival.jpg\"><img loading=\"lazy\" decoding=\"async\" class=\"alignright size-medium wp-image-53222\" title=\"Candelilla on3-Festival 2011\" src=\"https:\/\/www.festivalhopper.de\/news\/wp-content\/uploads\/2011\/10\/Candelilla-on3-festival-300x199.jpg\" alt=\"\" width=\"300\" height=\"199\" srcset=\"https:\/\/www.festivalhopper.de\/news\/wp-content\/uploads\/2011\/10\/Candelilla-on3-festival-300x199.jpg 300w, https:\/\/www.festivalhopper.de\/news\/wp-content\/uploads\/2011\/10\/Candelilla-on3-festival.jpg 640w\" sizes=\"auto, (max-width: 300px) 100vw, 300px\" \/><\/a>aus <strong>M\u00fcnchen<\/strong> weilten eben noch in <strong>Chicago<\/strong>, um mit dem Star-Produzenten <strong>Steve Albini<\/strong><em> (Pixies, Nirvana, Jarvis Cocker)<\/em> ihr neues Album aufzunehmen. Die neuen Songs \u2013 fesselnder und manchmal fast<strong> surrealistischer Kunst-Punk<\/strong> \u2013 werden in der Akustik der historischen Orchesters\u00e4le ihre volle Kraft entwickeln.<em> [Candelilla Bild: BR\/Matthias Kestel.]<\/em><\/p>\n<p>Auch dabei: die deutsch-t\u00fcrkische Stra\u00dfenpoetin <a title=\"Ebow\" href=\"\/bands\/karten\/ebow.php\">Ebow<\/a>, die Meister der Pophymnen <a title=\"List\" href=\"\/bands\/karten\/list.php\">List<\/a> aus Traunstein sowie <a title=\"soft.nerd\" href=\"\/bands\/karten\/soft-nerd.php\">soft.nerd<\/a>, die M\u00fcnchner Elektro-Frickler mit Herz.<\/p>\n<blockquote><p><em><strong>Das war aber noch nicht alles &#8211; weitere Acts folgen.<\/strong><\/em><\/p><\/blockquote>\n<p><strong>Tickets<\/strong> f\u00fcr das\u00a0<a href=\"https:\/\/www.festivalhopper.de\/festival\/on3-festival-2011\">on3 Festival 2011<\/a> gibt es <strong>ab 04.11.2011<\/strong> bei allen an <strong>M\u00fcnchen Ticket<\/strong> angeschlossenen <strong>Vorverkaufstellen<\/strong>.<\/p>\n<p>Weiteres zum <a href=\"https:\/\/www.festivalhopper.de\/festival\/on3-festival-2011\">on3 Festival hier bei uns<\/a> und auf <a href=\"http:\/\/www.on3.de\/festival\" target=\"_blank\">www.on3.de\/festival<\/a>.<\/p>","protected":false},"excerpt":{"rendered":"<p>Auch dieses Jahr l\u00e4dt on3 in die Orchesterstudios des Bayerischen Rundfunks zum Festival-Highlight im Herbst: Am 26. November pr\u00e4sentiert das on3 Festival die Cr\u00e8me de la Cr\u00e8me der Popavantgarde \u2013 aus Bayern, Deutschland und der ganzen Welt. [Grafik links: on3-Festival 2011 Plakat, Bild: BR\/BR.]<\/p>\n","protected":false},"author":45,"featured_media":0,"comment_status":"open","ping_status":"open","sticky":false,"template":"","format":"standard","meta":{"footnotes":""},"categories":[5,2,387,15,10,24,6,20],"tags":[],"class_list":["post-53066","post","type-post","status-publish","format-standard","hentry","category-elektronische-musik","category-festivalnews","category-festivals-2011","category-indoor-festivals","category-konzerttipps","category-neue-bands","category-rock-festivals","category-tickets-kaufen"],"_links":{"self":[{"href":"https:\/\/www.festivalhopper.de\/news\/wp-json\/wp\/v2\/posts\/53066","targetHints":{"allow":["GET"]}}],"collection":[{"href":"https:\/\/www.festivalhopper.de\/news\/wp-json\/wp\/v2\/posts"}],"about":[{"href":"https:\/\/www.festivalhopper.de\/news\/wp-json\/wp\/v2\/types\/post"}],"author":[{"embeddable":true,"href":"https:\/\/www.festivalhopper.de\/news\/wp-json\/wp\/v2\/users\/45"}],"replies":[{"embeddable":true,"href":"https:\/\/www.festivalhopper.de\/news\/wp-json\/wp\/v2\/comments?post=53066"}],"version-history":[{"count":0,"href":"https:\/\/www.festivalhopper.de\/news\/wp-json\/wp\/v2\/posts\/53066\/revisions"}],"wp:attachment":[{"href":"https:\/\/www.festivalhopper.de\/news\/wp-json\/wp\/v2\/media?parent=53066"}],"wp:term":[{"taxonomy":"category","embeddable":true,"href":"https:\/\/www.festivalhopper.de\/news\/wp-json\/wp\/v2\/categories?post=53066"},{"taxonomy":"post_tag","embeddable":true,"href":"https:\/\/www.festivalhopper.de\/news\/wp-json\/wp\/v2\/tags?post=53066"}],"curies":[{"name":"wp","href":"https:\/\/api.w.org\/{rel}","templated":true}]}}