{"id":52586,"date":"2011-09-20T18:40:47","date_gmt":"2011-09-20T16:40:47","guid":{"rendered":"http:\/\/www.festivalhopper.de\/news\/?p=52586"},"modified":"2011-09-20T18:42:45","modified_gmt":"2011-09-20T16:42:45","slug":"rocken-poppen-2011-komplettes-lineup-und","status":"publish","type":"post","link":"https:\/\/www.festivalhopper.de\/news\/2011\/09\/20\/rocken-poppen-2011-komplettes-lineup-und\/","title":{"rendered":"Rocken &#038; Poppen LineUp 2011 komplett"},"content":{"rendered":"<p><a href=\"https:\/\/www.festivalhopper.de\/news\/wp-content\/uploads\/2011\/09\/Sara-Lugo-Foto.jpg\"><img loading=\"lazy\" decoding=\"async\" class=\"alignleft size-medium wp-image-52593\" title=\"Sara Lugo\" src=\"https:\/\/www.festivalhopper.de\/news\/wp-content\/uploads\/2011\/09\/Sara-Lugo-Foto-273x300.jpg\" alt=\"\" width=\"273\" height=\"300\" srcset=\"https:\/\/www.festivalhopper.de\/news\/wp-content\/uploads\/2011\/09\/Sara-Lugo-Foto-273x300.jpg 273w, https:\/\/www.festivalhopper.de\/news\/wp-content\/uploads\/2011\/09\/Sara-Lugo-Foto.jpg 917w\" sizes=\"auto, (max-width: 273px) 100vw, 273px\" \/><\/a><strong>18 Bands<\/strong> werden Euch beim\u00a0 <a title=\"ROCKEN &amp; POPPEN Festival 2011\" href=\"\/festival\/rocken-und-poppen-festival-2011\">ROCKEN &amp; POPPEN Festival 2011<\/a> auf <strong>drei Areas<\/strong>,\u00a0<strong>sechs Stunden<\/strong> lang rocken!<\/p>\n<p>Das Spektrum ist breit, von <strong>Rock, Pop, Indie, Reggae, Ska, Funk, Britpop, Blues, Elektro, Soul<\/strong> bis <strong>Hip-Hop<\/strong> wird hier alles geboten!<\/p>\n<p>Am <strong>11.11.2011<\/strong> steigt das <a title=\"ROCKEN &amp; POPPEN Festival 2011\" href=\"\/festival\/rocken-und-poppen-festival-2011\">3. ROCKEN &amp; POPPEN<\/a> im <strong>Feierwerk M\u00fcnchen<\/strong>.<\/p>\n<p><!--more--><\/p>\n<p><a title=\"Sara Lugo\" href=\"\/bands\/karten\/sara-lugo.php\">Sara Lugo<\/a>, <a title=\"Der Jungbrunn\" href=\"\/bands\/karten\/der-jungbrunn.php\">Der Jungbrunn<\/a>, <a title=\"Elektrik Kezy Mezy\" href=\"\/bands\/karten\/elektrik-kezy-mezy.php\">Elektrik Kezy Mezy<\/a>, <a title=\"Pardon Ms. Arden\" href=\"\/bands\/karten\/pardon-ms-arden.php\">Pardon Ms. Arden<\/a>, <a title=\"Deckchair Orange\" href=\"\/bands\/karten\/deckchair-orange.php\">Deckchair Orange<\/a>, <a title=\"Florian Zack\" href=\"\/bands\/karten\/florian-zack.php\">Florian Zack<\/a>, <a title=\"Blind Freddy\" href=\"\/bands\/karten\/blind-freddy.php\">Blind Freddy<\/a> und <strong>elf weitere Bands<\/strong> sind f\u00fcrs <a href=\"https:\/\/www.festivalhopper.de\/festival\/rocken-und-poppen-festival-2011\">Rocken &amp; Poppen<\/a> best\u00e4tigt &#8211; das <strong>LineUp ist komplett<\/strong> <em>(<a href=\"https:\/\/www.festivalhopper.de\/festival\/rocken-und-poppen-festival-2011\">zur vollst\u00e4ndigen Bandliste<\/a>)<\/em><strong>!<\/strong><\/p>\n<p><a title=\"Sara Lugo\" href=\"\/bands\/karten\/sara-lugo.php\">Sara Lugo<\/a> bietet <strong>Reggae, Soul<\/strong> und <strong>Pop<\/strong> und eine <strong>wundersch\u00f6ne Stimme<\/strong>. Mit ihrer <strong>leidenschaftlichen Art<\/strong> Musik zu machen wird die<strong> 23-J\u00e4hrige<\/strong> als<br \/>\neiner der <strong>Headliner<\/strong> beim <a href=\"https:\/\/www.festivalhopper.de\/festival\/rocken-und-poppen-festival-2011\">Rocken &amp; Poppen<\/a> auftreten.<\/p>\n<p><a href=\"https:\/\/www.festivalhopper.de\/news\/wp-content\/uploads\/2011\/09\/Der-Jungbrunn-Foto.jpg\"><img loading=\"lazy\" decoding=\"async\" class=\"alignright size-medium wp-image-52596\" title=\"Der Jungbrunn - Foto\" src=\"https:\/\/www.festivalhopper.de\/news\/wp-content\/uploads\/2011\/09\/Der-Jungbrunn-Foto-300x227.jpg\" alt=\"\" width=\"300\" height=\"227\" srcset=\"https:\/\/www.festivalhopper.de\/news\/wp-content\/uploads\/2011\/09\/Der-Jungbrunn-Foto-300x227.jpg 300w, https:\/\/www.festivalhopper.de\/news\/wp-content\/uploads\/2011\/09\/Der-Jungbrunn-Foto.jpg 800w\" sizes=\"auto, (max-width: 300px) 100vw, 300px\" \/><\/a>Eine Portion <strong>Rock<\/strong> wird es von der M\u00fcnchner Band des Jahres <a title=\"Der Jungbrunn\" href=\"\/bands\/karten\/der-jungbrunn.php\">Der Jungbrunn <\/a>geben. Etwas melodischer wird es noch, wenn der \u00f6sterreichische <strong>Manu Chao<\/strong> <a title=\"Florian Zack\" href=\"\/bands\/karten\/florian-zack.php\">Florian Zack<\/a> seine <strong>Ziehharmonika<\/strong> auspackt und in sch\u00f6nster <strong>Mundart<\/strong> seine Lieder singt. <a title=\"madebyus\" href=\"\/bands\/karten\/madebyus.php\">madebyus<\/a> geben mit acht Leuten nicht nur <strong>Funk vom Feinsten<\/strong>, sondern sind schon die <strong>zweite \u00f6sterreichische Band<\/strong> dieses Festivals. Die <a title=\"Green Tea Monkeys\" href=\"\/bands\/karten\/green-tea-monkeys.php\">Green Tea Monkeys<\/a> runden trotz ihres jungen Alters mit ihrem <strong>ohrwurmverd\u00e4chtigem Pogo-Ska<\/strong> erstaunlich souver\u00e4n die <strong>Reggae\/Funk\/Ska<\/strong>&#8211; Schiene des Festivals ab.<\/p>\n<p><a href=\"https:\/\/www.festivalhopper.de\/news\/wp-content\/uploads\/2011\/09\/Elektrik-Kezy-Mezy-Foto.jpg\"><img loading=\"lazy\" decoding=\"async\" class=\"alignleft size-medium wp-image-52597\" title=\"Elektrik Kezy Mezy Foto\" src=\"https:\/\/www.festivalhopper.de\/news\/wp-content\/uploads\/2011\/09\/Elektrik-Kezy-Mezy-Foto-300x200.jpg\" alt=\"\" width=\"300\" height=\"200\" srcset=\"https:\/\/www.festivalhopper.de\/news\/wp-content\/uploads\/2011\/09\/Elektrik-Kezy-Mezy-Foto-300x200.jpg 300w, https:\/\/www.festivalhopper.de\/news\/wp-content\/uploads\/2011\/09\/Elektrik-Kezy-Mezy-Foto.jpg 1000w\" sizes=\"auto, (max-width: 300px) 100vw, 300px\" \/><\/a>Sicher nicht zu kurz kommen wieder die Liebhaber der <strong>klassischen Indie-Musik<\/strong>, die sich diesmal mit vielen Elementen aus der<strong> elektronischen Musik, Rock, Blues<\/strong> und <strong>Pop<\/strong> vermischt. So begeistert das weit mehr als <strong>stadtbekannte Duo<\/strong> <a title=\"Elektrik Kezy Mezy\" href=\"\/bands\/karten\/elektrik-kezy-mezy.php\">Elektrik Kezy Mezy<\/a> mit abgespaceden Rhythmen und noch nie dagewesenen Melodien die Massen. Auf dem <a href=\"https:\/\/www.festivalhopper.de\/festival\/rocken-und-poppen-festival-2011\">Rocken &amp; Poppen Festival<\/a><br \/>\nschon heimisch, <strong>geliebt, bew\u00e4hrt<\/strong> und <strong>gefeiert<\/strong> sind die beiden Ausnahmebands\u00a0<a title=\"Pardon Ms. Arden\" href=\"\/bands\/karten\/pardon-ms-arden.php\">Pardon Ms. Arden<\/a> und <a title=\"Blind Freddy\" href=\"\/bands\/karten\/blind-freddy.php\">Blind Freddy<\/a>, die garantiert jeder kennt, der die M\u00fcnchner Musikszene seine Heimat nennt.<\/p>\n<p><a href=\"https:\/\/www.festivalhopper.de\/news\/wp-content\/uploads\/2011\/09\/Dave-A-Marat-Bandfoto.jpg\"><img loading=\"lazy\" decoding=\"async\" class=\"alignright size-medium wp-image-52604\" title=\"Dave A Marat Bandfoto\" src=\"https:\/\/www.festivalhopper.de\/news\/wp-content\/uploads\/2011\/09\/Dave-A-Marat-Bandfoto-300x200.jpg\" alt=\"\" width=\"300\" height=\"200\" srcset=\"https:\/\/www.festivalhopper.de\/news\/wp-content\/uploads\/2011\/09\/Dave-A-Marat-Bandfoto-300x200.jpg 300w, https:\/\/www.festivalhopper.de\/news\/wp-content\/uploads\/2011\/09\/Dave-A-Marat-Bandfoto.jpg 900w\" sizes=\"auto, (max-width: 300px) 100vw, 300px\" \/><\/a>Mit <a title=\"Deckchair Orange\" href=\"\/bands\/karten\/deckchair-orange.php\">Deckchair Orange<\/a> gibt es noch ein ganz besonderes Schmankerl f\u00fcr die <strong>Indie-Fans<\/strong>. Die Band f\u00e4hrt keinen Meter weniger als von <strong>Wien<\/strong> nach M\u00fcnchen und wieder zur\u00fcck, um jedem einzelnen Festivalbesucher zu beweisen, dass sie das Potential hat, eine der ganz gro\u00dfen Bands zu werden.<\/p>\n<p>Auch <a title=\"Dave A Marat\" href=\"\/bands\/karten\/dave-a-marat.php\">Dave A Marat<\/a> und <a title=\"The Catberrys\" href=\"\/bands\/karten\/the-catberrys.php\">The Catberrys<\/a> wird man am<strong> 11. November<\/strong> wieder live erleben k\u00f6nnen!<\/p>\n<p><a href=\"https:\/\/www.festivalhopper.de\/news\/wp-content\/uploads\/2011\/09\/A-Attitude-Foto.jpg\"><img loading=\"lazy\" decoding=\"async\" class=\"alignleft size-medium wp-image-52602\" title=\"A Attitude Foto\" src=\"https:\/\/www.festivalhopper.de\/news\/wp-content\/uploads\/2011\/09\/A-Attitude-Foto-300x223.jpg\" alt=\"\" width=\"300\" height=\"223\" srcset=\"https:\/\/www.festivalhopper.de\/news\/wp-content\/uploads\/2011\/09\/A-Attitude-Foto-300x223.jpg 300w, https:\/\/www.festivalhopper.de\/news\/wp-content\/uploads\/2011\/09\/A-Attitude-Foto.jpg 900w\" sizes=\"auto, (max-width: 300px) 100vw, 300px\" \/><\/a>Noch <strong>elektronischer<\/strong> wird der Sound dann, wenn <a title=\"Die Supersieger\" href=\"\/bands\/karten\/die-supersieger.php\">Die Supersieger<\/a> die B\u00fchne betreten. <strong>Punkrock-Indie<\/strong> wie er noch nicht da war, gibt es von den mittlerweile in M\u00fcnchen auch schon etablierten <a title=\"A Attitude\" href=\"\/bands\/karten\/a-attitude.php\">A Attitude<\/a>. Etwas ruhiger, aber mindestens genauso sch\u00f6n wird es, wenn sich die\u00a0<a title=\"Young Chinese Dogs\" href=\"\/bands\/karten\/young-chinese-dogs.php\">Young Chinese Dogs<\/a> ihre Gitarren umh\u00e4ngen. Auch <a title=\"Under the Tree\" href=\"\/bands\/karten\/under-the-tree.php\">Under the Tree<\/a> werden sich auf dem Festival sicher nicht unter dem Baum verstecken, sondern stolz ihre <strong>unkonventionelle<\/strong>, sehr <strong>melodische<\/strong> und souver\u00e4n klingende <strong>alternative Rockmusik<\/strong> pr\u00e4sentieren.<\/p>\n<p>F\u00fcr Newcomer immer Platz auf dem\u00a0 <a href=\"https:\/\/www.festivalhopper.de\/festival\/rocken-und-poppen-festival-2011\">Rocken &amp; Poppen Festival<\/a>. So haben diesmal mit <a title=\"Brave Young Years\" href=\"\/bands\/karten\/brave-young-years.php\">Brave Young Years<\/a>, <a title=\"Setsail\" href=\"\/bands\/karten\/setsail.php\">Setsail<\/a> und <a title=\"Coruna High\" href=\"\/bands\/karten\/coruna-high.php\">Coruna High <\/a>drei <strong>au\u00dfergew\u00f6hnliche Bands<\/strong> die M\u00f6glichkeit, vor einem gro\u00dfen Publikum ihre Qualit\u00e4ten zu beweisen und viele neue Fans und Herzen zu gewinnen.<\/p>\n<p><a href=\"https:\/\/www.festivalhopper.de\/news\/wp-content\/uploads\/2011\/09\/Rocken-und-Poppen-Festival.jpg\"><img loading=\"lazy\" decoding=\"async\" class=\"alignnone size-medium wp-image-52606\" title=\"Rocken-und-Poppen-Festival\" src=\"https:\/\/www.festivalhopper.de\/news\/wp-content\/uploads\/2011\/09\/Rocken-und-Poppen-Festival-300x200.jpg\" alt=\"\" width=\"257\" height=\"175\" \/> <\/a><a href=\"https:\/\/www.festivalhopper.de\/news\/wp-content\/uploads\/2011\/09\/Rocken-und-Poppen-Festival-2.jpg\"><img loading=\"lazy\" decoding=\"async\" class=\"alignnone size-medium wp-image-52607\" title=\"Rocken-und-Poppen-Festival-2\" src=\"https:\/\/www.festivalhopper.de\/news\/wp-content\/uploads\/2011\/09\/Rocken-und-Poppen-Festival-2-300x185.jpg\" alt=\"\" width=\"283\" height=\"175\" srcset=\"https:\/\/www.festivalhopper.de\/news\/wp-content\/uploads\/2011\/09\/Rocken-und-Poppen-Festival-2-300x185.jpg 300w, https:\/\/www.festivalhopper.de\/news\/wp-content\/uploads\/2011\/09\/Rocken-und-Poppen-Festival-2.jpg 1000w\" sizes=\"auto, (max-width: 283px) 100vw, 283px\" \/><\/a><\/p>\n<p>&nbsp;<\/p>\n<p>Passend zum Datum wird der <strong>Eintrittspreis<\/strong> diesmal geldbeutelfreundliche <strong>11\u20ac<\/strong> betragen. Ab <strong>17:30Uhr<\/strong> werden die Tore des <strong>Feierwerks M\u00fcnchen<\/strong> am <strong>11.11.2011<\/strong> ge\u00f6ffnet sein und das <a title=\"ROCKEN &amp; POPPEN Festival 2011\" href=\"\/festival\/rocken-und-poppen-festival-2011\">diesj\u00e4hrige ROCKEN &amp; POPPEN Festival<\/a> starten!<\/p>\n<p>Weiteres zum <a href=\"https:\/\/www.festivalhopper.de\/festival\/rocken-und-poppen-festival-2011\">Rocken &amp; Poppen hier bei uns<\/a> und auf <a href=\"http:\/\/www.rockenundpoppen.com\/\" target=\"_blank\">www.rockenundpoppen.com<\/a>.<\/p>","protected":false},"excerpt":{"rendered":"<p>18 Bands werden Euch beim\u00a0 ROCKEN &amp; POPPEN Festival 2011 auf drei Areas,\u00a0sechs Stunden lang rocken! Das Spektrum ist breit, von Rock, Pop, Indie, Reggae, Ska, Funk, Britpop, Blues, Elektro, Soul bis Hip-Hop wird hier alles geboten! Am 11.11.2011 steigt das 3. ROCKEN &amp; POPPEN im Feierwerk M\u00fcnchen.<\/p>\n","protected":false},"author":45,"featured_media":0,"comment_status":"open","ping_status":"open","sticky":false,"template":"","format":"standard","meta":{"footnotes":""},"categories":[5,2,387,22,42,15,24,4,6,17],"tags":[],"class_list":["post-52586","post","type-post","status-publish","format-standard","hentry","category-elektronische-musik","category-festivalnews","category-festivals-2011","category-hiphop-festivals","category-indie-festivals","category-indoor-festivals","category-neue-bands","category-reggae-festivals","category-rock-festivals","category-ska-festivals"],"_links":{"self":[{"href":"https:\/\/www.festivalhopper.de\/news\/wp-json\/wp\/v2\/posts\/52586","targetHints":{"allow":["GET"]}}],"collection":[{"href":"https:\/\/www.festivalhopper.de\/news\/wp-json\/wp\/v2\/posts"}],"about":[{"href":"https:\/\/www.festivalhopper.de\/news\/wp-json\/wp\/v2\/types\/post"}],"author":[{"embeddable":true,"href":"https:\/\/www.festivalhopper.de\/news\/wp-json\/wp\/v2\/users\/45"}],"replies":[{"embeddable":true,"href":"https:\/\/www.festivalhopper.de\/news\/wp-json\/wp\/v2\/comments?post=52586"}],"version-history":[{"count":0,"href":"https:\/\/www.festivalhopper.de\/news\/wp-json\/wp\/v2\/posts\/52586\/revisions"}],"wp:attachment":[{"href":"https:\/\/www.festivalhopper.de\/news\/wp-json\/wp\/v2\/media?parent=52586"}],"wp:term":[{"taxonomy":"category","embeddable":true,"href":"https:\/\/www.festivalhopper.de\/news\/wp-json\/wp\/v2\/categories?post=52586"},{"taxonomy":"post_tag","embeddable":true,"href":"https:\/\/www.festivalhopper.de\/news\/wp-json\/wp\/v2\/tags?post=52586"}],"curies":[{"name":"wp","href":"https:\/\/api.w.org\/{rel}","templated":true}]}}