{"id":48796,"date":"2011-07-27T10:05:13","date_gmt":"2011-07-27T08:05:13","guid":{"rendered":"http:\/\/www.festivalhopper.de\/news\/?p=48796"},"modified":"2011-07-29T00:04:57","modified_gmt":"2011-07-28T22:04:57","slug":"18-tage-bis-zum-mera-luna-2011","status":"publish","type":"post","link":"https:\/\/www.festivalhopper.de\/news\/2011\/07\/27\/18-tage-bis-zum-mera-luna-2011\/","title":{"rendered":"18 Tage bis zum M&#8217;era Luna 2011"},"content":{"rendered":"<p><a href=\"https:\/\/www.festivalhopper.de\/news\/wp-content\/uploads\/2011\/07\/ML_09_Atmo_Zahn_Bild_3_1024x.jpg\"><img loading=\"lazy\" decoding=\"async\" class=\"alignleft size-medium wp-image-48797\" style=\"margin: 1px;\" src=\"https:\/\/www.festivalhopper.de\/news\/wp-content\/uploads\/2011\/07\/ML_09_Atmo_Zahn_Bild_3_1024x-300x200.jpg\" alt=\"\" width=\"300\" height=\"200\" srcset=\"https:\/\/www.festivalhopper.de\/news\/wp-content\/uploads\/2011\/07\/ML_09_Atmo_Zahn_Bild_3_1024x-300x200.jpg 300w, https:\/\/www.festivalhopper.de\/news\/wp-content\/uploads\/2011\/07\/ML_09_Atmo_Zahn_Bild_3_1024x.jpg 1024w\" sizes=\"auto, (max-width: 300px) 100vw, 300px\" \/><\/a><em>Wir befinden uns im Jahre 2011 &#8211; genauer gesagt im verregneten Juli des Jahres 2011. Die Farbe des Himmels ist als solche nicht zu bezeichnen und steht in Einklang mit dem zu meinen F\u00fc\u00dfen gebetteten Beton. <\/em><\/p>\n<p><strong>Aber noch habe ich Hoffnung \u2013 ein<\/strong><strong>e Hoffnung auf einen Hochsommer voller musikalischer Gen\u00fcsse und eine resolute Wettergerechtigkeit.<\/strong><\/p>\n<p><strong><!--more--><\/strong>Geht nicht? Eventuell doch! Wie in jedem Jahr <strong>\u00f6ffnet am 13. und 14. August der <a href=\"https:\/\/www.festivalhopper.de\/news\/2010\/08\/13\/nachbericht-mera-luna-2010-flughafen-hildeheim\/\">Flugplatz zu Hildesheim<\/a> seine Pforten<\/strong>, um Str\u00f6me dunkel gekleideter,<a href=\"https:\/\/www.festivalhopper.de\/news\/wp-content\/uploads\/2011\/07\/SG104473_1024x.jpg\"><img loading=\"lazy\" decoding=\"async\" class=\"alignright size-medium wp-image-48798\" style=\"margin: 1px;\" src=\"https:\/\/www.festivalhopper.de\/news\/wp-content\/uploads\/2011\/07\/SG104473_1024x-300x200.jpg\" alt=\"\" width=\"300\" height=\"200\" srcset=\"https:\/\/www.festivalhopper.de\/news\/wp-content\/uploads\/2011\/07\/SG104473_1024x-300x200.jpg 300w, https:\/\/www.festivalhopper.de\/news\/wp-content\/uploads\/2011\/07\/SG104473_1024x.jpg 1024w\" sizes=\"auto, (max-width: 300px) 100vw, 300px\" \/><\/a> kultivierter Menschen einzulassen, welche sich<strong> im Rampenlicht zweier B\u00fchnen von angenehmen Kl\u00e4ngen verf\u00fchren lassen wollen.<\/strong><\/p>\n<p>Und auch wenn die bisherige Saison sonnentechnisch eher als desastr\u00f6s zu bezeichnen ist und der ein oder andere Festivalveranstalter mit der Technik haderte \u2013 die Erwartung ist doch hoch, dass diese Pannenserie <strong>mit dem <a href=\"https:\/\/www.festivalhopper.de\/festival\/mera-luna-festival-2011\">M\u2019era Luna<\/a> 2011<\/strong> ein Ende findet. Mit sehr <strong>professionell angelegtem Park- und Zeltplatz<\/strong> inklusive g\u00fcnstiger Getr\u00e4nkepreise, dem <strong>gro\u00dfen Non-Food Einkaufsgel\u00e4nde, einem mittelalterlichem Markt<\/strong> sowie dem <strong>mit reichlich Essensst\u00e4nden (und auch Toiletten) best\u00fcckten eigentlichem Musikgel\u00e4nde<\/strong> und nicht zuletzt einem <strong>d\u00fcster-bunt gemischten Line-Up verspricht diese Veranstaltung mal wieder ein Hochlicht der diesj\u00e4hrigen europ\u00e4ischen Elektro- und Gothfestivals zu werden.<\/strong><\/p>\n<p><a href=\"https:\/\/www.festivalhopper.de\/news\/wp-content\/uploads\/2011\/07\/SG104587_1024x.jpg\"><img loading=\"lazy\" decoding=\"async\" class=\"alignleft size-medium wp-image-48799\" style=\"margin: 1px;\" src=\"https:\/\/www.festivalhopper.de\/news\/wp-content\/uploads\/2011\/07\/SG104587_1024x-300x200.jpg\" alt=\"\" width=\"300\" height=\"200\" srcset=\"https:\/\/www.festivalhopper.de\/news\/wp-content\/uploads\/2011\/07\/SG104587_1024x-300x200.jpg 300w, https:\/\/www.festivalhopper.de\/news\/wp-content\/uploads\/2011\/07\/SG104587_1024x.jpg 1024w\" sizes=\"auto, (max-width: 300px) 100vw, 300px\" \/><\/a>Hinzu kommt die phantastische Gelegenheit f\u00fcr gro\u00df und klein, alte Bekanntschaften wiederzusehen und neue zu gewinnen &#8211; ohne dauernd auf sein Smartphone glotzen zu m\u00fcssen\u2026 und dieses vielleicht sogar <strong>beim Genu\u00df des Rahmenprogramms in Form von Lesungen und Modenschauen oder tanzbeinschwingend <\/strong>einfach auszustellen.<\/p>\n<p><strong>Auch uns in unserer Eigenschaft als Herden-Individuen zieht es nun aus dem idyllischen Ruhrgebiet gen \u201eOsten\u201c, <\/strong>um den T\u00f6nen von <a href=\"https:\/\/www.festivalhopper.de\/bands\/karten\/hurts.php\">Hurts<\/a>, <a href=\"https:\/\/www.festivalhopper.de\/bands\/karten\/atari-teenage-riot.php\">Atari Teenage Riot<\/a>, <a href=\"https:\/\/www.festivalhopper.de\/bands\/karten\/funker-vogt.php\">Funker Vogt<\/a>, <a href=\"https:\/\/www.festivalhopper.de\/bands\/karten\/tyske-ludder.php\">Tyske Ludder<\/a>, <a href=\"https:\/\/www.festivalhopper.de\/bands\/karten\/omnia.php\">Omnia<\/a>,<a href=\"https:\/\/www.festivalhopper.de\/news\/wp-content\/uploads\/2011\/07\/SG104429_1024x.jpg\"><img loading=\"lazy\" decoding=\"async\" class=\"alignright size-medium wp-image-48800\" style=\"margin: 1px;\" src=\"https:\/\/www.festivalhopper.de\/news\/wp-content\/uploads\/2011\/07\/SG104429_1024x-300x200.jpg\" alt=\"\" width=\"300\" height=\"200\" srcset=\"https:\/\/www.festivalhopper.de\/news\/wp-content\/uploads\/2011\/07\/SG104429_1024x-300x200.jpg 300w, https:\/\/www.festivalhopper.de\/news\/wp-content\/uploads\/2011\/07\/SG104429_1024x.jpg 1024w\" sizes=\"auto, (max-width: 300px) 100vw, 300px\" \/><\/a> <a href=\"https:\/\/www.festivalhopper.de\/bands\/karten\/coppelius.php\">Coppelius<\/a>, <a href=\"https:\/\/www.festivalhopper.de\/bands\/karten\/gothminister.php\">Gothminister<\/a>, <a href=\"https:\/\/www.festivalhopper.de\/bands\/karten\/the-mission-veo.php\">The Mission Veo<\/a>, <a href=\"https:\/\/www.festivalhopper.de\/bands\/karten\/klut.php\">Klut\u00e6<\/a> (der Autor bedankt sich an dieser Stelle bei Claus Larsen f\u00fcr die Schreibweise und bei unbekannt f\u00fcr die gro\u00dfartige Erfindung der Zeichentabelle) und vieler anderer (mit Ausnahme des n\u00e4chtlichen Schreihalses von letztem Jahr nebenan) zu lauschen, sie vielleicht zu verdammen, <strong>wahrscheinlich aber zu bejubeln und hoffentlich ein paar Tage unter netten Leuten zu verbringen!<\/strong><\/p>\n<p>der Cutter<\/p>\n<p><a href=\"http:\/\/www.meraluna.de\">www.meraluna.de<\/a><\/p>","protected":false},"excerpt":{"rendered":"<p>Wir befinden uns im Jahre 2011 &#8211; genauer gesagt im verregneten Juli des Jahres 2011. Die Farbe des Himmels ist als solche nicht zu bezeichnen und steht in Einklang mit dem zu meinen F\u00fc\u00dfen gebetteten Beton. Aber noch habe ich Hoffnung \u2013 eine Hoffnung auf einen Hochsommer voller musikalischer Gen\u00fcsse und eine resolute Wettergerechtigkeit.<\/p>\n","protected":false},"author":147,"featured_media":0,"comment_status":"open","ping_status":"open","sticky":false,"template":"","format":"standard","meta":{"footnotes":""},"categories":[549,5,7,2,387,6,139],"tags":[405,406,192,576,577,439,566,574,558,570,575],"class_list":["post-48796","post","type-post","status-publish","format-standard","hentry","category-darkwave-festivals","category-elektronische-musik","category-festivalbilder","category-festivalnews","category-festivals-2011","category-rock-festivals","category-wave-gotic","tag-darkwave","tag-ebm","tag-electro","tag-elektropop","tag-flug","tag-gothic","tag-gothrock","tag-mera","tag-minimal","tag-synthie","tag-synthpop"],"_links":{"self":[{"href":"https:\/\/www.festivalhopper.de\/news\/wp-json\/wp\/v2\/posts\/48796","targetHints":{"allow":["GET"]}}],"collection":[{"href":"https:\/\/www.festivalhopper.de\/news\/wp-json\/wp\/v2\/posts"}],"about":[{"href":"https:\/\/www.festivalhopper.de\/news\/wp-json\/wp\/v2\/types\/post"}],"author":[{"embeddable":true,"href":"https:\/\/www.festivalhopper.de\/news\/wp-json\/wp\/v2\/users\/147"}],"replies":[{"embeddable":true,"href":"https:\/\/www.festivalhopper.de\/news\/wp-json\/wp\/v2\/comments?post=48796"}],"version-history":[{"count":0,"href":"https:\/\/www.festivalhopper.de\/news\/wp-json\/wp\/v2\/posts\/48796\/revisions"}],"wp:attachment":[{"href":"https:\/\/www.festivalhopper.de\/news\/wp-json\/wp\/v2\/media?parent=48796"}],"wp:term":[{"taxonomy":"category","embeddable":true,"href":"https:\/\/www.festivalhopper.de\/news\/wp-json\/wp\/v2\/categories?post=48796"},{"taxonomy":"post_tag","embeddable":true,"href":"https:\/\/www.festivalhopper.de\/news\/wp-json\/wp\/v2\/tags?post=48796"}],"curies":[{"name":"wp","href":"https:\/\/api.w.org\/{rel}","templated":true}]}}