{"id":48714,"date":"2011-07-25T10:46:34","date_gmt":"2011-07-25T08:46:34","guid":{"rendered":"http:\/\/www.festivalhopper.de\/news\/?p=48714"},"modified":"2011-07-25T10:47:44","modified_gmt":"2011-07-25T08:47:44","slug":"paleo-rueckblicke-videos-konzerte-2011-termin-2012","status":"publish","type":"post","link":"https:\/\/www.festivalhopper.de\/news\/2011\/07\/25\/paleo-rueckblicke-videos-konzerte-2011-termin-2012\/","title":{"rendered":"Pal\u00e9o R\u00fcckblicke, Videos, Konzerte 2011 + Termin 2012"},"content":{"rendered":"<p><a href=\"https:\/\/www.festivalhopper.de\/news\/wp-content\/uploads\/2011\/07\/paleo-merci-2011.jpg\"><img loading=\"lazy\" decoding=\"async\" class=\"alignleft size-medium wp-image-48715\" title=\"paleo-merci-2011 von www.yeah.paleo.ch\" src=\"https:\/\/www.festivalhopper.de\/news\/wp-content\/uploads\/2011\/07\/paleo-merci-2011-300x168.jpg\" alt=\"\" width=\"300\" height=\"168\" srcset=\"https:\/\/www.festivalhopper.de\/news\/wp-content\/uploads\/2011\/07\/paleo-merci-2011-300x168.jpg 300w, https:\/\/www.festivalhopper.de\/news\/wp-content\/uploads\/2011\/07\/paleo-merci-2011.jpg 538w\" sizes=\"auto, (max-width: 300px) 100vw, 300px\" \/><\/a>Die <a href=\"https:\/\/www.festivalhopper.de\/festival\/paleo-festival-2011\">36. Ausgabe  des Pal\u00e9o Festival Nyon<\/a> ging gestern zu Ende, die letzten Besucher machen sich nun langsam auf den Heimweg.<\/p>\n<p>Das <a title=\"Paleo Festival 2012\" href=\"\/festival\/paleo-festival-2012\">Pal\u00e9o Festival 2012<\/a> findet vom <strong>17.-22. Juli 2012 <\/strong>an gewohner Stelle statt.<\/p>\n<p><!--more--><\/p>\n<blockquote><p><em><strong>&#8222;Das <a href=\"\/festival\/paleo-festival-2011\">Pal\u00e9o<\/a> hinterl\u00e4sst in unseren Augen und Ohren eine Menge Erinnerungen. Danke f\u00fcr Ihre Treue!&#8220;<\/strong><\/em> &#8211; die Veranstalter in ihren News nach dem Festival<\/p><\/blockquote>\n<p>Aus <strong>vielen Blickwinkeln<\/strong> k\u00f6nnt ihr auf das <a href=\"\/festival\/paleo-festival-2011\">Pal\u00e9o 2011<\/a> zur\u00fcckschauen:<\/p>\n<ul>\n<li><strong>Videos<\/strong> zum Paleo und viele komplette Konzerte in der Pal\u00e9o Mediathek<\/li>\n<li><strong>Fotos:<\/strong> Hunderte Pal\u00e9o Fotos von Konzerten, Stimmung der \u201eTrombine en  Vadrouilles&#8220; und der Schnurrb\u00e4rte<\/li>\n<\/ul>\n<ul>\n<li><strong>Chroniken, Reportagen, Interviews, <\/strong><strong>Verr\u00fccktheiten<\/strong> im Pal\u00e9oblog<\/li>\n<li>die t\u00e4glichen Podcasts im Pal\u00e9oblog &#8211; <em>&#8222;gegen das Pal\u00e9o-Heimweh&#8220;<\/em><\/li>\n<li>auch teilweise <strong>Konzerte zum Download<\/strong> gibt es per RTS-Konzert-Podcasts<\/li>\n<\/ul>\n<p><a href=\"https:\/\/www.festivalhopper.de\/news\/wp-content\/uploads\/2011\/04\/paleo2011.png\"><img loading=\"lazy\" decoding=\"async\" class=\"alignright size-medium wp-image-41874\" title=\"paleo2011\" src=\"https:\/\/www.festivalhopper.de\/news\/wp-content\/uploads\/2011\/04\/paleo2011-300x222.png\" alt=\"\" width=\"300\" height=\"222\" srcset=\"https:\/\/www.festivalhopper.de\/news\/wp-content\/uploads\/2011\/04\/paleo2011-300x222.png 300w, https:\/\/www.festivalhopper.de\/news\/wp-content\/uploads\/2011\/04\/paleo2011.png 800w\" sizes=\"auto, (max-width: 300px) 100vw, 300px\" \/><\/a>F\u00fcr alle die der franz\u00f6sichen Sprache einigerma\u00dfen m\u00e4chtig sind, preisen wir hier gern noch ein Pal\u00e9o-Ticketgewinnspiel-f\u00fcr 2012 an! Bis 31.August k\u00f6nnt ihr mitmachen.<\/p>\n<p>Mit einem dicken <strong>&#8222;Folk yeah!&#8220;<\/strong>,  <em>&#8222;vielen Dank&#8220; <\/em>und<em> &#8222;auf Wiedersehen im n\u00e4chsten Jahr&#8220;<\/em> verabschieden sich die Veranstalter bis 2012.<em> Wie war euer Pal\u00e9o? (Kommentare unten)<\/em><\/p>\n<p>Weiteres zum <a title=\"Paleo Festival 2012\" href=\"\/festival\/paleo-festival-2012\">Pal\u00e9o Festival hier bei uns<\/a> und auf <a href=\"https:\/\/yeah.paleo.ch\/fr\" target=\"_blank\" rel=\"noopener\">www.paleo.ch<\/a>.<\/p>","protected":false},"excerpt":{"rendered":"<p>Die 36. Ausgabe des Pal\u00e9o Festival Nyon ging gestern zu Ende, die letzten Besucher machen sich nun langsam auf den Heimweg. Das Pal\u00e9o Festival 2012 findet vom 17.-22. Juli 2012 an gewohner Stelle statt.<\/p>\n","protected":false},"author":45,"featured_media":0,"comment_status":"open","ping_status":"open","sticky":false,"template":"","format":"standard","meta":{"footnotes":""},"categories":[35,2,387,40,284,42,21],"tags":[],"class_list":["post-48714","post","type-post","status-publish","format-standard","hentry","category-festivalberichte","category-festivalnews","category-festivals-2011","category-festivals-in-europa","category-folk-festivals","category-indie-festivals","category-schweiz"],"_links":{"self":[{"href":"https:\/\/www.festivalhopper.de\/news\/wp-json\/wp\/v2\/posts\/48714","targetHints":{"allow":["GET"]}}],"collection":[{"href":"https:\/\/www.festivalhopper.de\/news\/wp-json\/wp\/v2\/posts"}],"about":[{"href":"https:\/\/www.festivalhopper.de\/news\/wp-json\/wp\/v2\/types\/post"}],"author":[{"embeddable":true,"href":"https:\/\/www.festivalhopper.de\/news\/wp-json\/wp\/v2\/users\/45"}],"replies":[{"embeddable":true,"href":"https:\/\/www.festivalhopper.de\/news\/wp-json\/wp\/v2\/comments?post=48714"}],"version-history":[{"count":5,"href":"https:\/\/www.festivalhopper.de\/news\/wp-json\/wp\/v2\/posts\/48714\/revisions"}],"predecessor-version":[{"id":140995,"href":"https:\/\/www.festivalhopper.de\/news\/wp-json\/wp\/v2\/posts\/48714\/revisions\/140995"}],"wp:attachment":[{"href":"https:\/\/www.festivalhopper.de\/news\/wp-json\/wp\/v2\/media?parent=48714"}],"wp:term":[{"taxonomy":"category","embeddable":true,"href":"https:\/\/www.festivalhopper.de\/news\/wp-json\/wp\/v2\/categories?post=48714"},{"taxonomy":"post_tag","embeddable":true,"href":"https:\/\/www.festivalhopper.de\/news\/wp-json\/wp\/v2\/tags?post=48714"}],"curies":[{"name":"wp","href":"https:\/\/api.w.org\/{rel}","templated":true}]}}