{"id":48456,"date":"2011-07-21T16:48:05","date_gmt":"2011-07-21T14:48:05","guid":{"rendered":"http:\/\/www.festivalhopper.de\/news\/?p=48456"},"modified":"2011-07-21T17:44:43","modified_gmt":"2011-07-21T15:44:43","slug":"hoch-die-hoerner-hoernerfest-2011","status":"publish","type":"post","link":"https:\/\/www.festivalhopper.de\/news\/2011\/07\/21\/hoch-die-hoerner-hoernerfest-2011\/","title":{"rendered":"Hoch die H\u00f6rner&#8230; H\u00f6rnerfest 2011"},"content":{"rendered":"<p><a href=\"https:\/\/www.festivalhopper.de\/news\/wp-content\/uploads\/2011\/07\/hoernerfest-2011.jpg\"><img loading=\"lazy\" decoding=\"async\" class=\"alignleft size-medium wp-image-48466\" title=\"hoernerfest-2011\" src=\"https:\/\/www.festivalhopper.de\/news\/wp-content\/uploads\/2011\/07\/hoernerfest-2011-300x200.jpg\" alt=\"\" width=\"300\" height=\"200\" srcset=\"https:\/\/www.festivalhopper.de\/news\/wp-content\/uploads\/2011\/07\/hoernerfest-2011-300x200.jpg 300w, https:\/\/www.festivalhopper.de\/news\/wp-content\/uploads\/2011\/07\/hoernerfest-2011.jpg 1024w\" sizes=\"auto, (max-width: 300px) 100vw, 300px\" \/><\/a><strong><em>&#8222;Hoch die H\u00f6rner&#8230;&#8220;<\/em> hie\u00df es beim diesj\u00e4hrigen <a href=\"https:\/\/www.festivalhopper.de\/festival\/hoernerfest-2011\">H\u00f6rnerfest<\/a> am 1. und 2. Juli 2011 in Brande-H\u00f6rnerkirchen.<\/strong> Der Festivalwettergott konnte sich am Freitag noch nicht richtig f\u00fcr Regen oder strahlenden Sonnenschein entscheiden. Dennoch lie\u00dfen sich die Besucher nicht die Laune verderben und <em>Festivalhopperin Martina brachte uns diesen Bericht und ein paar Fotos mit<\/em>.<\/p>\n<p><!--more--><\/p>\n<blockquote><p><strong>Weitere Bilder von Bands und Festival <a href=\"https:\/\/www.festivalhopper.de\/bilder\/hoernerfest-2011\/\">in der H\u00f6rnerfest Galerie<\/a><\/strong><\/p><\/blockquote>\n<p><a href=\"https:\/\/www.festivalhopper.de\/news\/wp-content\/uploads\/2011\/07\/immer-noch-frank.jpg\"><img loading=\"lazy\" decoding=\"async\" class=\"alignright size-medium wp-image-48460\" title=\"immer noch frank\" src=\"https:\/\/www.festivalhopper.de\/news\/wp-content\/uploads\/2011\/07\/immer-noch-frank-184x300.jpg\" alt=\"\" width=\"184\" height=\"300\" srcset=\"https:\/\/www.festivalhopper.de\/news\/wp-content\/uploads\/2011\/07\/immer-noch-frank-184x300.jpg 184w, https:\/\/www.festivalhopper.de\/news\/wp-content\/uploads\/2011\/07\/immer-noch-frank.jpg 631w\" sizes=\"auto, (max-width: 184px) 100vw, 184px\" \/><\/a>Am Nachmittag des ersten Tages gab es noch viel Sonne und die Besucher lie\u00dfen sich von <strong>ImmerNochFrank<\/strong>, einem Zauberer, Jongleur &amp; Gaukler auf der Marktb\u00fchne bespa\u00dfen und verwirren.<\/p>\n<p>Da die Gruppe <strong>Thorondir<\/strong> kurzfristig ihren Auftritt absagen mussten, sprangen die Berliner <a href=\"https:\/\/www.festivalhopper.de\/bands\/karten\/das-niveau.php\">Das Niveau<\/a> ein und kreierten <strong>ein teils improvisiertes und stark mit dem Publikum interagierendes Konzert, das die Stimmung der Besucher ordentlich hob<\/strong>. Anschlie\u00dfend spielte die russische Band <a href=\"https:\/\/www.festivalhopper.de\/bands\/karten\/trelleborg.php\">Trelleborg<\/a>, die mit ihrem Deb\u00fctalbum <em>\u201eLands of Njord\u201c<\/em> ihre Fans definitiv \u00fcberzeugen konnten.<\/p>\n<p><a href=\"https:\/\/www.festivalhopper.de\/news\/wp-content\/uploads\/2011\/07\/cumulo-nimbus-hoernerfest-2011.jpg\"><img loading=\"lazy\" decoding=\"async\" class=\"alignleft size-medium wp-image-48457\" title=\"cumulo nimbus hoernerfest-2011\" src=\"https:\/\/www.festivalhopper.de\/news\/wp-content\/uploads\/2011\/07\/cumulo-nimbus-hoernerfest-2011-200x300.jpg\" alt=\"\" width=\"200\" height=\"300\" srcset=\"https:\/\/www.festivalhopper.de\/news\/wp-content\/uploads\/2011\/07\/cumulo-nimbus-hoernerfest-2011-200x300.jpg 200w, https:\/\/www.festivalhopper.de\/news\/wp-content\/uploads\/2011\/07\/cumulo-nimbus-hoernerfest-2011.jpg 683w\" sizes=\"auto, (max-width: 200px) 100vw, 200px\" \/><\/a>Gefolgt von der <strong>Mittelalter- und Renaissance Band<\/strong> <a href=\"https:\/\/www.festivalhopper.de\/bands\/karten\/cumulo-nimbus.php\">Cumulo Nimbus<\/a>, die mit ihrer Musik die G\u00e4ste zum Tanzen und Headbangen einluden.<\/p>\n<p>Wenn auch stilistisch nicht ganz passend aber denn noch ein pers\u00f6nliches Highlight waren die Berliner <a href=\"https:\/\/www.festivalhopper.de\/bands\/karten\/mutabor.php\">Mutabor<\/a>, die ihre musikalischen Einfl\u00fcsse aus Folk, Punk, Ska, Pop und Raggae ziehen.<\/p>\n<p>W\u00e4hrend der B\u00fchnenumbauarbeiten f\u00fcr den heutigen Headliner, bewunderten wir die allj\u00e4hrliche <strong>Flammenrausch-Feuershow<\/strong> auf dem Marktplatz. Zu sp\u00e4t kommende G\u00e4ste konnten auf Grund des hohen Andranges leider nur wenig sehen.<\/p>\n<p><a href=\"https:\/\/www.festivalhopper.de\/news\/wp-content\/uploads\/2011\/07\/mutabor-beim-hoernerfest-2011.jpg\"><img loading=\"lazy\" decoding=\"async\" class=\"size-medium wp-image-48461 alignnone\" title=\"mutabor hoernerfest-2011\" src=\"https:\/\/www.festivalhopper.de\/news\/wp-content\/uploads\/2011\/07\/mutabor-beim-hoernerfest-2011-300x200.jpg\" alt=\"\" width=\"270\" height=\"180\" srcset=\"https:\/\/www.festivalhopper.de\/news\/wp-content\/uploads\/2011\/07\/mutabor-beim-hoernerfest-2011-300x200.jpg 300w, https:\/\/www.festivalhopper.de\/news\/wp-content\/uploads\/2011\/07\/mutabor-beim-hoernerfest-2011.jpg 1024w\" sizes=\"auto, (max-width: 270px) 100vw, 270px\" \/><\/a> <a href=\"https:\/\/www.festivalhopper.de\/news\/wp-content\/uploads\/2011\/07\/flammenrausch-feuershow-hoernerfest-2011.jpg\"><img loading=\"lazy\" decoding=\"async\" class=\"alignnone size-medium wp-image-48458\" title=\"flammenrausch feuershow hoernerfest-2011\" src=\"https:\/\/www.festivalhopper.de\/news\/wp-content\/uploads\/2011\/07\/flammenrausch-feuershow-hoernerfest-2011-300x200.jpg\" alt=\"\" width=\"270\" height=\"180\" srcset=\"https:\/\/www.festivalhopper.de\/news\/wp-content\/uploads\/2011\/07\/flammenrausch-feuershow-hoernerfest-2011-300x200.jpg 300w, https:\/\/www.festivalhopper.de\/news\/wp-content\/uploads\/2011\/07\/flammenrausch-feuershow-hoernerfest-2011.jpg 1024w\" sizes=\"auto, (max-width: 270px) 100vw, 270px\" \/><\/a><\/p>\n<p><a href=\"https:\/\/www.festivalhopper.de\/news\/wp-content\/uploads\/2011\/07\/tanzwut-hoernerfest-2011.jpg\"><img loading=\"lazy\" decoding=\"async\" class=\"alignright size-thumbnail wp-image-48464\" title=\"tanzwut hoernerfest-2011\" src=\"https:\/\/www.festivalhopper.de\/news\/wp-content\/uploads\/2011\/07\/tanzwut-hoernerfest-2011-150x150.jpg\" alt=\"\" width=\"150\" height=\"150\" \/><\/a>Nach anf\u00e4nglichen Schwierigkeiten w\u00e4hrend des Soundchecks hatten nun <a href=\"https:\/\/www.festivalhopper.de\/bands\/karten\/tanzwut.php\">Tanzwut<\/a> die B\u00fchne f\u00fcr sich aber <strong>konnten das Publikum nur wenig begeistern und mitrei\u00dfen<\/strong>. An dieser Stelle einen Dank an den Teufel.<\/p>\n<p>So neigte sich der erste Festivaltag dem Ende zu und die Camper begaben sich zu ihren Zelten.<\/p>\n<p><strong>Auch am zweiten Tag hat es der Wettergott nicht sonderlich gut mit uns gemeint und Regen und sp\u00e4rliche Sonne wechselten sich miteinander ab.<\/strong><\/p>\n<p><a href=\"https:\/\/www.festivalhopper.de\/news\/wp-content\/uploads\/2011\/07\/spiegelkeller-hoernerfest-2011.jpg\"><img loading=\"lazy\" decoding=\"async\" class=\"size-medium wp-image-48463 alignleft\" title=\"spiegelkeller hoernerfest-2011\" src=\"https:\/\/www.festivalhopper.de\/news\/wp-content\/uploads\/2011\/07\/spiegelkeller-hoernerfest-2011-300x200.jpg\" alt=\"\" width=\"300\" height=\"200\" srcset=\"https:\/\/www.festivalhopper.de\/news\/wp-content\/uploads\/2011\/07\/spiegelkeller-hoernerfest-2011-300x200.jpg 300w, https:\/\/www.festivalhopper.de\/news\/wp-content\/uploads\/2011\/07\/spiegelkeller-hoernerfest-2011.jpg 1024w\" sizes=\"auto, (max-width: 300px) 100vw, 300px\" \/><\/a>Schon am Vortag konnten <a href=\"https:\/\/www.festivalhopper.de\/bands\/karten\/spiegelkeller.php\">Spiegelkeller<\/a> ihr K\u00f6nnen auf der Marktb\u00fchne unter Beweis stellen und rockten am Samstagmittag die Hauptb\u00fchne. <strong>Vielen Dank an Spiegelkeller f\u00fcr die Flasche Met, die leider viel zu schnell leer war&#8230;<\/strong><\/p>\n<p>Schon zum dritten Mal betrat <a href=\"https:\/\/www.festivalhopper.de\/bands\/karten\/vogelfrey.php\">Vogelfrey<\/a> die B\u00fchne des H\u00f6rnerfest und <strong>verzauberten die Menge mit ihrer Mischung aus Mittelalter, Rock, Folklore und Metal<\/strong>. Neben den Topliedern aus dem aktuellen Album <em>\u201eWiegenfest\u201c<\/em> spielten sie noch viele weitere unver\u00f6ffentlichte Titel.<\/p>\n<p><a href=\"https:\/\/www.festivalhopper.de\/news\/wp-content\/uploads\/2011\/07\/nachtgeschrei-hoernerfest-2011.jpg\"><img loading=\"lazy\" decoding=\"async\" class=\"size-medium wp-image-48462 alignright\" title=\"nachtgeschrei hoernerfest-2011\" src=\"https:\/\/www.festivalhopper.de\/news\/wp-content\/uploads\/2011\/07\/nachtgeschrei-hoernerfest-2011-300x225.jpg\" alt=\"\" width=\"300\" height=\"225\" srcset=\"https:\/\/www.festivalhopper.de\/news\/wp-content\/uploads\/2011\/07\/nachtgeschrei-hoernerfest-2011-300x225.jpg 300w, https:\/\/www.festivalhopper.de\/news\/wp-content\/uploads\/2011\/07\/nachtgeschrei-hoernerfest-2011.jpg 1024w\" sizes=\"auto, (max-width: 300px) 100vw, 300px\" \/><\/a>Nach einer l\u00e4ngeren Pause (vielen Runden \u00fcber den Mittelaltermarkt schlendernd) spielten <a href=\"https:\/\/www.festivalhopper.de\/bands\/karten\/nachtgeschrei.php\">Nachtgeschrei<\/a>, die ebenfalls schon einmal auf dem H\u00f6rnerfest zu Gast waren. <strong>Ihren Spa\u00df auf der B\u00fchne \u00fcbertrugen sie gekonnt auf das Publikum<\/strong>, sodass alle zu den musikalischen Elementen von  Metal- und Rockmusik sowie folkloristisch mittelalterliche Instrumentierungen feierten. Anschlie\u00dfend zeigte die niederl\u00e4ndische Band <a href=\"https:\/\/www.festivalhopper.de\/bands\/karten\/omnia.php\">Omnia<\/a> ihr K\u00f6nnen.<\/p>\n<p><a href=\"https:\/\/www.festivalhopper.de\/news\/wp-content\/uploads\/2011\/07\/haggard-hoernerfest-2011.jpg\"><img loading=\"lazy\" decoding=\"async\" class=\"size-medium wp-image-48459 alignleft\" title=\"haggard hoernerfest-2011\" src=\"https:\/\/www.festivalhopper.de\/news\/wp-content\/uploads\/2011\/07\/haggard-hoernerfest-2011-300x225.jpg\" alt=\"\" width=\"300\" height=\"225\" srcset=\"https:\/\/www.festivalhopper.de\/news\/wp-content\/uploads\/2011\/07\/haggard-hoernerfest-2011-300x225.jpg 300w, https:\/\/www.festivalhopper.de\/news\/wp-content\/uploads\/2011\/07\/haggard-hoernerfest-2011.jpg 1024w\" sizes=\"auto, (max-width: 300px) 100vw, 300px\" \/><\/a>Mit einer halbst\u00fcndigen Verz\u00f6gerung auf Grund technischer Schwierigkeiten startete die dreizehnk\u00f6pfige Band <a href=\"https:\/\/www.festivalhopper.de\/bands\/karten\/haggard.php\">Haggard<\/a>. <strong>Sie konnten trotz starkem Regen und beginnendem Gewitter das Publikum unterm regensch\u00fctzenden Vordach fesseln.<\/strong><\/p>\n<p>Ganz im Stile des Donnergottes Thor ging der zweite und letzte Festivaltag mit Donner und Blitzen zu Ende.<\/p>\n<p><strong>Fazit: Ein rundum gelungenes und gut organisiertes kleines Festival! <\/strong><br \/>\nUnd so hei\u00dft es im n\u00e4chsten Jahr wieder: <em>&#8222;Hoch die H\u00f6rner&#8230;&#8220;<\/em><\/p>\n<blockquote><p><strong>Weitere Bilder von Bands und Festival <a href=\"https:\/\/www.festivalhopper.de\/bilder\/hoernerfest-2011\/\">in der H\u00f6rnerfest Galerie<\/a><\/strong><\/p><\/blockquote>\n<p>Website des Festivals: www.hoernerfest.de<\/p>","protected":false},"excerpt":{"rendered":"<p>&#8222;Hoch die H\u00f6rner&#8230;&#8220; hie\u00df es beim diesj\u00e4hrigen H\u00f6rnerfest am 1. und 2. Juli 2011 in Brande-H\u00f6rnerkirchen. Der Festivalwettergott konnte sich am Freitag noch nicht richtig f\u00fcr Regen oder strahlenden Sonnenschein entscheiden. Dennoch lie\u00dfen sich die Besucher nicht die Laune verderben und Festivalhopperin Martina brachte uns diesen Bericht und ein paar Fotos mit.<\/p>\n","protected":false},"author":1,"featured_media":0,"comment_status":"open","ping_status":"open","sticky":false,"template":"","format":"standard","meta":{"footnotes":""},"categories":[35,7,2,387,284,137,247,3,6],"tags":[],"class_list":["post-48456","post","type-post","status-publish","format-standard","hentry","category-festivalberichte","category-festivalbilder","category-festivalnews","category-festivals-2011","category-folk-festivals","category-kleines-festival","category-kleinkunst","category-metal-festivals","category-rock-festivals"],"_links":{"self":[{"href":"https:\/\/www.festivalhopper.de\/news\/wp-json\/wp\/v2\/posts\/48456","targetHints":{"allow":["GET"]}}],"collection":[{"href":"https:\/\/www.festivalhopper.de\/news\/wp-json\/wp\/v2\/posts"}],"about":[{"href":"https:\/\/www.festivalhopper.de\/news\/wp-json\/wp\/v2\/types\/post"}],"author":[{"embeddable":true,"href":"https:\/\/www.festivalhopper.de\/news\/wp-json\/wp\/v2\/users\/1"}],"replies":[{"embeddable":true,"href":"https:\/\/www.festivalhopper.de\/news\/wp-json\/wp\/v2\/comments?post=48456"}],"version-history":[{"count":1,"href":"https:\/\/www.festivalhopper.de\/news\/wp-json\/wp\/v2\/posts\/48456\/revisions"}],"predecessor-version":[{"id":139822,"href":"https:\/\/www.festivalhopper.de\/news\/wp-json\/wp\/v2\/posts\/48456\/revisions\/139822"}],"wp:attachment":[{"href":"https:\/\/www.festivalhopper.de\/news\/wp-json\/wp\/v2\/media?parent=48456"}],"wp:term":[{"taxonomy":"category","embeddable":true,"href":"https:\/\/www.festivalhopper.de\/news\/wp-json\/wp\/v2\/categories?post=48456"},{"taxonomy":"post_tag","embeddable":true,"href":"https:\/\/www.festivalhopper.de\/news\/wp-json\/wp\/v2\/tags?post=48456"}],"curies":[{"name":"wp","href":"https:\/\/api.w.org\/{rel}","templated":true}]}}