{"id":48113,"date":"2011-07-21T09:27:19","date_gmt":"2011-07-21T07:27:19","guid":{"rendered":"http:\/\/www.festivalhopper.de\/news\/?p=48113"},"modified":"2011-07-21T09:42:37","modified_gmt":"2011-07-21T07:42:37","slug":"samba-city-coburg-samba-hitze-und-caipirinha","status":"publish","type":"post","link":"https:\/\/www.festivalhopper.de\/news\/2011\/07\/21\/samba-city-coburg-samba-hitze-und-caipirinha\/","title":{"rendered":"Samba City Coburg \u2013 Samba, Hitze und Caipirinha"},"content":{"rendered":"<p><a href=\"https:\/\/www.festivalhopper.de\/news\/wp-content\/uploads\/2011\/07\/Samba-Festival-Coburg-2011-DSCF0290.jpg\"><img loading=\"lazy\" decoding=\"async\" class=\"alignleft size-medium wp-image-48359\" title=\"Samba-Festival-Coburg-2011-DSCF0290\" src=\"https:\/\/www.festivalhopper.de\/news\/wp-content\/uploads\/2011\/07\/Samba-Festival-Coburg-2011-DSCF0290-225x300.jpg\" alt=\"\" width=\"225\" height=\"300\" srcset=\"https:\/\/www.festivalhopper.de\/news\/wp-content\/uploads\/2011\/07\/Samba-Festival-Coburg-2011-DSCF0290-225x300.jpg 225w, https:\/\/www.festivalhopper.de\/news\/wp-content\/uploads\/2011\/07\/Samba-Festival-Coburg-2011-DSCF0290.jpg 750w\" sizes=\"auto, (max-width: 225px) 100vw, 225px\" \/><\/a>Vom <strong>08. bis zum 10. Juli<\/strong> fand das <strong><a href=\"https:\/\/www.festivalhopper.de\/festival\/samba-festival-coburg-2011\">20. internationale Samba Festival in Coburg<\/a> <\/strong>statt und brachte <strong>Brasilien <\/strong>nach Deutschland<strong>. <\/strong>Zu diesem <strong>Jubil\u00e4um<\/strong> brachten<strong> 100 Gruppen <\/strong>mit <strong>\u00fcber 3000 Musikern <\/strong>und <strong>T\u00e4nzern <\/strong>die <strong>ca.200.000 Besucher <\/strong>zum <strong>Schw\u00e4rmen <\/strong>und nicht zu vergessen<strong> zum Tanzen! <\/strong><\/p>\n<p>Das <a href=\"\/festival\/samba-festival-coburg-2011\"><strong>Samba Festival Coburg<\/strong><\/a> scheint unter einem guten Stern zu stehen. Wie im Vorjahr half unter anderem das <strong>fantastische Wetter<\/strong> dabei, die Kulturen verschmelzen zu lassen. Wieder wurde <strong>drei Tage lang<\/strong> ununterbrochen\u00a0 <strong>getanzt <\/strong>und <strong>gefeiert<\/strong>.<\/p>\n<p><em>Festivalhopper <strong>Nadine <\/strong>und <strong>Matheus Nicolas<\/strong> berichten vom <a href=\"https:\/\/www.festivalhopper.de\/festival\/samba-festival-coburg-2011\">Samba Festival 2011<\/a>.<\/em><\/p>\n<p><!--more--><\/p>\n<p><a href=\"https:\/\/www.festivalhopper.de\/news\/wp-content\/uploads\/2011\/07\/Samba-Festival-Coburg-2011-DSCF0252.jpg\"><img loading=\"lazy\" decoding=\"async\" class=\"alignnone size-medium wp-image-48348\" title=\"Samba-Festival-Coburg-2011-DSCF0252\" src=\"https:\/\/www.festivalhopper.de\/news\/wp-content\/uploads\/2011\/07\/Samba-Festival-Coburg-2011-DSCF0252-225x300.jpg\" alt=\"\" width=\"182\" height=\"243\" srcset=\"https:\/\/www.festivalhopper.de\/news\/wp-content\/uploads\/2011\/07\/Samba-Festival-Coburg-2011-DSCF0252-225x300.jpg 225w, https:\/\/www.festivalhopper.de\/news\/wp-content\/uploads\/2011\/07\/Samba-Festival-Coburg-2011-DSCF0252.jpg 750w\" sizes=\"auto, (max-width: 182px) 100vw, 182px\" \/><\/a><a href=\"https:\/\/www.festivalhopper.de\/news\/wp-content\/uploads\/2011\/07\/Samba-Festival-Coburg-2011-DSCF0297.jpg\"><img loading=\"lazy\" decoding=\"async\" class=\"alignnone size-medium wp-image-48363\" title=\"Samba-Festival-Coburg-2011-DSCF0297\" src=\"https:\/\/www.festivalhopper.de\/news\/wp-content\/uploads\/2011\/07\/Samba-Festival-Coburg-2011-DSCF0297-225x300.jpg\" alt=\"\" width=\"182\" height=\"243\" srcset=\"https:\/\/www.festivalhopper.de\/news\/wp-content\/uploads\/2011\/07\/Samba-Festival-Coburg-2011-DSCF0297-225x300.jpg 225w, https:\/\/www.festivalhopper.de\/news\/wp-content\/uploads\/2011\/07\/Samba-Festival-Coburg-2011-DSCF0297.jpg 750w\" sizes=\"auto, (max-width: 182px) 100vw, 182px\" \/><\/a><a href=\"https:\/\/www.festivalhopper.de\/news\/wp-content\/uploads\/2011\/07\/Samba-Festival-Coburg-2011-DSCF0288.jpg\"><img loading=\"lazy\" decoding=\"async\" class=\"alignnone size-medium wp-image-48358\" title=\"Samba-Festival-Coburg-2011-DSCF0288\" src=\"https:\/\/www.festivalhopper.de\/news\/wp-content\/uploads\/2011\/07\/Samba-Festival-Coburg-2011-DSCF0288-225x300.jpg\" alt=\"\" width=\"183\" height=\"243\" srcset=\"https:\/\/www.festivalhopper.de\/news\/wp-content\/uploads\/2011\/07\/Samba-Festival-Coburg-2011-DSCF0288-225x300.jpg 225w, https:\/\/www.festivalhopper.de\/news\/wp-content\/uploads\/2011\/07\/Samba-Festival-Coburg-2011-DSCF0288.jpg 750w\" sizes=\"auto, (max-width: 183px) 100vw, 183px\" \/><\/a><\/p>\n<p><a href=\"https:\/\/www.festivalhopper.de\/news\/wp-content\/uploads\/2011\/07\/Samba-Festival-Coburg-2011-DSCF0096.jpg\"><img loading=\"lazy\" decoding=\"async\" class=\"alignright size-medium wp-image-48336\" title=\"Samba-Festival-Coburg-2011-DSCF0096\" src=\"https:\/\/www.festivalhopper.de\/news\/wp-content\/uploads\/2011\/07\/Samba-Festival-Coburg-2011-DSCF0096-300x225.jpg\" alt=\"\" width=\"300\" height=\"225\" srcset=\"https:\/\/www.festivalhopper.de\/news\/wp-content\/uploads\/2011\/07\/Samba-Festival-Coburg-2011-DSCF0096-300x225.jpg 300w, https:\/\/www.festivalhopper.de\/news\/wp-content\/uploads\/2011\/07\/Samba-Festival-Coburg-2011-DSCF0096.jpg 1000w\" sizes=\"auto, (max-width: 300px) 100vw, 300px\" \/><\/a>Zu den H\u00f6hepunkten z\u00e4hlte auch in diesem Jahr der Besuch der <strong>Rainhas do Carnaval \u00a0do Rio<\/strong> \u2013 den K\u00f6niginnen des Karnevals in <strong>Rio de Janeiro<\/strong>. Diese brasilianischen Sch\u00f6nheiten sorgten mit ihren wundersch\u00f6nen Kost\u00fcmen und ihren t\u00e4nzerischen Darbietungen f\u00fcr Begeisterung des Publikums. Auf den zwei gro\u00dfen B\u00fchnen auf dem <strong>Schlossplatz <\/strong>und dem <strong>Marktplatz <\/strong>und auf weiteren kleinen B\u00fchnen, konnte man den ganzen Tag die Konzerte und Darbietungen von <strong>Baterias<\/strong> aus der ganzen Welt genie\u00dfen, sowie auch <strong>Samba-<\/strong> und <strong>Capoeiraschows<\/strong>. So gab es zus\u00e4tzlich gen\u00fcgend optische Reize f\u00fcr das weibliche und auch das m\u00e4nnliche Publikum;)<\/p>\n<p><a href=\"https:\/\/www.festivalhopper.de\/news\/wp-content\/uploads\/2011\/07\/Samba-Festival-Coburg-2011-DSCF0189.jpg\"><img loading=\"lazy\" decoding=\"async\" class=\"alignleft size-medium wp-image-48340\" title=\"Samba-Festival-Coburg-2011-DSCF0189\" src=\"https:\/\/www.festivalhopper.de\/news\/wp-content\/uploads\/2011\/07\/Samba-Festival-Coburg-2011-DSCF0189-300x225.jpg\" alt=\"\" width=\"300\" height=\"225\" srcset=\"https:\/\/www.festivalhopper.de\/news\/wp-content\/uploads\/2011\/07\/Samba-Festival-Coburg-2011-DSCF0189-300x225.jpg 300w, https:\/\/www.festivalhopper.de\/news\/wp-content\/uploads\/2011\/07\/Samba-Festival-Coburg-2011-DSCF0189.jpg 1000w\" sizes=\"auto, (max-width: 300px) 100vw, 300px\" \/><\/a>Eine Vielzahl der Besucher bekam auch die M\u00f6glichkeit, in <strong>Tanz<\/strong>&#8211; und <strong>Capoeiraworkshops <\/strong>diese Teile der <strong>brasilianischen Kultur<\/strong> selbst auszuprobieren, oder auch schon vorhandene F\u00e4higkeiten zu erweitern. Nach einem schon anstrengenden Tag war jeweils am <strong>Freitag <\/strong>und am <strong>Samstag<\/strong> noch lange nicht daran zu denken, schlafen zu gehen. Der flei\u00dfige Festival Besucher konnte ab 23Uhr im <strong>Kongresshaus <\/strong>weitere Programmpunkte genie\u00dfen, wie zum Beispiel den Sch\u00f6nheitswettbewerb <strong>\u201ePitu Beleza Negra\u201c<\/strong> und am <strong>Samstagabend <\/strong>das Konzert der Band <strong>Chiclete com Banana 5 %.<\/strong><\/p>\n<p><strong><a href=\"https:\/\/www.festivalhopper.de\/news\/wp-content\/uploads\/2011\/07\/Samba-Festival-Coburg-2011-DSCF0134.jpg\"><img loading=\"lazy\" decoding=\"async\" class=\"alignright size-medium wp-image-48337\" title=\"Samba-Festival-Coburg-2011-DSCF0134\" src=\"https:\/\/www.festivalhopper.de\/news\/wp-content\/uploads\/2011\/07\/Samba-Festival-Coburg-2011-DSCF0134-225x300.jpg\" alt=\"\" width=\"225\" height=\"300\" srcset=\"https:\/\/www.festivalhopper.de\/news\/wp-content\/uploads\/2011\/07\/Samba-Festival-Coburg-2011-DSCF0134-225x300.jpg 225w, https:\/\/www.festivalhopper.de\/news\/wp-content\/uploads\/2011\/07\/Samba-Festival-Coburg-2011-DSCF0134.jpg 750w\" sizes=\"auto, (max-width: 225px) 100vw, 225px\" \/><\/a>Chiclete com Banana 5 %<\/strong> besteht aus den f\u00fcnf S\u00f6hnen, der in Brasilien sehr bekannten <strong>Ax\u00e9<\/strong> Band <strong>Chiclete com Banana<\/strong> und erfreut sich auch selbst schon gro\u00dfer Beliebtheit und Bekanntheit. Diese f\u00fcnf jungen M\u00e4nner brachten unter anderem mit der Musik ihrer V\u00e4ter und anderer, in Brasilien sehr bekannter <strong>Karneval <\/strong>Musik, das Publikum zu beben. Besonders das brasilianische Publikum war unglaublich gl\u00fccklich, die so vertraute Musik hier in Deutschland live erleben zu k\u00f6nnen und lie\u00df dies auch leicht erkennen. Es wurde <strong>gesprungen, getanzt<\/strong> und<strong> lauthals mitgesungen<\/strong>. Wahrscheinlich konnte sich niemand dieser guten Stimmung entziehen. Auch nach den Programmpunkten wurde bis ca.4Uhr getanzt. Im Anschluss begab sich an allen drei Tagen eine\u00a0 Karawane zur einer bekannten Kneipe, dem <strong>Hungry Highlander<\/strong>, wo schlie\u00dflich Musikbegeisterte live <strong>Samba <\/strong>spielten und bis weit nach <strong>Sonnenaufgang <\/strong>gefeiert und getanzt wurde.<\/p>\n<p><a href=\"https:\/\/www.festivalhopper.de\/news\/wp-content\/uploads\/2011\/07\/Samba-Festival-Coburg-2011-DSCF0163.jpg\"><img loading=\"lazy\" decoding=\"async\" class=\"alignleft size-medium wp-image-48339\" title=\"Samba-Festival-Coburg-2011-DSCF0163\" src=\"https:\/\/www.festivalhopper.de\/news\/wp-content\/uploads\/2011\/07\/Samba-Festival-Coburg-2011-DSCF0163-300x225.jpg\" alt=\"\" width=\"300\" height=\"225\" srcset=\"https:\/\/www.festivalhopper.de\/news\/wp-content\/uploads\/2011\/07\/Samba-Festival-Coburg-2011-DSCF0163-300x225.jpg 300w, https:\/\/www.festivalhopper.de\/news\/wp-content\/uploads\/2011\/07\/Samba-Festival-Coburg-2011-DSCF0163.jpg 1000w\" sizes=\"auto, (max-width: 300px) 100vw, 300px\" \/><\/a>Wie das gesamte Festival, waren auch die \u00dcbernachtungsm\u00f6glichkeiten auf dem <strong>Campingplatz <\/strong>sehr gut \u00a0organisiert. Ruhe wurde dort allerdings kaum gesucht. Die <strong>kulturell sehr bunte Mischung <\/strong>sorgte somit auch au\u00dferhalb des Festival Gel\u00e4ndes f\u00fcr eine unfassbar tolle Stimmung und gute Laune \u2013 auch auf dem Campingplatz ert\u00f6nte regelm\u00e4\u00dfig der <strong>Samba Rhythmus <\/strong>und \u00fcberall <strong>tanzten <\/strong>und sangen Menschen <strong>voller Lebensfreude<\/strong>. So waren sicher einige Camper froh \u00fcber ein offizielles \u201eTrommelverbot\u201c zwischen 0 Uhr und 8 Uhr und hatten wenigstens die Chance, ein par Stunden Schlaf zu finden. Das Ende dieser Nachtruhe wurde speziell von den <strong>Sambistas<\/strong> ganz genau genommen, sodass die Party p\u00fcnktlich 8 Uhr auf dem Campingplatz fortgef\u00fchrt wurde.\u00a0 Punkt 8 Uhr ert\u00f6nten somit schon die ersten <strong>Sambarhythmen<\/strong> \u2013 der perfekte Wecker, da man wegen der Hitze sowieso nicht lange im Zelt schlafen konnte. Schlafdefizite waren schnell vergessen und man begann einfach wieder zu tanzen.<\/p>\n<p>Auch<a href=\"https:\/\/www.festivalhopper.de\/news\/wp-content\/uploads\/2011\/07\/Samba-Festival-Coburg-2011-DSCF0263.jpg\"><img loading=\"lazy\" decoding=\"async\" class=\"size-medium wp-image-48351 alignright\" title=\"Samba-Festival-Coburg-2011-DSCF0263\" src=\"https:\/\/www.festivalhopper.de\/news\/wp-content\/uploads\/2011\/07\/Samba-Festival-Coburg-2011-DSCF0263-300x225.jpg\" alt=\"\" width=\"300\" height=\"225\" srcset=\"https:\/\/www.festivalhopper.de\/news\/wp-content\/uploads\/2011\/07\/Samba-Festival-Coburg-2011-DSCF0263-300x225.jpg 300w, https:\/\/www.festivalhopper.de\/news\/wp-content\/uploads\/2011\/07\/Samba-Festival-Coburg-2011-DSCF0263.jpg 1000w\" sizes=\"auto, (max-width: 300px) 100vw, 300px\" \/><\/a> in den<strong> Stra\u00dfen Coburgs<\/strong> traf man zu jeder Stunde auf kleine und auch gro\u00dfe \u201e<strong>Baterias<\/strong>\u201c und durfte deren musikalische Darbietungen genie\u00dfen. Das einzige Problem war es, ausschlie\u00dflich der Musik zu lauschen. Einmal stehen geblieben, wurde man sofort aufgefordert zu <strong>tanzen<\/strong>, zu <strong>singen <\/strong>und einfach nur den Moment zu genie\u00dfen.<\/p>\n<p>Nach zwei durchgetanzten Samban\u00e4chten konnte sich dennoch der <strong>Sonntag<\/strong> sehen lassen. Besonderer H\u00f6hepunkt war die allj\u00e4hrige <strong>Parade<\/strong> aller teilnehmenden Gruppen des Festivals.<\/p>\n<p><a href=\"https:\/\/www.festivalhopper.de\/news\/wp-content\/uploads\/2011\/07\/Samba-Festival-Coburg-2011-DSCF0198.jpg\"><img loading=\"lazy\" decoding=\"async\" class=\"alignleft size-medium wp-image-48341\" title=\"Samba-Festival-Coburg-2011-DSCF0198\" src=\"https:\/\/www.festivalhopper.de\/news\/wp-content\/uploads\/2011\/07\/Samba-Festival-Coburg-2011-DSCF0198-300x225.jpg\" alt=\"\" width=\"300\" height=\"225\" srcset=\"https:\/\/www.festivalhopper.de\/news\/wp-content\/uploads\/2011\/07\/Samba-Festival-Coburg-2011-DSCF0198-300x225.jpg 300w, https:\/\/www.festivalhopper.de\/news\/wp-content\/uploads\/2011\/07\/Samba-Festival-Coburg-2011-DSCF0198.jpg 1000w\" sizes=\"auto, (max-width: 300px) 100vw, 300px\" \/><\/a>Wahrscheinlich hatte sich ganz <strong>Coburg<\/strong> versammelt um dieser Parade beizuwohnen, sodass es nicht so einfach war, einen Platz mit guter Sicht zu finden. Zum Abschluss des Sonntagsprogramms hatten wir schlie\u00dflich die Gelegenheit, gemeinsam mit dem <strong>Bloco X<\/strong> und deren Freunden bis in den Sontag Abend zu feiern. Wenn die F\u00fc\u00dfe bis dahin noch nicht vom Tanzen schmerzten, dann taten sie es mindestens danach, denn es wurde viele weitere Stunden \u201esambiert\u201c und gesungen. Dies schien so anziehend zu sein, dass sogar <strong>Roberto Blanco<\/strong> nicht anders konnte, als gemeinsam mit uns zu tanzen;) Nicht einmal der beginnende Regen konnte die gute Laune bremsen und der Sonntag fand einen Abschluss, wie er sch\u00f6ner nicht h\u00e4tte sein k\u00f6nnen!<\/p>\n<p><a href=\"https:\/\/www.festivalhopper.de\/news\/wp-content\/uploads\/2011\/07\/Samba-Festival-Coburg-2011-DSCF0206.jpg\"><img loading=\"lazy\" decoding=\"async\" class=\"alignnone size-medium wp-image-48342\" title=\"Samba-Festival-Coburg-2011-DSCF0206\" src=\"https:\/\/www.festivalhopper.de\/news\/wp-content\/uploads\/2011\/07\/Samba-Festival-Coburg-2011-DSCF0206-225x300.jpg\" alt=\"\" width=\"121\" height=\"160\" srcset=\"https:\/\/www.festivalhopper.de\/news\/wp-content\/uploads\/2011\/07\/Samba-Festival-Coburg-2011-DSCF0206-225x300.jpg 225w, https:\/\/www.festivalhopper.de\/news\/wp-content\/uploads\/2011\/07\/Samba-Festival-Coburg-2011-DSCF0206.jpg 750w\" sizes=\"auto, (max-width: 121px) 100vw, 121px\" \/><\/a><a href=\"https:\/\/www.festivalhopper.de\/news\/wp-content\/uploads\/2011\/07\/Samba-Festival-Coburg-2011-DSCF0235.jpg\"><img loading=\"lazy\" decoding=\"async\" class=\"alignnone size-medium wp-image-48345\" title=\"Samba-Festival-Coburg-2011-DSCF0235\" src=\"https:\/\/www.festivalhopper.de\/news\/wp-content\/uploads\/2011\/07\/Samba-Festival-Coburg-2011-DSCF0235-300x225.jpg\" alt=\"\" width=\"213\" height=\"160\" srcset=\"https:\/\/www.festivalhopper.de\/news\/wp-content\/uploads\/2011\/07\/Samba-Festival-Coburg-2011-DSCF0235-300x225.jpg 300w, https:\/\/www.festivalhopper.de\/news\/wp-content\/uploads\/2011\/07\/Samba-Festival-Coburg-2011-DSCF0235.jpg 1000w\" sizes=\"auto, (max-width: 213px) 100vw, 213px\" \/><\/a><a href=\"https:\/\/www.festivalhopper.de\/news\/wp-content\/uploads\/2011\/07\/Roberto_Blanco-Festivalhopperine-Nadine.jpg\"><img loading=\"lazy\" decoding=\"async\" class=\"alignnone size-medium wp-image-48410\" title=\"Roberto_Blanco-Festivalhopperine-Nadine\" src=\"https:\/\/www.festivalhopper.de\/news\/wp-content\/uploads\/2011\/07\/Roberto_Blanco-Festivalhopperine-Nadine-300x225.jpg\" alt=\"\" width=\"215\" height=\"160\" srcset=\"https:\/\/www.festivalhopper.de\/news\/wp-content\/uploads\/2011\/07\/Roberto_Blanco-Festivalhopperine-Nadine-300x225.jpg 300w, https:\/\/www.festivalhopper.de\/news\/wp-content\/uploads\/2011\/07\/Roberto_Blanco-Festivalhopperine-Nadine-1024x768.jpg 1024w, https:\/\/www.festivalhopper.de\/news\/wp-content\/uploads\/2011\/07\/Roberto_Blanco-Festivalhopperine-Nadine.jpg 1200w\" sizes=\"auto, (max-width: 215px) 100vw, 215px\" \/><\/a><\/p>\n<p>An diesem Wochenende\u00a0 verbanden sich nun schon zum <strong>20. Mal<\/strong> die deutsche und die brasilianische Kultur auf eine <strong>unglaublich angenehme Weise <\/strong>und daraus ergab sich eine <strong>temperamentvolle <\/strong>und<strong> fr\u00f6hliche Kombination<\/strong>. Einmal in Coburg angekommen, waren alle Bef\u00fcrchtungen sprachlicher Probleme verschwunden. Die Musik sorgte f\u00fcr die \u00dcberwindung eventueller sprachlicher Barrieren, sodass alle Nationalit\u00e4ten gemeinsam feiern konnten. Und das taten sie auch.<\/p>\n<p><a href=\"https:\/\/www.festivalhopper.de\/news\/wp-content\/uploads\/2011\/07\/Samba-Festival-Coburg-2011-DSCF0090.jpg\"><img loading=\"lazy\" decoding=\"async\" class=\"alignright size-medium wp-image-48335\" title=\"Samba-Festival-Coburg-2011-DSCF0090\" src=\"https:\/\/www.festivalhopper.de\/news\/wp-content\/uploads\/2011\/07\/Samba-Festival-Coburg-2011-DSCF0090-300x225.jpg\" alt=\"\" width=\"300\" height=\"225\" srcset=\"https:\/\/www.festivalhopper.de\/news\/wp-content\/uploads\/2011\/07\/Samba-Festival-Coburg-2011-DSCF0090-300x225.jpg 300w, https:\/\/www.festivalhopper.de\/news\/wp-content\/uploads\/2011\/07\/Samba-Festival-Coburg-2011-DSCF0090.jpg 1000w\" sizes=\"auto, (max-width: 300px) 100vw, 300px\" \/><\/a>Besonders beeindruckend ist es auf diesem Festival immer wieder, dass<strong> alle Generationen<\/strong> aus unglaublich vielen <strong>Kulturen<\/strong> und <strong>Nationalit\u00e4ten <\/strong>derart ausgelassen gemeinsam feiern und wahrscheinlich genau in dieser Kombination den Reiz dieser Veranstaltung ausmachen.<\/p>\n<p>Wenn man einmal das <strong><a href=\"https:\/\/www.festivalhopper.de\/festival\/samba-festival-coburg-2011\">Samba Festival<\/a> <\/strong>in <strong>Coburg<\/strong> besucht hat, wird man sicher immer wieder kommen. Auch wir freuen uns schon jetzt auf das n\u00e4chste Jahr in Coburg und warten jetzt schon ungeduldig darauf! Vielen Dank Coburg! <strong>Wir kommen mit Sicherheit wieder!<\/strong> <em>Wir berichteten auch im Voraus: &#8222;<a href=\"https:\/\/www.festivalhopper.de\/news\/2011\/07\/08\/20-samba-festival-in-coburg-gestartet\/\">Samba Festival in Coburg gestartet<\/a>&#8222;. <\/em><\/p>\n<p>Hier gibt es <a href=\"https:\/\/www.festivalhopper.de\/bilder\/samba-festival-coburg\/\">weitere Fotos vom Samba Festival Coburg<\/a>. R\u00fcckblicken kann man auch auf <a href=\"http:\/\/www.samba-festival.de\/\" target=\"_blank\">www.samba-festival.de<\/a>. Einen audiovisuellen R\u00fcckblick gab es beim <strong>BR-Fernsehen<\/strong>:<\/p>\n<p><iframe loading=\"lazy\" title=\"Samba-Festival Coburg, Bericht Bayerisches Fernsehen\" width=\"500\" height=\"281\" src=\"https:\/\/www.youtube.com\/embed\/PbXBb-J2oUU?feature=oembed\" frameborder=\"0\" allow=\"accelerometer; autoplay; clipboard-write; encrypted-media; gyroscope; picture-in-picture; web-share\" referrerpolicy=\"strict-origin-when-cross-origin\" allowfullscreen><\/iframe><\/p>","protected":false},"excerpt":{"rendered":"<p>Vom 08. bis zum 10. Juli fand das 20. internationale Samba Festival in Coburg statt und brachte Brasilien nach Deutschland. Zu diesem Jubil\u00e4um brachten 100 Gruppen mit \u00fcber 3000 Musikern und T\u00e4nzern die ca.200.000 Besucher zum Schw\u00e4rmen und nicht zu vergessen zum Tanzen! Das Samba Festival Coburg scheint unter einem guten Stern zu stehen. Wie [&hellip;]<\/p>\n","protected":false},"author":45,"featured_media":0,"comment_status":"open","ping_status":"open","sticky":false,"template":"","format":"standard","meta":{"footnotes":""},"categories":[35,2,387,284,49,19],"tags":[],"class_list":["post-48113","post","type-post","status-publish","format-standard","hentry","category-festivalberichte","category-festivalnews","category-festivals-2011","category-folk-festivals","category-marktfestivals","category-welt-musik"],"_links":{"self":[{"href":"https:\/\/www.festivalhopper.de\/news\/wp-json\/wp\/v2\/posts\/48113","targetHints":{"allow":["GET"]}}],"collection":[{"href":"https:\/\/www.festivalhopper.de\/news\/wp-json\/wp\/v2\/posts"}],"about":[{"href":"https:\/\/www.festivalhopper.de\/news\/wp-json\/wp\/v2\/types\/post"}],"author":[{"embeddable":true,"href":"https:\/\/www.festivalhopper.de\/news\/wp-json\/wp\/v2\/users\/45"}],"replies":[{"embeddable":true,"href":"https:\/\/www.festivalhopper.de\/news\/wp-json\/wp\/v2\/comments?post=48113"}],"version-history":[{"count":0,"href":"https:\/\/www.festivalhopper.de\/news\/wp-json\/wp\/v2\/posts\/48113\/revisions"}],"wp:attachment":[{"href":"https:\/\/www.festivalhopper.de\/news\/wp-json\/wp\/v2\/media?parent=48113"}],"wp:term":[{"taxonomy":"category","embeddable":true,"href":"https:\/\/www.festivalhopper.de\/news\/wp-json\/wp\/v2\/categories?post=48113"},{"taxonomy":"post_tag","embeddable":true,"href":"https:\/\/www.festivalhopper.de\/news\/wp-json\/wp\/v2\/tags?post=48113"}],"curies":[{"name":"wp","href":"https:\/\/api.w.org\/{rel}","templated":true}]}}