{"id":46373,"date":"2011-07-01T12:23:30","date_gmt":"2011-07-01T10:23:30","guid":{"rendered":"http:\/\/www.festivalhopper.de\/news\/?p=46373"},"modified":"2011-07-04T17:50:05","modified_gmt":"2011-07-04T15:50:05","slug":"tff-2011-der-erste-tag","status":"publish","type":"post","link":"https:\/\/www.festivalhopper.de\/news\/2011\/07\/01\/tff-2011-der-erste-tag\/","title":{"rendered":"TFF 2011 &#8211; Donnerstag \/ der erste Tag"},"content":{"rendered":"<p><a href=\"https:\/\/www.festivalhopper.de\/news\/wp-content\/uploads\/2011\/07\/IMG_3235.jpg\"><img loading=\"lazy\" decoding=\"async\" class=\"alignleft size-medium wp-image-46380\" title=\"TFF 2011\" src=\"https:\/\/www.festivalhopper.de\/news\/wp-content\/uploads\/2011\/07\/IMG_3235-300x200.jpg\" alt=\"\" width=\"300\" height=\"200\" srcset=\"https:\/\/www.festivalhopper.de\/news\/wp-content\/uploads\/2011\/07\/IMG_3235-300x200.jpg 300w, https:\/\/www.festivalhopper.de\/news\/wp-content\/uploads\/2011\/07\/IMG_3235-1024x682.jpg 1024w, https:\/\/www.festivalhopper.de\/news\/wp-content\/uploads\/2011\/07\/IMG_3235.jpg 1200w\" sizes=\"auto, (max-width: 300px) 100vw, 300px\" \/><\/a>Gestern startet das <a href=\"https:\/\/www.festivalhopper.de\/festival\/tff-rudolstadt-2011\">Tanz und Folkfestival in Rudolstadt<\/a> (TFF) mit vielen Ver\u00e4nderungen und einem gleich hochkar\u00e4tigen Programm in sein bereits 21. Jahr.<\/p>\n<p>Noch im <a href=\"https:\/\/www.festivalhopper.de\/news\/2010\/07\/02\/temperamentvoll-startet-tff-rudolstadt\/\">letzten Jahr h\u00e4tte man an dieser Stelle von einem Sonderkonzert<\/a> im Rahmen des <a href=\"https:\/\/www.festivalhopper.de\/festival\/tff-rudolstadt-2011\">TFF<\/a> berichtet, das vom restlichen Festival mehr oder weniger losgel\u00f6st war. Erfreulicherweise entschieden sich aber die Veranstalter auf Wunsch und Anregung vieler Besucher den <a href=\"https:\/\/www.festivalhopper.de\/news\/2011\/05\/18\/tff-rudolstadt-2011-der-neue-donnerstag-vvk-infos\/\">Donnerstag umzugestalten<\/a>.\u00a0<!--more--><\/p>\n<p><a href=\"https:\/\/www.festivalhopper.de\/news\/wp-content\/uploads\/2011\/07\/IMG_3263.jpg\"><img loading=\"lazy\" decoding=\"async\" class=\"alignright size-medium wp-image-46383\" title=\"Noch leeres Tanzzelt auf dem TFF 2011\" src=\"https:\/\/www.festivalhopper.de\/news\/wp-content\/uploads\/2011\/07\/IMG_3263-200x300.jpg\" alt=\"\" width=\"200\" height=\"300\" srcset=\"https:\/\/www.festivalhopper.de\/news\/wp-content\/uploads\/2011\/07\/IMG_3263-200x300.jpg 200w, https:\/\/www.festivalhopper.de\/news\/wp-content\/uploads\/2011\/07\/IMG_3263-682x1024.jpg 682w, https:\/\/www.festivalhopper.de\/news\/wp-content\/uploads\/2011\/07\/IMG_3263.jpg 800w\" sizes=\"auto, (max-width: 200px) 100vw, 200px\" \/><\/a>So wurde dieser <strong>in das restliche F<\/strong><strong>estivalprogramm integriert<\/strong> ohne das man extra Tickets daf\u00fcr erwerben musste. Konsequenter Weise hat man im Rahmen dessen auch den Veranstaltungsort von der etwas kleineren Heidecksburg in den Heinepark verlegt. Eine Entscheidung, die sich bei dem bereits gestrigen <strong>gro\u00dfen Andrang<\/strong> als sehr gut erweisen sollte.<\/p>\n<p>Obwohl der <strong>Heinepark<\/strong> gestern der <strong>einzige Veranstaltungsort<\/strong> und die restlichen Stadt noch nich abgesperrt war, zeigte sich <strong>Rudolstadt<\/strong> schon jetzt <strong>gu<\/strong><strong>t geschm\u00fcckt und vorbereitet<\/strong> auf das <a href=\"https:\/\/www.festivalhopper.de\/festival\/tff-rudolstadt-2011\">T<\/a><a href=\"https:\/\/www.festivalhopper.de\/festival\/tff-rudolstadt-2011\">FF 2011<\/a>. So konnte man schon vielerorts die <strong>ersten Stra\u00dfenmusiker<\/strong> entdecken, die sich schnell eines regen Publikumsinteresses erfreuen konnten. Auch die <strong>ersten Verkaufsst\u00e4nde<\/strong> hatten bereits ge\u00f6ffnet und so konnte man sich noch mit den n\u00f6tigsten Festivalutensilien wie Regenbekleidung, Sonnencreme, Campingst\u00fchlen, u.s.w. eindecken oder schon den Schmuck, die Kleidung und vieles mehr aus aller Welt durchst\u00f6bern.<\/p>\n<p style=\"text-align: center;\"><a href=\"https:\/\/www.festivalhopper.de\/news\/wp-content\/uploads\/2011\/07\/IMG_3244.jpg\"><img loading=\"lazy\" decoding=\"async\" class=\"alignnone size-thumbnail wp-image-46382\" title=\"Stra\u00dfenmusiker auf dem TFF 2011\" src=\"https:\/\/www.festivalhopper.de\/news\/wp-content\/uploads\/2011\/07\/IMG_3244-150x150.jpg\" alt=\"\" width=\"150\" height=\"150\" \/><\/a> <a href=\"https:\/\/www.festivalhopper.de\/news\/wp-content\/uploads\/2011\/07\/IMG_3225.jpg\"><img loading=\"lazy\" decoding=\"async\" class=\"alignnone size-thumbnail wp-image-46379\" title=\"Verkaufsstand auf dem TFF 2011\" src=\"https:\/\/www.festivalhopper.de\/news\/wp-content\/uploads\/2011\/07\/IMG_3225-150x150.jpg\" alt=\"\" width=\"150\" height=\"150\" \/><\/a> <a href=\"https:\/\/www.festivalhopper.de\/news\/wp-content\/uploads\/2011\/07\/IMG_3250.jpg\"><img loading=\"lazy\" decoding=\"async\" class=\"alignnone size-thumbnail wp-image-46386\" title=\"Stra\u00dfenmusiker auf dem TFF 2011\" src=\"https:\/\/www.festivalhopper.de\/news\/wp-content\/uploads\/2011\/07\/IMG_3250-150x150.jpg\" alt=\"\" width=\"150\" height=\"150\" \/><\/a><\/p>\n<p style=\"text-align: center;\"><a href=\"https:\/\/www.festivalhopper.de\/news\/wp-content\/uploads\/2011\/07\/IMG_3268.jpg\"><img loading=\"lazy\" decoding=\"async\" class=\"alignnone size-thumbnail wp-image-46387\" title=\"Verkaufsstand auf dem TFF 2011\" src=\"https:\/\/www.festivalhopper.de\/news\/wp-content\/uploads\/2011\/07\/IMG_3268-150x150.jpg\" alt=\"\" width=\"150\" height=\"150\" \/><\/a> <a href=\"https:\/\/www.festivalhopper.de\/news\/wp-content\/uploads\/2011\/07\/IMG_3260.jpg\"><img loading=\"lazy\" decoding=\"async\" class=\"alignnone size-thumbnail wp-image-46388\" title=\"Verkaufsstand auf dem TFF 2011\" src=\"https:\/\/www.festivalhopper.de\/news\/wp-content\/uploads\/2011\/07\/IMG_3260-150x150.jpg\" alt=\"\" width=\"150\" height=\"150\" \/><\/a> <a href=\"https:\/\/www.festivalhopper.de\/news\/wp-content\/uploads\/2011\/07\/IMG_3262.jpg\"><img loading=\"lazy\" decoding=\"async\" class=\"alignnone size-thumbnail wp-image-46389\" title=\"Verkaufsstand auf dem TFF 2011\" src=\"https:\/\/www.festivalhopper.de\/news\/wp-content\/uploads\/2011\/07\/IMG_3262-150x150.jpg\" alt=\"\" width=\"150\" height=\"150\" \/><\/a><\/p>\n<p style=\"text-align: center;\"><a href=\"https:\/\/www.festivalhopper.de\/news\/wp-content\/uploads\/2011\/07\/IMG_3229.jpg\"><img loading=\"lazy\" decoding=\"async\" class=\"alignnone size-thumbnail wp-image-46390\" title=\"Stra\u00dfenmusiker auf dem TFF 2011\" src=\"https:\/\/www.festivalhopper.de\/news\/wp-content\/uploads\/2011\/07\/IMG_3229-150x150.jpg\" alt=\"\" width=\"150\" height=\"150\" \/><\/a> <a href=\"https:\/\/www.festivalhopper.de\/news\/wp-content\/uploads\/2011\/07\/IMG_3258.jpg\"><img loading=\"lazy\" decoding=\"async\" class=\"alignnone size-thumbnail wp-image-46391\" title=\"Verkaufsstand auf dem TFF 2011\" src=\"https:\/\/www.festivalhopper.de\/news\/wp-content\/uploads\/2011\/07\/IMG_3258-150x150.jpg\" alt=\"\" width=\"150\" height=\"150\" \/><\/a> <a href=\"https:\/\/www.festivalhopper.de\/news\/wp-content\/uploads\/2011\/07\/IMG_3236.jpg\"><img loading=\"lazy\" decoding=\"async\" class=\"alignnone size-thumbnail wp-image-46393\" title=\"Stra\u00dfenmusiker auf dem TFF 2011\" src=\"https:\/\/www.festivalhopper.de\/news\/wp-content\/uploads\/2011\/07\/IMG_3236-150x150.jpg\" alt=\"\" width=\"150\" height=\"150\" \/><\/a><\/p>\n<p><a href=\"https:\/\/www.festivalhopper.de\/news\/wp-content\/uploads\/2011\/07\/IMG_3320.jpg\"><img loading=\"lazy\" decoding=\"async\" class=\"alignleft size-medium wp-image-46396\" title=\"Dr. John auf dem TFF 2011\" src=\"https:\/\/www.festivalhopper.de\/news\/wp-content\/uploads\/2011\/07\/IMG_3320-200x300.jpg\" alt=\"\" width=\"200\" height=\"300\" srcset=\"https:\/\/www.festivalhopper.de\/news\/wp-content\/uploads\/2011\/07\/IMG_3320-200x300.jpg 200w, https:\/\/www.festivalhopper.de\/news\/wp-content\/uploads\/2011\/07\/IMG_3320-682x1024.jpg 682w, https:\/\/www.festivalhopper.de\/news\/wp-content\/uploads\/2011\/07\/IMG_3320.jpg 800w\" sizes=\"auto, (max-width: 200px) 100vw, 200px\" \/><\/a>Das Festival musikalisch auf den B\u00fchnen er\u00f6ffnen durfte dann <a href=\"https:\/\/www.festivalhopper.de\/bands\/karten\/dr-john.php\">Dr. John<\/a> und seine Band <a href=\"https:\/\/www.festivalhopper.de\/bands\/karten\/the-lower-911.php\">The Lower 911<\/a>. Bef\u00fcrchtete man bei einem <strong>Mitglied der Blues Hall of Fame<\/strong> und einem deutlich grau melierten Mann am Kr\u00fcgstock im lila Anzug mit Hut, der seine Orgel und sein Klavier mit Totenk\u00f6pfen schm\u00fcckt, einen recht schwerm\u00fctigen Einstieg in das <a href=\"https:\/\/www.festivalhopper.de\/festival\/tff-rudolstadt-2011\">TFF 2011,<\/a> wurde man sehr positiv \u00fcberrascht.<\/p>\n<p>Zwar warteten die alten Herren um den <strong>5-fachen Grammy-Gewinner<\/strong> auf der B\u00fchne auch mit ein paar sehr ruhigen St\u00fccken auf, aber ihr <strong>Mix aus <\/strong><strong>R&amp;B, Soul, Rock\u2019n\u2019Roll, Funk<\/strong> und <strong>Jazz<\/strong> regte auch immer wieder die gute Laune und die ersten Tanzbeine des auf Grund des Wetters leicht unterk\u00fchlten Publikums an. Eing\u00e4ngig dabei immer die verrauchte und kratzige Stimme von <a href=\"https:\/\/www.festivalhopper.de\/bands\/karten\/dr-john.php\">Dr. John,<\/a> der man es jederzeit glaubte, das erlebt zu haben \u00fcber das sie sang.<\/p>\n<p style=\"text-align: center;\"><a href=\"https:\/\/www.festivalhopper.de\/news\/wp-content\/uploads\/2011\/07\/IMG_3323.jpg\"><img loading=\"lazy\" decoding=\"async\" class=\"alignnone size-thumbnail wp-image-46397\" title=\"Dr. John auf dem TFF 2011\" src=\"https:\/\/www.festivalhopper.de\/news\/wp-content\/uploads\/2011\/07\/IMG_3323-150x150.jpg\" alt=\"\" width=\"150\" height=\"150\" \/><\/a> <a href=\"https:\/\/www.festivalhopper.de\/news\/wp-content\/uploads\/2011\/07\/IMG_3301.jpg\"><img loading=\"lazy\" decoding=\"async\" class=\"alignnone size-thumbnail wp-image-46398\" title=\"Dr. John auf dem TFF 2011\" src=\"https:\/\/www.festivalhopper.de\/news\/wp-content\/uploads\/2011\/07\/IMG_3301-150x150.jpg\" alt=\"\" width=\"150\" height=\"150\" \/><\/a> <a href=\"https:\/\/www.festivalhopper.de\/news\/wp-content\/uploads\/2011\/07\/IMG_3312.jpg\"><img loading=\"lazy\" decoding=\"async\" class=\"alignnone size-thumbnail wp-image-46399\" title=\"Dr. John auf dem TFF 2011\" src=\"https:\/\/www.festivalhopper.de\/news\/wp-content\/uploads\/2011\/07\/IMG_3312-150x150.jpg\" alt=\"\" width=\"150\" height=\"150\" \/><\/a><\/p>\n<p><a href=\"https:\/\/www.festivalhopper.de\/news\/wp-content\/uploads\/2011\/07\/IMG_3398.jpg\"><img loading=\"lazy\" decoding=\"async\" class=\"alignright size-medium wp-image-46400\" title=\"Madison Violet auf dem TFF 2011\" src=\"https:\/\/www.festivalhopper.de\/news\/wp-content\/uploads\/2011\/07\/IMG_3398-200x300.jpg\" alt=\"\" width=\"200\" height=\"300\" srcset=\"https:\/\/www.festivalhopper.de\/news\/wp-content\/uploads\/2011\/07\/IMG_3398-200x300.jpg 200w, https:\/\/www.festivalhopper.de\/news\/wp-content\/uploads\/2011\/07\/IMG_3398-682x1024.jpg 682w, https:\/\/www.festivalhopper.de\/news\/wp-content\/uploads\/2011\/07\/IMG_3398.jpg 800w\" sizes=\"auto, (max-width: 200px) 100vw, 200px\" \/><\/a>Direkt im Anschluss spielten dann auf der etwas kleineren Konzertb\u00fchne im Heinepark <a title=\"Madison Violet\" href=\"https:\/\/www.festivalhopper.de\/bands\/karten\/madison-violet.php\">Madison Violet<\/a>. Im v\u00f6lligen Gegensatz zu den alten Herren zuvor auf der Gro\u00dfen B\u00fchne sah man nun zwei junge Frauen vor sich. Die beiden Kanadierinnen zeigten sich v\u00f6llig unbeeindruckt von den inzwischen deutlich gesunkenen Temperaturen und ihren Anreisestrapazen &#8211; so erfuhr man, dass sie erst wenige Stunden zuvor aus Paris bzw. Kanada angereist waren.<\/p>\n<p>Ihre Musik zwischen <strong>Folk, Pop und Country<\/strong> wu\u00dfte vor allem durch ihren <strong>zweistimmigen Gesang<\/strong> zu begeistern. Dieser wurde begleitet durch Gitarren oder alternativ auch durch eine Geige und erinnerte Teils an Gr\u00f6\u00dfen wie Janis Joplin. <strong>In Erinnerung bleiben<\/strong> auf jeden Fall auch <strong>die Ansagen<\/strong> von <a title=\"Madison Violet\" href=\"https:\/\/www.festivalhopper.de\/bands\/karten\/madison-violet.php\">Madison Violet<\/a>. So wurde in diesen vom Leben in einer kleinen kanadischen Gemeinde mit nur 350 Einwohner berichtet, in der man bei Familiengr\u00f6\u00dfen von \u00fcber zehn Kindern nach einer durchzechten Nacht auch mal neben einem Geschwisterteil aufwacht.<\/p>\n<p style=\"text-align: center;\"><a href=\"https:\/\/www.festivalhopper.de\/news\/wp-content\/uploads\/2011\/07\/IMG_3351.jpg\"><img loading=\"lazy\" decoding=\"async\" class=\"alignnone size-thumbnail wp-image-46401\" title=\"Madison Violet auf dem TFF 2011\" src=\"https:\/\/www.festivalhopper.de\/news\/wp-content\/uploads\/2011\/07\/IMG_3351-150x150.jpg\" alt=\"\" width=\"150\" height=\"150\" \/><\/a> <a href=\"https:\/\/www.festivalhopper.de\/news\/wp-content\/uploads\/2011\/07\/IMG_3376.jpg\"><img loading=\"lazy\" decoding=\"async\" class=\"alignnone size-thumbnail wp-image-46402\" title=\"Madison Violet auf dem TFF 2011\" src=\"https:\/\/www.festivalhopper.de\/news\/wp-content\/uploads\/2011\/07\/IMG_3376-150x150.jpg\" alt=\"\" width=\"150\" height=\"150\" \/><\/a> <a href=\"https:\/\/www.festivalhopper.de\/news\/wp-content\/uploads\/2011\/07\/IMG_3387.jpg\"><img loading=\"lazy\" decoding=\"async\" class=\"alignnone size-thumbnail wp-image-46403\" title=\"Madison Violet auf dem TFF 2011\" src=\"https:\/\/www.festivalhopper.de\/news\/wp-content\/uploads\/2011\/07\/IMG_3387-150x150.jpg\" alt=\"\" width=\"150\" height=\"150\" \/><\/a><\/p>\n<p style=\"text-align: center;\"><a href=\"https:\/\/www.festivalhopper.de\/news\/wp-content\/uploads\/2011\/07\/IMG_3360.jpg\"><img loading=\"lazy\" decoding=\"async\" class=\"alignnone size-thumbnail wp-image-46404\" title=\"Madison Violet auf dem TFF 2011\" src=\"https:\/\/www.festivalhopper.de\/news\/wp-content\/uploads\/2011\/07\/IMG_3360-150x150.jpg\" alt=\"\" width=\"150\" height=\"150\" \/><\/a> <a href=\"https:\/\/www.festivalhopper.de\/news\/wp-content\/uploads\/2011\/07\/IMG_3382.jpg\"><img loading=\"lazy\" decoding=\"async\" class=\"alignnone size-thumbnail wp-image-46405\" title=\"Madison Violet auf dem TFF 2011\" src=\"https:\/\/www.festivalhopper.de\/news\/wp-content\/uploads\/2011\/07\/IMG_3382-150x150.jpg\" alt=\"\" width=\"150\" height=\"150\" \/><\/a><\/p>\n<p><a href=\"https:\/\/www.festivalhopper.de\/news\/wp-content\/uploads\/2011\/07\/IMG_3436.jpg\"><img loading=\"lazy\" decoding=\"async\" class=\"alignleft size-medium wp-image-46409\" title=\"Zaz auf dem TFF 2011\" src=\"https:\/\/www.festivalhopper.de\/news\/wp-content\/uploads\/2011\/07\/IMG_3436-200x300.jpg\" alt=\"\" width=\"200\" height=\"300\" srcset=\"https:\/\/www.festivalhopper.de\/news\/wp-content\/uploads\/2011\/07\/IMG_3436-200x300.jpg 200w, https:\/\/www.festivalhopper.de\/news\/wp-content\/uploads\/2011\/07\/IMG_3436-682x1024.jpg 682w, https:\/\/www.festivalhopper.de\/news\/wp-content\/uploads\/2011\/07\/IMG_3436.jpg 800w\" sizes=\"auto, (max-width: 200px) 100vw, 200px\" \/><\/a>Den Abend abschlie\u00dfen und den absoluten <strong>H\u00f6hepunkt<\/strong> setzen sollte dann aber wohl einer der bekanntesten Acts in diesem Jahr, <a title=\"Zaz\" href=\"https:\/\/www.festivalhopper.de\/bands\/karten\/zaz.php\">Zaz<\/a>. Die 31 j\u00e4hrige Franz\u00f6sin, die seit dem letzten Oktober mit ihrem Debut-Album <strong>aus den Albumcharts fast nicht mehr wegzudenken<\/strong> ist und dadurch auch in der Pop-Szene einen Namen hat, sollte noch einmal f\u00fcr ein absolutes Wechselbad der Gef\u00fchle sorgen. Am beeindruckensten war sicherlich dabei <strong>ihre Stimme<\/strong>.<\/p>\n<p>Schlo\u00df man bei ruhigeren Songs die Augen, hatte man durch ihre Stimme das <strong>Bild einer alten verbrauchten Frau im Kopf<\/strong>, mit Kippe in der Hand, \u00fcberschminkten Lippen und Wimpern, so dass sich von der Wimperntusche kleine schwarze Flecken auf den Wangen abzeichneten. Dies stand aber im <strong>absoluten Kontras<\/strong>t zu dem <strong>jungen aufgedrehten Derwisch,<\/strong> der bei schnellen St\u00fccken \u00fcber die B\u00fchne tanzte.<\/p>\n<p style=\"text-align: center;\"><a href=\"https:\/\/www.festivalhopper.de\/news\/wp-content\/uploads\/2011\/07\/IMG_3514.jpg\"><img loading=\"lazy\" decoding=\"async\" class=\"alignnone size-thumbnail wp-image-46411\" title=\"Zaz auf dem TFF 2011\" src=\"https:\/\/www.festivalhopper.de\/news\/wp-content\/uploads\/2011\/07\/IMG_3514-150x150.jpg\" alt=\"\" width=\"150\" height=\"150\" \/><\/a> <a href=\"https:\/\/www.festivalhopper.de\/news\/wp-content\/uploads\/2011\/07\/IMG_3497.jpg\"><img loading=\"lazy\" decoding=\"async\" class=\"alignnone size-thumbnail wp-image-46412\" title=\"Zaz auf dem TFF 2011\" src=\"https:\/\/www.festivalhopper.de\/news\/wp-content\/uploads\/2011\/07\/IMG_3497-150x150.jpg\" alt=\"\" width=\"150\" height=\"150\" \/><\/a> <a href=\"https:\/\/www.festivalhopper.de\/news\/wp-content\/uploads\/2011\/07\/IMG_3448.jpg\"><img loading=\"lazy\" decoding=\"async\" class=\"alignnone size-thumbnail wp-image-46413\" title=\"Zaz auf dem TFF 2011\" src=\"https:\/\/www.festivalhopper.de\/news\/wp-content\/uploads\/2011\/07\/IMG_3448-150x150.jpg\" alt=\"\" width=\"150\" height=\"150\" \/><\/a><\/p>\n<p>Ein <strong>musikalisch sehr abwechslungsreiches Programm,<\/strong> bei dem sich allerdings eine Schw\u00e4che von <a title=\"Zaz\" href=\"https:\/\/www.festivalhopper.de\/bands\/karten\/zaz.php\">Zaz<\/a> aufzeigte. Sie spricht leider <strong>nur franz\u00f6sisch<\/strong>, was vor allem bei ihren <strong>langen Zwischenansagen<\/strong> f\u00fcr <strong>Probleme mit dem Publikum<\/strong> sorgte. Das verstand sie einfach nicht und das mangelnde Feedback daraufhin setzte offensichtlich auch <a title=\"Zaz\" href=\"https:\/\/www.festivalhopper.de\/bands\/karten\/zaz.php\">Zaz<\/a> selber zu. Nur vereinzelt konnte sie durch einige wenige eingeworfene englische Brocken bei ihren Zwischenmoderationen mitrei\u00dfen &#8211; bis sich eine sehr innovative L\u00f6sung daf\u00fcr fand. Kurzer Hand wurde<strong> im Publikum eine Dolmetscherin gesucht<\/strong> und gefunden, die dann auf der B\u00fchne die Ansagen \u00fcbersetzte. Dies nutze <a title=\"Zaz\" href=\"https:\/\/www.festivalhopper.de\/bands\/karten\/zaz.php\">Zaz<\/a> dann auch sofort, um die Zuschauer in das Paris der 30-iger Jahre zu entf\u00fchren und anschlie\u00dfend in einer Art Schreitherapie zu entlassen. <em>Hier geht&#8217;s <a href=\"https:\/\/www.festivalhopper.de\/news\/2011\/07\/01\/zaz-im-interview-radio-zum-tff-rudolstadt-konzertbericht\/\">zum Zaz Interview (30.06.2011 in Saalfeld, am Nachmittag vor dem TFF-Auftritt)<\/a>.<\/em><\/p>\n<p style=\"text-align: center;\"><a href=\"https:\/\/www.festivalhopper.de\/news\/wp-content\/uploads\/2011\/07\/IMG_3510.jpg\"><img loading=\"lazy\" decoding=\"async\" class=\"alignnone size-thumbnail wp-image-46414\" title=\"Zaz auf dem TFF 2011\" src=\"https:\/\/www.festivalhopper.de\/news\/wp-content\/uploads\/2011\/07\/IMG_3510-150x150.jpg\" alt=\"\" width=\"150\" height=\"150\" \/><\/a> <a href=\"https:\/\/www.festivalhopper.de\/news\/wp-content\/uploads\/2011\/07\/IMG_3425.jpg\"><img loading=\"lazy\" decoding=\"async\" class=\"alignnone size-thumbnail wp-image-46415\" title=\"Zaz auf dem TFF 2011\" src=\"https:\/\/www.festivalhopper.de\/news\/wp-content\/uploads\/2011\/07\/IMG_3425-150x150.jpg\" alt=\"\" width=\"150\" height=\"150\" \/><\/a> <a href=\"https:\/\/www.festivalhopper.de\/news\/wp-content\/uploads\/2011\/07\/IMG_3431.jpg\"><img loading=\"lazy\" decoding=\"async\" class=\"alignnone size-thumbnail wp-image-46416\" title=\"Zaz auf dem TFF 2011\" src=\"https:\/\/www.festivalhopper.de\/news\/wp-content\/uploads\/2011\/07\/IMG_3431-150x150.jpg\" alt=\"\" width=\"150\" height=\"150\" \/><\/a><\/p>\n<p>Zu Erw\u00e4hnen sind auch die <strong>fantastischen Begleitmusiker<\/strong> von\u00a0<a title=\"Zaz\" href=\"https:\/\/www.festivalhopper.de\/bands\/karten\/zaz.php\">Zaz,<\/a> die wirklich jeden Tempowechsel und jeden Spa\u00df mit ihr mitgemacht haben. \u00dcbertroffen haben sie sich dann im letzten St\u00fcck der Zugabe als das Lied in einer Art Kabarett aufgef\u00fchrt wurde und \u00fcberall auf der B\u00fchne Bewegung war. Unabh\u00e4ngig, ob es nur durch vieles Proben oder einstudieren gekommen sein sollte, so etwas m\u00f6chte man \u00f6fter auf Konzerten sehen.<\/p>\n<p style=\"text-align: center;\"><a href=\"https:\/\/www.festivalhopper.de\/news\/wp-content\/uploads\/2011\/07\/IMG_3485.jpg\"><img loading=\"lazy\" decoding=\"async\" class=\"alignnone size-thumbnail wp-image-46417\" title=\"Zaz auf dem TFF 2011\" src=\"https:\/\/www.festivalhopper.de\/news\/wp-content\/uploads\/2011\/07\/IMG_3485-150x150.jpg\" alt=\"\" width=\"150\" height=\"150\" \/><\/a> <a href=\"https:\/\/www.festivalhopper.de\/news\/wp-content\/uploads\/2011\/07\/IMG_3466.jpg\"><img loading=\"lazy\" decoding=\"async\" class=\"alignnone size-thumbnail wp-image-46418\" title=\"Zaz auf dem TFF 2011\" src=\"https:\/\/www.festivalhopper.de\/news\/wp-content\/uploads\/2011\/07\/IMG_3466-150x150.jpg\" alt=\"\" width=\"150\" height=\"150\" \/><\/a> <a href=\"https:\/\/www.festivalhopper.de\/news\/wp-content\/uploads\/2011\/07\/IMG_3424.jpg\"><img loading=\"lazy\" decoding=\"async\" class=\"alignnone size-thumbnail wp-image-46419\" title=\"Zaz auf dem TFF 2011\" src=\"https:\/\/www.festivalhopper.de\/news\/wp-content\/uploads\/2011\/07\/IMG_3424-150x150.jpg\" alt=\"\" width=\"150\" height=\"150\" \/><\/a><\/p>\n<p>Der erste Abend des <a href=\"https:\/\/www.festivalhopper.de\/festival\/tff-rudolstadt-2011\">TFF 2011<\/a> wird durch die drei tollen Konzerte auf jeden Fall in Erinnerung bleiben und man darf gespannt sein, was sich im Laufe des Wochenendes noch so ereignet. Los geht es dabei sicherlich schon am heutigen im Vergleich zu den vergangenen Jahren verl\u00e4ngerten Freitag.<\/p>\n<p>Bericht und Fotos: Festivalhopper <a href=\"http:\/\/www.flickr.com\/photos\/teliko82\/\">Thomas &#8222;Teliko&#8220; Helbig<\/a><\/p>","protected":false},"excerpt":{"rendered":"<p>Gestern startet das Tanz und Folkfestival in Rudolstadt (TFF) mit vielen Ver\u00e4nderungen und einem gleich hochkar\u00e4tigen Programm in sein bereits 21. Jahr. Noch im letzten Jahr h\u00e4tte man an dieser Stelle von einem Sonderkonzert im Rahmen des TFF berichtet, das vom restlichen Festival mehr oder weniger losgel\u00f6st war. Erfreulicherweise entschieden sich aber die Veranstalter auf [&hellip;]<\/p>\n","protected":false},"author":146,"featured_media":0,"comment_status":"open","ping_status":"open","sticky":false,"template":"","format":"standard","meta":{"footnotes":""},"categories":[35,7,2,387,40,284,19],"tags":[476,273,275],"class_list":["post-46373","post","type-post","status-publish","format-standard","hentry","category-festivalberichte","category-festivalbilder","category-festivalnews","category-festivals-2011","category-festivals-in-europa","category-folk-festivals","category-welt-musik","tag-476","tag-rudolstadt","tag-tff"],"_links":{"self":[{"href":"https:\/\/www.festivalhopper.de\/news\/wp-json\/wp\/v2\/posts\/46373","targetHints":{"allow":["GET"]}}],"collection":[{"href":"https:\/\/www.festivalhopper.de\/news\/wp-json\/wp\/v2\/posts"}],"about":[{"href":"https:\/\/www.festivalhopper.de\/news\/wp-json\/wp\/v2\/types\/post"}],"author":[{"embeddable":true,"href":"https:\/\/www.festivalhopper.de\/news\/wp-json\/wp\/v2\/users\/146"}],"replies":[{"embeddable":true,"href":"https:\/\/www.festivalhopper.de\/news\/wp-json\/wp\/v2\/comments?post=46373"}],"version-history":[{"count":0,"href":"https:\/\/www.festivalhopper.de\/news\/wp-json\/wp\/v2\/posts\/46373\/revisions"}],"wp:attachment":[{"href":"https:\/\/www.festivalhopper.de\/news\/wp-json\/wp\/v2\/media?parent=46373"}],"wp:term":[{"taxonomy":"category","embeddable":true,"href":"https:\/\/www.festivalhopper.de\/news\/wp-json\/wp\/v2\/categories?post=46373"},{"taxonomy":"post_tag","embeddable":true,"href":"https:\/\/www.festivalhopper.de\/news\/wp-json\/wp\/v2\/tags?post=46373"}],"curies":[{"name":"wp","href":"https:\/\/api.w.org\/{rel}","templated":true}]}}