{"id":44338,"date":"2011-05-30T17:05:24","date_gmt":"2011-05-30T15:05:24","guid":{"rendered":"http:\/\/www.festivalhopper.de\/news\/?p=44338"},"modified":"2012-11-15T01:12:24","modified_gmt":"2012-11-15T00:12:24","slug":"kante-zweiter-headliner-phono-pop-2011","status":"publish","type":"post","link":"https:\/\/www.festivalhopper.de\/news\/2011\/05\/30\/kante-zweiter-headliner-phono-pop-2011\/","title":{"rendered":"KANTE als zweiter Headliner beim Phono Pop 2011"},"content":{"rendered":"<p><img loading=\"lazy\" decoding=\"async\" class=\"alignleft size-full wp-image-47025\" title=\"kante bandfoto\" src=\"https:\/\/www.festivalhopper.de\/news\/wp-content\/uploads\/2011\/07\/kante-bandfoto.jpg\" alt=\"\" width=\"300\" height=\"209\" \/>Nach der Ver\u00f6ffenltichung der <a href=\"https:\/\/www.festivalhopper.de\/news\/2011\/01\/31\/phono-pop-vvk-start-erste-bands\">ersten Bands und dem Start des Vorverkaufs<\/a> wurde es erstmal wieder still um das <a href=\"https:\/\/www.festivalhopper.de\/festival\/phono-pop-festival-2011\">Phono Pop Festival<\/a> in R\u00fcsselsheim. <strong>Hinter den Kulissen wurde offensichtlich lange an den weiteren H\u00f6hepunkten des Programms gefeilt<\/strong>: <em>&#8222;lange hat es gedauert, kurzzeitig wollten wir schon aufgeben, es kommt doch sowieso auf die Breite des Programms an und nicht auf einen dicken Namen. Aber dann &#8230;&#8220;<\/em><\/p>\n<p><em><!--more--><\/em>Ja dann zaubern die Veranstlater des Phono Pop doch noch eine <strong>Headliner f\u00fcr das Festival am 22. und 23. Juli 2011<\/strong> aus dem Hut, der ist:<\/p>\n<blockquote><p><em>in guten Momenten<br \/>\nf\u00fcr eine Weile<br \/>\nmehr als die Summe<br \/>\nder einzelnen Teile<\/em><\/p><\/blockquote>\n<p><em><\/em>Mit ihrer Musik und besonders auch mit der letzten Platte <em>&#8222;Die Tiere sind unruhig&#8220;<\/em> haben <a href=\"https:\/\/www.festivalhopper.de\/bands\/karten\/kante.php\">KANTE<\/a> deutschsprachige Meisterwerke ver\u00f6ffentlicht und ihren Platz irgendwo zwischen <a href=\"https:\/\/www.festivalhopper.de\/bands\/karten\/blumfeld.php\">Blumfeld<\/a> und <a href=\"https:\/\/www.festivalhopper.de\/bands\/karten\/tocotronic.php\">Tocotronic<\/a> gefunden. <strong>Live kann man die Band aber seit f\u00fcnf Jahren fast nur noch auf Theaterb\u00fchnen antreffen<\/strong>: Berliner Friedrichstadtpalast, Staatsschauspiel Dresden, Wiener Akademietheater und Schaub\u00fchne Berlin.<\/p>\n<p>Im Indie-Pop-Kosmos hat sich die Band rar gemacht und auch <a href=\"https:\/\/www.festivalhopper.de\/bands\/karten\/kante.php\">Festivalauftritte gab es nur sehr wenige<\/a>. <strong>Nun werden sie aber beim Phono Pop 2011 als Abschluss-Highlight am Samstag Abend aufspielen<\/strong> und die kleine Phono Pop Headliner-History um Fehlfarben, Die Sterne und Jochen Distelmeyer sicherlich w\u00fcrdig fortsetzen.<\/p>\n<p><strong>Weitere Neuzug\u00e4nge f\u00fcr das Phono Pop Programm<\/strong><\/p>\n<p>Neben dem zweiten Headliner gibt es an Neuzug\u00e4ngen noch <a href=\"https:\/\/www.festivalhopper.de\/bands\/karten\/david-lemaitre.php\">DAVID LEMAITRE<\/a> als ein &#8222;in den Staaten aufgewachsener und nun in Deutschland lebender chilenischer Bolivianer&#8220;, der gro\u00dfartigen Singer\/Songwriter-Pop mit Cellobegleitung spielt. F\u00fcr das DJ-Lineup gibt es diesmal <a href=\"https:\/\/www.festivalhopper.de\/bands\/karten\/swingers-club.php\">SWINGERS&#8216; CLUB<\/a>, wo Electro-Swing mit Nu-Funk kombiniert wird und Wahnsinn auf Ekstase trifft.<\/p>\n<p><img loading=\"lazy\" decoding=\"async\" class=\"alignnone size-full wp-image-39063\" title=\"www.phono-pop.de\" src=\"https:\/\/www.festivalhopper.de\/news\/wp-content\/uploads\/2011\/01\/www.phono-pop.de_.jpg\" alt=\"\" width=\"540\" height=\"158\" srcset=\"https:\/\/www.festivalhopper.de\/news\/wp-content\/uploads\/2011\/01\/www.phono-pop.de_.jpg 600w, https:\/\/www.festivalhopper.de\/news\/wp-content\/uploads\/2011\/01\/www.phono-pop.de_-300x88.jpg 300w\" sizes=\"auto, (max-width: 540px) 100vw, 540px\" \/><\/p>\n<p><strong>6. Phono Pop Festival &#8211; Fr. 22. &amp; Sa. 23. Juli 2011<\/strong><br \/>\nWerkshalle A1 \/ Altes Hauptportal, Bahnhofsplatz, 65428 R\u00fcsselsheim<br \/>\n<a href=\"http:\/\/www.phono-pop.de\">www.phono-pop.de<\/a><\/p>\n<p><strong> Festivaltickets f\u00fcr 32Euro (zzgl. Geb.)<\/strong> gibt es <a href=\"http:\/\/www.phono-pop.de\/\">\u00fcber die Homepage<\/a> bei Reservix<\/p>","protected":false},"excerpt":{"rendered":"<p>Nach der Ver\u00f6ffenltichung der ersten Bands und dem Start des Vorverkaufs wurde es erstmal wieder still um das Phono Pop Festival in R\u00fcsselsheim. Hinter den Kulissen wurde offensichtlich lange an den weiteren H\u00f6hepunkten des Programms gefeilt: &#8222;lange hat es gedauert, kurzzeitig wollten wir schon aufgeben, es kommt doch sowieso auf die Breite des Programms an [&hellip;]<\/p>\n","protected":false},"author":1,"featured_media":0,"comment_status":"open","ping_status":"open","sticky":false,"template":"","format":"standard","meta":{"footnotes":""},"categories":[2,387,42,137,24],"tags":[],"class_list":["post-44338","post","type-post","status-publish","format-standard","hentry","category-festivalnews","category-festivals-2011","category-indie-festivals","category-kleines-festival","category-neue-bands"],"_links":{"self":[{"href":"https:\/\/www.festivalhopper.de\/news\/wp-json\/wp\/v2\/posts\/44338","targetHints":{"allow":["GET"]}}],"collection":[{"href":"https:\/\/www.festivalhopper.de\/news\/wp-json\/wp\/v2\/posts"}],"about":[{"href":"https:\/\/www.festivalhopper.de\/news\/wp-json\/wp\/v2\/types\/post"}],"author":[{"embeddable":true,"href":"https:\/\/www.festivalhopper.de\/news\/wp-json\/wp\/v2\/users\/1"}],"replies":[{"embeddable":true,"href":"https:\/\/www.festivalhopper.de\/news\/wp-json\/wp\/v2\/comments?post=44338"}],"version-history":[{"count":0,"href":"https:\/\/www.festivalhopper.de\/news\/wp-json\/wp\/v2\/posts\/44338\/revisions"}],"wp:attachment":[{"href":"https:\/\/www.festivalhopper.de\/news\/wp-json\/wp\/v2\/media?parent=44338"}],"wp:term":[{"taxonomy":"category","embeddable":true,"href":"https:\/\/www.festivalhopper.de\/news\/wp-json\/wp\/v2\/categories?post=44338"},{"taxonomy":"post_tag","embeddable":true,"href":"https:\/\/www.festivalhopper.de\/news\/wp-json\/wp\/v2\/tags?post=44338"}],"curies":[{"name":"wp","href":"https:\/\/api.w.org\/{rel}","templated":true}]}}