{"id":42242,"date":"2011-04-13T11:40:15","date_gmt":"2011-04-13T09:40:15","guid":{"rendered":"http:\/\/www.festivalhopper.de\/news\/?p=42242"},"modified":"2011-04-13T11:40:15","modified_gmt":"2011-04-13T09:40:15","slug":"rock-den-deich-2011-kafkas-sind-am-start","status":"publish","type":"post","link":"https:\/\/www.festivalhopper.de\/news\/2011\/04\/13\/rock-den-deich-2011-kafkas-sind-am-start\/","title":{"rendered":"Rock den Deich 2011: Kafkas sind am Start"},"content":{"rendered":"<p><a href=\"https:\/\/www.festivalhopper.de\/news\/wp-content\/uploads\/2011\/04\/news_12_04_2011.jpg\"><img loading=\"lazy\" decoding=\"async\" class=\"size-full wp-image-42243 alignleft\" style=\"border: 0pt none; margin: 3px;\" src=\"https:\/\/www.festivalhopper.de\/news\/wp-content\/uploads\/2011\/04\/news_12_04_2011.jpg\" alt=\"\" width=\"165\" height=\"220\" \/><\/a>Nicht nur der <strong>Osterhase <\/strong>ist flei\u00dfig am arbeiten, sondern auch unser  Booker. Er hat sich die letzten N\u00e4chte um die Ohren geschlagen und  pr\u00e4sentiert euch mit den <a title=\"Kafkas\" href=\"\/bands\/karten\/kafkas.php\">Kafkas<\/a> <strong>heute<\/strong> eine neue Band <em>(f\u00fcrs <a title=\"Rock den Deich 2011\" href=\"\/festival\/rock-den-deich-2011\">Rock den Deich 2011<\/a> Anm.d.Red.)<\/em>, bevor es in die wohlverdienten  Osterferien geht.<\/p>\n<p>Es gibt Bands, die reifen von <strong>rotzigen Rebellen<\/strong> zu <strong>seri\u00f6sen  Sentimentalisten<\/strong> heran. Von Renitenz zu Raiffeisenbank. Nicht so die <a title=\"Kafkas\" href=\"\/bands\/karten\/kafkas.php\">Kafkas<\/a>. Sie werden erwachsen, ohne aufzugeben. Sie schreiben pl\u00f6tzlich  Songs, so<strong> horizontweit<\/strong> wie die<strong> Weakerthans<\/strong>, sogar verspielt und  bastelfreudig. <!--more--><\/p>\n<p>Die <a title=\"Kafkas\" href=\"\/bands\/karten\/kafkas.php\">Kafkas<\/a> offenbaren pers\u00f6nliche<strong> Gef\u00fchle<\/strong>. Sie gehen ans <strong>Herz<\/strong>.  Und trotzdem haben sie noch den <strong>Zorn<\/strong>, den die einen dauerjugendlich und  die anderen prinzipientreu nennen. Wie das Tagebuch eines Aktivisten,  der endlich anf\u00e4ngt, sich auch um sich selbst zu k\u00fcmmern, seine Sache  daf\u00fcr aber nicht vergisst. <strong>Aufw\u00fchlend und anders<\/strong>.<\/p>\n<p><img loading=\"lazy\" decoding=\"async\" class=\"alignright size-full wp-image-40395\" title=\"rock den deich 2011\" src=\"https:\/\/www.festivalhopper.de\/news\/wp-content\/uploads\/2011\/03\/rock-den-deich-2011.jpg\" alt=\"\" width=\"300\" height=\"120\" \/><em>Zuletzt berichteten die <a title=\"Rock den Deich 2011\" href=\"\/festival\/rock-den-deich-2011\">Rock den Deich<\/a>-Veranstalter bei Festivalhopper \u00fcber die <a href=\"https:\/\/www.festivalhopper.de\/news\/2011\/03\/03\/die-ersten-zwei-bands-am-deich-2011\/\">Best\u00e4tigungen von Rosa und Die Wilden Jungs und Helli\u00f6n<\/a>. Mehr Informationen zu den<strong> Bands<\/strong> und <a href=\"https:\/\/www.festivalhopper.de\/festival\/rock-den-deich-2011\">zum Festival gibts hier bei Festivalhopper<\/a> und nat\u00fcrlich auf <a title=\"www.rockdendeich.de\" href=\"http:\/\/www.rockdendeich.de\" target=\"_blank\">www.rockdendeich.de<\/a>.<\/em><\/p>","protected":false},"excerpt":{"rendered":"<p>Nicht nur der Osterhase ist flei\u00dfig am arbeiten, sondern auch unser Booker. Er hat sich die letzten N\u00e4chte um die Ohren geschlagen und pr\u00e4sentiert euch mit den Kafkas heute eine neue Band (f\u00fcrs Rock den Deich 2011 Anm.d.Red.), bevor es in die wohlverdienten Osterferien geht. Es gibt Bands, die reifen von rotzigen Rebellen zu seri\u00f6sen [&hellip;]<\/p>\n","protected":false},"author":160,"featured_media":0,"comment_status":"open","ping_status":"open","sticky":false,"template":"","format":"standard","meta":{"footnotes":""},"categories":[286,2,387,42,137,41,24,6,17,14,28],"tags":[476,260,53,514,256,194,190,51,293,189,1182],"class_list":["post-42242","post","type-post","status-publish","format-standard","hentry","category-benefizveranstaltung","category-festivalnews","category-festivals-2011","category-indie-festivals","category-kleines-festival","category-nachwuchsbands","category-neue-bands","category-rock-festivals","category-ska-festivals","category-sonstiges","category-umsonst-und-draussen","tag-476","tag-eintritt-frei","tag-festival","tag-kostenlos","tag-open-air","tag-party","tag-punk","tag-rock","tag-rock-den-deich","tag-rock-festival","tag-umsonst-und-draussen"],"_links":{"self":[{"href":"https:\/\/www.festivalhopper.de\/news\/wp-json\/wp\/v2\/posts\/42242","targetHints":{"allow":["GET"]}}],"collection":[{"href":"https:\/\/www.festivalhopper.de\/news\/wp-json\/wp\/v2\/posts"}],"about":[{"href":"https:\/\/www.festivalhopper.de\/news\/wp-json\/wp\/v2\/types\/post"}],"author":[{"embeddable":true,"href":"https:\/\/www.festivalhopper.de\/news\/wp-json\/wp\/v2\/users\/160"}],"replies":[{"embeddable":true,"href":"https:\/\/www.festivalhopper.de\/news\/wp-json\/wp\/v2\/comments?post=42242"}],"version-history":[{"count":0,"href":"https:\/\/www.festivalhopper.de\/news\/wp-json\/wp\/v2\/posts\/42242\/revisions"}],"wp:attachment":[{"href":"https:\/\/www.festivalhopper.de\/news\/wp-json\/wp\/v2\/media?parent=42242"}],"wp:term":[{"taxonomy":"category","embeddable":true,"href":"https:\/\/www.festivalhopper.de\/news\/wp-json\/wp\/v2\/categories?post=42242"},{"taxonomy":"post_tag","embeddable":true,"href":"https:\/\/www.festivalhopper.de\/news\/wp-json\/wp\/v2\/tags?post=42242"}],"curies":[{"name":"wp","href":"https:\/\/api.w.org\/{rel}","templated":true}]}}