{"id":41882,"date":"2011-04-06T11:03:21","date_gmt":"2011-04-06T09:03:21","guid":{"rendered":"http:\/\/www.festivalhopper.de\/news\/?p=41882"},"modified":"2011-04-06T11:03:21","modified_gmt":"2011-04-06T09:03:21","slug":"ifa-sommergarten-open-air-die-neuen-deutschpoeten-tickets","status":"publish","type":"post","link":"https:\/\/www.festivalhopper.de\/news\/2011\/04\/06\/ifa-sommergarten-open-air-die-neuen-deutschpoeten-tickets\/","title":{"rendered":"IFA Sommergarten Open Air: Die Neuen DeutschPoeten"},"content":{"rendered":"<p><a title=\"Clueso\" href=\"\/bands\/karten\/clueso.php\"><img loading=\"lazy\" decoding=\"async\" class=\"alignleft size-medium wp-image-38981\" title=\"Clueso_01-web\" src=\"https:\/\/www.festivalhopper.de\/news\/wp-content\/uploads\/2011\/01\/Clueso_01-web-300x200.jpg\" alt=\"\" width=\"300\" height=\"200\" srcset=\"https:\/\/www.festivalhopper.de\/news\/wp-content\/uploads\/2011\/01\/Clueso_01-web-300x200.jpg 300w, https:\/\/www.festivalhopper.de\/news\/wp-content\/uploads\/2011\/01\/Clueso_01-web.jpg 900w\" sizes=\"auto, (max-width: 300px) 100vw, 300px\" \/>Clueso<\/a>, <a title=\"Philipp Poisel\" href=\"\/bands\/karten\/philipp-poisel.php\">Philipp Poisel<\/a>, <a title=\"Wir Sind Helden\" href=\"\/bands\/karten\/wir-sind-helden.php\">Wir Sind Helden<\/a>, <a title=\"Kraftklub\" href=\"\/bands\/karten\/kraftklub.php\">Kraftklub<\/a> und die beiden Newcomer <a title=\"Bourani\" href=\"\/bands\/karten\/bourani.php\">Bourani<\/a> und <a title=\"Max Prosa\" href=\"\/bands\/karten\/max-prosa.php\">Max Prosa<\/a> werden unter dem Motto &#8222;<strong>Die Neuen DeutschPoeten<\/strong>&#8220; beim <a title=\"Fritz - Die Neuen DeutschPoeten\" href=\"\/festival\/fritz-die-neuen-deutschpoeten\">IFA Sommergarten Open Air<\/a> [<a title=\"hier Tickets kaufen\" href=\"\/tickets-bestellen\/fritz-die-neuen-deutschpoeten.html\">Tickets<\/a>] am <strong>03.09.2011<\/strong> dabei sein.<\/p>\n<p>Zum <strong>zweiten Mal<\/strong> pr\u00e4sentiert Radio Fritz vom rbb in dieser Art <strong>deutschsprachige Musiker<\/strong> auf einer B\u00fchne. <em><a title=\"hier Tickets kaufen\" href=\"\/tickets-bestellen\/fritz-die-neuen-deutschpoeten.html\">Hier gibts Tickets<\/a><\/em>.<!--more--><\/p>\n<p>Beim ausverkauften Auftakt der &#8222;<strong>DeutschPoeten<\/strong>&#8220; begeisterten u. a. <strong>Max Herre, Madsen<\/strong> und <strong>Pohlmann<\/strong>. Bei dieser Veranstaltung werden K\u00fcnstler pr\u00e4sentiert, die sich durch die <strong>Poesie<\/strong> in ihren Texten auszeichnen.<\/p>\n<p><a href=\"https:\/\/www.festivalhopper.de\/news\/wp-content\/uploads\/2010\/11\/Splash09_Clueso_217D3082_20x30.jpg\"><img loading=\"lazy\" decoding=\"async\" class=\"alignright size-medium wp-image-35585\" title=\"Clueso (Splash09)\" src=\"https:\/\/www.festivalhopper.de\/news\/wp-content\/uploads\/2010\/11\/Splash09_Clueso_217D3082_20x30-300x200.jpg\" alt=\"\" width=\"300\" height=\"200\" srcset=\"https:\/\/www.festivalhopper.de\/news\/wp-content\/uploads\/2010\/11\/Splash09_Clueso_217D3082_20x30-300x200.jpg 300w, https:\/\/www.festivalhopper.de\/news\/wp-content\/uploads\/2010\/11\/Splash09_Clueso_217D3082_20x30-1024x682.jpg 1024w, https:\/\/www.festivalhopper.de\/news\/wp-content\/uploads\/2010\/11\/Splash09_Clueso_217D3082_20x30.jpg 1200w\" sizes=\"auto, (max-width: 300px) 100vw, 300px\" \/><\/a>F\u00fcr das Jahr 2010 hatte\u00a0<strong>Clueso<\/strong> sich nach seiner ausverkauften &#8218;<strong>So sehr dabei Tour<\/strong>&#8218; und Gold- und Platinauszeichnungen f\u00fcr das gleichnamige Album eine kreative Pause verordnet. Ende M\u00e4rz erschien nun sein f\u00fcnftes Studio-Album &#8218;<strong>An und f\u00fcr sich<\/strong>&#8218;, nun sind <a title=\"Clueso &amp; Band\" href=\"\/bands\/karten\/clueso-band.php\">Clueso &amp; Band<\/a> wieder auf Tour.<\/p>\n<p>Der von <strong>Herbert Gr\u00f6nemeyer<\/strong> und Fritz entdeckte Shootingstar <a title=\"Philipp Poisel\" href=\"\/bands\/karten\/philipp-poisel.php\">Philipp Poisel<\/a> wird auch auf der <a title=\"Fritz - Die Neuen DeutschPoeten\" href=\"\/festival\/fritz-die-neuen-deutschpoeten\">IFA Sommergarten Open Air<\/a> stehen. Seine beiden Alben &#8222;<strong>Wo f\u00e4ngt dein Himmel an<\/strong>&#8220; und &#8222;<strong>Bis nach Toulouse<\/strong>&#8220; haben sich mehr als hunderttausend Mal verkauft.<\/p>\n<p><a href=\"https:\/\/www.festivalhopper.de\/news\/wp-content\/uploads\/2010\/08\/OpenFlair2010-Wir-Sind-Helden-4523.jpg\"><img loading=\"lazy\" decoding=\"async\" class=\"size-medium wp-image-33413 alignleft\" title=\"OpenFlair2010--Wir-Sind-Helden---4523\" src=\"https:\/\/www.festivalhopper.de\/news\/wp-content\/uploads\/2010\/08\/OpenFlair2010-Wir-Sind-Helden-4523-213x300.jpg\" alt=\"\" width=\"213\" height=\"300\" srcset=\"https:\/\/www.festivalhopper.de\/news\/wp-content\/uploads\/2010\/08\/OpenFlair2010-Wir-Sind-Helden-4523-213x300.jpg 213w, https:\/\/www.festivalhopper.de\/news\/wp-content\/uploads\/2010\/08\/OpenFlair2010-Wir-Sind-Helden-4523.jpg 568w\" sizes=\"auto, (max-width: 213px) 100vw, 213px\" \/><\/a>Zu den<strong> K\u00f6nigen<\/strong> der neuen deutschen Poesie geh\u00f6ren auch <a title=\"Wir Sind Helden\" href=\"\/bands\/karten\/wir-sind-helden.php\">Wir Sind Helden<\/a>. Die Tour zu ihrem vierten Album &#8222;<strong>Bring mich nach Hause<\/strong>&#8220; spielten sie in ausverkauften Hallen.<\/p>\n<p><a title=\"Kraftklub\" href=\"\/bands\/karten\/kraftklub.php\">Kraftklub<\/a> aus Chemnitz stehen noch am Anfang ihrer Karriere. Mit ihrer unglaublichen Mischung aus <strong>Indierock <\/strong>und <strong>Deutschrap<\/strong> sorgten sie bereits f\u00fcr Furore in den Clubs.<\/p>\n<p><a title=\"Max Prosa\" href=\"\/bands\/karten\/max-prosa.php\">Max Prosa<\/a><strong> <\/strong>ist ein Geschichtenerz\u00e4hler und kommt aus dem Hause &#8222;<strong>Zughafen<\/strong>&#8222;, einem K\u00fcnstlernetzwerk rund um einen weiteren gro\u00dfen Poeten &#8211; <a title=\"Clueso\" href=\"\/bands\/karten\/clueso.php\">Clueso<\/a>. Die Texte von <a title=\"Max Prosa\" href=\"\/bands\/karten\/max-prosa.php\">Max Prosa<\/a> haben bereits &#8222;eine Tiefe wie Werke von Rio Reiser oder Bob Dylan&#8220;.<\/p>\n<p><strong>Singer-Songwriter<\/strong> <a title=\"Bourani\" href=\"\/bands\/karten\/bourani.php\">Bourani<\/a><strong> <\/strong>ist eine der <strong>Neuentdeckungen<\/strong> von Fritz. Der 27-j\u00e4hrige <a title=\"Bourani\" href=\"\/bands\/karten\/bourani.php\">Andreas Bourani<\/a> besticht durch seine starke Pr\u00e4senz auf der B\u00fchne und eing\u00e4ngige Melodien und Arrangements.<\/p>\n<p>Das Ganze findet im Sommergarten der Messe <strong>Berlin<\/strong> statt &#8211; die Location geh\u00f6rt zu den <strong>sch\u00f6nsten Open Air Arenen<\/strong> der Haupstadt und bietet neben einer gartenarchitektonisch gepflegten Gr\u00fcnanlage eine der modernsten technischen B\u00fchnenanlagen.<\/p>\n<p>Das Event startet <strong>14Uhr<\/strong>, Einlass ab 13Uhr. Weiteres zum <a title=\"Fritz - Die Neuen DeutschPoeten\" href=\"\/festival\/fritz-die-neuen-deutschpoeten\">IFA Sommergarten Open Air &#8222;<\/a><a title=\"Fritz - Die Neuen DeutschPoeten\" href=\"\/festival\/fritz-die-neuen-deutschpoeten\">Fritz &#8211; Die Neuen DeutschPoeten&#8220; hier bei uns<\/a> und <em>hier k\u00f6nnt ihr <a title=\"hier Tickets kaufen\" href=\"\/tickets-bestellen\/fritz-die-neuen-deutschpoeten.html\">Tickets f\u00fcr die neuen DeutschPoeten kaufen<\/a>.<\/em><\/p>","protected":false},"excerpt":{"rendered":"<p>Open Air Festival am 3. September 2011 im IFA Sommergarten<br \/>\nMit Clueso, Philipp Poisel, Wir Sind Helden, Kraftklub, Bourani und Max Prosa<\/p>\n","protected":false},"author":275,"featured_media":0,"comment_status":"open","ping_status":"open","sticky":false,"template":"","format":"standard","meta":{"footnotes":""},"categories":[2,387,20],"tags":[497,336,500,499,501,496,498,494,495],"class_list":["post-41882","post","type-post","status-publish","format-standard","hentry","category-festivalnews","category-festivals-2011","category-tickets-kaufen","tag-bourani","tag-clueso","tag-deutschpoeten","tag-die-neuen-deutschpoeten","tag-ifa-sommergarten","tag-kraftklub","tag-max-prosa","tag-philipp-poisel","tag-wir-sind-helden"],"_links":{"self":[{"href":"https:\/\/www.festivalhopper.de\/news\/wp-json\/wp\/v2\/posts\/41882","targetHints":{"allow":["GET"]}}],"collection":[{"href":"https:\/\/www.festivalhopper.de\/news\/wp-json\/wp\/v2\/posts"}],"about":[{"href":"https:\/\/www.festivalhopper.de\/news\/wp-json\/wp\/v2\/types\/post"}],"author":[{"embeddable":true,"href":"https:\/\/www.festivalhopper.de\/news\/wp-json\/wp\/v2\/users\/275"}],"replies":[{"embeddable":true,"href":"https:\/\/www.festivalhopper.de\/news\/wp-json\/wp\/v2\/comments?post=41882"}],"version-history":[{"count":0,"href":"https:\/\/www.festivalhopper.de\/news\/wp-json\/wp\/v2\/posts\/41882\/revisions"}],"wp:attachment":[{"href":"https:\/\/www.festivalhopper.de\/news\/wp-json\/wp\/v2\/media?parent=41882"}],"wp:term":[{"taxonomy":"category","embeddable":true,"href":"https:\/\/www.festivalhopper.de\/news\/wp-json\/wp\/v2\/categories?post=41882"},{"taxonomy":"post_tag","embeddable":true,"href":"https:\/\/www.festivalhopper.de\/news\/wp-json\/wp\/v2\/tags?post=41882"}],"curies":[{"name":"wp","href":"https:\/\/api.w.org\/{rel}","templated":true}]}}