{"id":37086,"date":"2010-12-10T09:42:34","date_gmt":"2010-12-10T08:42:34","guid":{"rendered":"http:\/\/www.festivalhopper.de\/news\/?p=37086"},"modified":"2010-12-10T10:24:42","modified_gmt":"2010-12-10T09:24:42","slug":"gampel-holt-seeed-als-headliner-2011","status":"publish","type":"post","link":"https:\/\/www.festivalhopper.de\/news\/2010\/12\/10\/gampel-holt-seeed-als-headliner-2011\/","title":{"rendered":"Gampel holt SEEED als Headliner 2011"},"content":{"rendered":"<p><a href=\"https:\/\/www.festivalhopper.de\/news\/wp-content\/uploads\/2010\/12\/Gampel-2011.jpg\"><img loading=\"lazy\" decoding=\"async\" class=\"alignleft size-medium wp-image-37130\" title=\"Gampel-2011\" src=\"https:\/\/www.festivalhopper.de\/news\/wp-content\/uploads\/2010\/12\/Gampel-2011-300x155.jpg\" alt=\"\" width=\"300\" height=\"155\" srcset=\"https:\/\/www.festivalhopper.de\/news\/wp-content\/uploads\/2010\/12\/Gampel-2011-300x155.jpg 300w, https:\/\/www.festivalhopper.de\/news\/wp-content\/uploads\/2010\/12\/Gampel-2011.jpg 433w\" sizes=\"auto, (max-width: 300px) 100vw, 300px\" \/><\/a>&#8222;<a title=\"Seeed\" href=\"https:\/\/www.festivalhopper.de\/bands\/karten\/seeed.php\">Seeed<\/a> am <a title=\"Open Air Gampel 2011\" href=\"https:\/\/www.festivalhopper.de\/festival\/open-air-gampel-2011\">Open Air Gampel 2011<\/a>&#8220; &#8211; so begr\u00fc\u00dft aktuell die <a href=\"http:\/\/www.openairgampel.ch\/\">Gampel Festivalwebseite<\/a> ihre Besucher. <a title=\"Seeed\" href=\"https:\/\/www.festivalhopper.de\/bands\/karten\/seeed.php\">Seeed<\/a> besucht das <a title=\"Open Air Gampel 2011\" href=\"https:\/\/www.festivalhopper.de\/festival\/open-air-gampel-2011\">Gampel<\/a> \u00fcbrigens <strong><a title=\"Festivals in Schweiz\" href=\"https:\/\/www.festivalhopper.de\/festivals\/international\/schweiz\">Schweiz<\/a>-exklusiv<\/strong>.<\/p>\n<p><!--more--><\/p>\n<p>Um es gleich vorweg zu nehmen: <strong><a title=\"Seeed\" href=\"https:\/\/www.festivalhopper.de\/bands\/karten\/seeed.php\">Seeed<\/a> mit Peter Fox<\/strong> werden das <strong>Wallis<\/strong> besuchen! Die erste Gampel-Meldung der neuen Festivalsaison wartet also gleich mit einem <strong>Headliner<\/strong> auf!<\/p>\n<blockquote><p><em><strong>&#8222;Seeed muss spielen, sonst rosten wir ein. Darum gampelt es in 2011, obwohl wir dann sicher noch an unserer Platte arbeiten&#8230; Aber f\u00fcr die perfekte Sweiz wird auch gerne mal eine Studiopause eingelegt. Nuss-stengeli ahoi!&#8220;<\/strong><\/em><a href=\"https:\/\/www.festivalhopper.de\/news\/wp-content\/uploads\/2010\/12\/seeed.jpg\"><img loading=\"lazy\" decoding=\"async\" class=\"alignright size-medium wp-image-37138\" title=\"seeed\" src=\"https:\/\/www.festivalhopper.de\/news\/wp-content\/uploads\/2010\/12\/seeed-300x144.jpg\" alt=\"\" width=\"300\" height=\"144\" srcset=\"https:\/\/www.festivalhopper.de\/news\/wp-content\/uploads\/2010\/12\/seeed-300x144.jpg 300w, https:\/\/www.festivalhopper.de\/news\/wp-content\/uploads\/2010\/12\/seeed.jpg 706w\" sizes=\"auto, (max-width: 300px) 100vw, 300px\" \/><\/a><\/p><\/blockquote>\n<p>Nicht nur <strong>Peter Fox als Solok\u00fcnstler<\/strong> war erfolgreich, die <strong>elfk\u00f6pfige Band aus Berlin<\/strong> gewann mit ihren drei Alben auch schon gro\u00dfe Auszeichnungen im Musikbereich: <strong>Platin-<\/strong> und Goldauszeichnungen sowie insgesamt drei <strong>Echo<\/strong>s.<\/p>\n<p><a href=\"https:\/\/www.festivalhopper.de\/news\/wp-content\/uploads\/2010\/12\/Gampel-Seeed.jpg\"><img loading=\"lazy\" decoding=\"async\" class=\"alignleft size-medium wp-image-37131\" title=\"Gampel-Seeed\" src=\"https:\/\/www.festivalhopper.de\/news\/wp-content\/uploads\/2010\/12\/Gampel-Seeed-300x99.jpg\" alt=\"\" width=\"300\" height=\"99\" srcset=\"https:\/\/www.festivalhopper.de\/news\/wp-content\/uploads\/2010\/12\/Gampel-Seeed-300x99.jpg 300w, https:\/\/www.festivalhopper.de\/news\/wp-content\/uploads\/2010\/12\/Gampel-Seeed.jpg 514w\" sizes=\"auto, (max-width: 300px) 100vw, 300px\" \/><\/a><a href=\"https:\/\/www.festivalhopper.de\/news\/2010\/12\/09\/seeed-erster-act-fuers-frequency-2011\/\">Seeed wurde ausserdem auch f\u00fcrs \u00f6sterreichische <\/a><a href=\"https:\/\/www.festivalhopper.de\/news\/2010\/12\/09\/seeed-erster-act-fuers-frequency-2011\/\">Frequency best\u00e4tigt<\/a>! Es werden aber nicht die einzigen europ\u00e4ischen Festivaltermine bleiben. Gespannt erwarten wir die Tourdaten f\u00fcr Deutschland. Weiteres zum <strong>Open Air Gampel 2011<\/strong> gibt es <a title=\"Open Air Gampel 2011\" href=\"https:\/\/www.festivalhopper.de\/festival\/open-air-gampel-2011\">hier bei uns<\/a> und auf <a href=\"http:\/\/www.openairgampel.ch\/\" target=\"_blank\">www.openairgampel.ch<\/a>.<\/p>","protected":false},"excerpt":{"rendered":"<p>&#8222;Seeed am Open Air Gampel 2011&#8220; &#8211; so begr\u00fc\u00dft aktuell die Gampel Festivalwebseite ihre Besucher. Seeed besucht das Gampel \u00fcbrigens Schweiz-exklusiv.<\/p>\n","protected":false},"author":45,"featured_media":0,"comment_status":"open","ping_status":"open","sticky":false,"template":"","format":"standard","meta":{"footnotes":""},"categories":[2,387,40,24,21],"tags":[],"class_list":["post-37086","post","type-post","status-publish","format-standard","hentry","category-festivalnews","category-festivals-2011","category-festivals-in-europa","category-neue-bands","category-schweiz"],"_links":{"self":[{"href":"https:\/\/www.festivalhopper.de\/news\/wp-json\/wp\/v2\/posts\/37086","targetHints":{"allow":["GET"]}}],"collection":[{"href":"https:\/\/www.festivalhopper.de\/news\/wp-json\/wp\/v2\/posts"}],"about":[{"href":"https:\/\/www.festivalhopper.de\/news\/wp-json\/wp\/v2\/types\/post"}],"author":[{"embeddable":true,"href":"https:\/\/www.festivalhopper.de\/news\/wp-json\/wp\/v2\/users\/45"}],"replies":[{"embeddable":true,"href":"https:\/\/www.festivalhopper.de\/news\/wp-json\/wp\/v2\/comments?post=37086"}],"version-history":[{"count":0,"href":"https:\/\/www.festivalhopper.de\/news\/wp-json\/wp\/v2\/posts\/37086\/revisions"}],"wp:attachment":[{"href":"https:\/\/www.festivalhopper.de\/news\/wp-json\/wp\/v2\/media?parent=37086"}],"wp:term":[{"taxonomy":"category","embeddable":true,"href":"https:\/\/www.festivalhopper.de\/news\/wp-json\/wp\/v2\/categories?post=37086"},{"taxonomy":"post_tag","embeddable":true,"href":"https:\/\/www.festivalhopper.de\/news\/wp-json\/wp\/v2\/tags?post=37086"}],"curies":[{"name":"wp","href":"https:\/\/api.w.org\/{rel}","templated":true}]}}