{"id":36889,"date":"2010-12-07T16:14:52","date_gmt":"2010-12-07T15:14:52","guid":{"rendered":"http:\/\/www.festivalhopper.de\/news\/?p=36889"},"modified":"2010-12-07T16:20:54","modified_gmt":"2010-12-07T15:20:54","slug":"rheinkultur-weihnachtsgala-abgesagt","status":"publish","type":"post","link":"https:\/\/www.festivalhopper.de\/news\/2010\/12\/07\/rheinkultur-weihnachtsgala-abgesagt\/","title":{"rendered":"RhEINKULTUR Weihnachtsgala abgesagt!"},"content":{"rendered":"<p><a href=\"https:\/\/www.festivalhopper.de\/news\/wp-content\/uploads\/2010\/12\/rheinkultur-rettergala-abgesagt.jpg\"><img loading=\"lazy\" decoding=\"async\" class=\"alignleft size-medium wp-image-36894\" title=\"rheinkultur rettergala abgesagt\" src=\"https:\/\/www.festivalhopper.de\/news\/wp-content\/uploads\/2010\/12\/rheinkultur-rettergala-abgesagt-300x152.jpg\" alt=\"\" width=\"300\" height=\"152\" srcset=\"https:\/\/www.festivalhopper.de\/news\/wp-content\/uploads\/2010\/12\/rheinkultur-rettergala-abgesagt-300x152.jpg 300w, https:\/\/www.festivalhopper.de\/news\/wp-content\/uploads\/2010\/12\/rheinkultur-rettergala-abgesagt.jpg 491w\" sizes=\"auto, (max-width: 300px) 100vw, 300px\" \/><\/a>Heute gibt es eine traurige Nachricht aus Bonn, denn <strong>die Benefizveranstaltung zur Rettung des kostenlosen Rheinkultur Festivals wurde mangels Zuspruch vom Publikum abgesagt<\/strong>! Geplant war f\u00fcr den 18. Dezember 2010 &#8222;<a href=\"https:\/\/www.festivalhopper.de\/festival\/rheinkultur-retter-weihnachtsgala\">Die gro\u00dfe RhEINKULTUR RETTER Weihnachtsgala<\/a>&#8220; mit acht Bands auf zwei B\u00fchnen.<\/p>\n<p><!--more-->Jedoch konnten trotz vieler Unterst\u00fctzer-Aufrufe und umfangreichen Medienberichten (<a href=\"https:\/\/www.festivalhopper.de\/news\/2010\/10\/18\/rheinkultur-weihnachtsgala-komplett\/\">auch bei uns<\/a>) bisher nicht gen\u00fcgend Karten verkauft werden. <strong>Die Veranstaltung wurde deshalb heute abgesagt.<\/strong><\/p>\n<p>Die Veranstalter schreiben in einer aktuellen Meldung:<\/p>\n<blockquote><p><em>Dieser Schritt ist vor allem deshalb entt\u00e4uschend, weil die RhEINKULTUR Fans zusammen mit Crew, K\u00fcnstlern und Freunden mit einem rauschenden Fest in der Beethovenhalle die Situation des Festivals quasi &#8222;\u00fcber nacht&#8220; h\u00e4tten \u00e4ndern k\u00f6nnen. Die Parameter waren Dank des tollen Supports der Stadt, des Beethovenhallengastronomen Lohmeier &amp; Deimel, der beteiligten K\u00fcnstler, der RhEINKULTUR-Crew, -Partner und -Sponsoren bestens.<\/em><\/p>\n<p><em> Allein vom Publikum kam kein Zuspruch. <\/em><\/p><\/blockquote>\n<p>Also war alles super, nur <strong>die Leute interessiert eine Benefizveranstaltung mit dem aufgestellten Lineup von <a title=\"Max Herre\" href=\"https:\/\/www.festivalhopper.de\/bands\/karten\/max-herre.php\">Max Herre<\/a>, <a title=\"Justin Sullivan &amp; Friends\" href=\"https:\/\/www.festivalhopper.de\/bands\/karten\/justin-sullivan-friends.php\">Justin Sullivan &amp; Friends<\/a>,<a title=\"Triggerfinger\" href=\"https:\/\/www.festivalhopper.de\/bands\/karten\/triggerfinger.php\"> Triggerfinger<\/a>, den <a title=\"Kilians\" href=\"https:\/\/www.festivalhopper.de\/bands\/karten\/kilians.php\">Kilians<\/a>,  <a title=\"Olli Schulz\" href=\"https:\/\/www.festivalhopper.de\/bands\/karten\/olli-schulz.php\">Olli Schulz<\/a> und weiteren K\u00fcnstlern nicht?<\/strong> Irgendwie schwer vorstellbar, dass sich keine G\u00e4ste f\u00fcr die Retter Gala im Raum K\u00f6ln \/ Bonn begeistern konnten. Aber <strong>leider sprechen die Vorverkaufszahlen wohl eine andere Sprache<\/strong> und die Absage war somit unausweichlich.<\/p>\n<p>Die bereits gekauften Tickets k\u00f6nnen an den Vorverkaufststellen, an denen sie erworben wurden, zur\u00fcckgegeben werden.<\/p>\n<p><a href=\"https:\/\/www.festivalhopper.de\/news\/wp-content\/uploads\/2010\/10\/rheinkulturk-kampagnenlogo.jpg\"><img loading=\"lazy\" decoding=\"async\" class=\"alignright size-medium wp-image-35141\" title=\"rheinkulturk-kampagnenlogo\" src=\"https:\/\/www.festivalhopper.de\/news\/wp-content\/uploads\/2010\/10\/rheinkulturk-kampagnenlogo-300x186.jpg\" alt=\"\" width=\"300\" height=\"186\" srcset=\"https:\/\/www.festivalhopper.de\/news\/wp-content\/uploads\/2010\/10\/rheinkulturk-kampagnenlogo-300x186.jpg 300w, https:\/\/www.festivalhopper.de\/news\/wp-content\/uploads\/2010\/10\/rheinkulturk-kampagnenlogo.jpg 732w\" sizes=\"auto, (max-width: 300px) 100vw, 300px\" \/><\/a>Leider bleibt damit die Zukunft der <a href=\"https:\/\/www.festivalhopper.de\/festival\/rheinkultur-2011\">RhEINKULTUR im Sommer 2011<\/a> ungewiss, denn es bleibt eine gro\u00dfe L\u00fccke in der Kasse. Diese ist wohl kaum nur mit dem Verkauf der Retter-Shirts und durch private Spenden aufzutreiben. <strong>Das RhEINKULTUR-Team gibt trotz allem nicht auf und k\u00e4mpft erst einmal  weiter<\/strong> &#8211; immerhin wurde so das bestehende Minus aus eigener Kraft schon  um ein Drittel reduziert.<\/p>\n<p>Es werden weiterhin die Rettershirts (ein hervorragendes Weihnachtsgeschenk!) angeboten und es besteht auch die M\u00f6glichkeit, im nunmehr gegr\u00fcndeten F\u00f6rderverein Mitglied zu werden.<\/p>\n<p>www.rheinkultur-festival.de\/retter\/retter-shirts.html<br \/>\nwww.rheinkultur-festival.de\/retter\/foerderverein.html<\/p>","protected":false},"excerpt":{"rendered":"<p>Heute gibt es eine traurige Nachricht aus Bonn, denn die Benefizveranstaltung zur Rettung des kostenlosen Rheinkultur Festivals wurde mangels Zuspruch vom Publikum abgesagt! Geplant war f\u00fcr den 18. Dezember 2010 &#8222;Die gro\u00dfe RhEINKULTUR RETTER Weihnachtsgala&#8220; mit acht Bands auf zwei B\u00fchnen.<\/p>\n","protected":false},"author":88,"featured_media":0,"comment_status":"open","ping_status":"open","sticky":false,"template":"","format":"standard","meta":{"footnotes":""},"categories":[2,292,27,15,28],"tags":[],"class_list":["post-36889","post","type-post","status-publish","format-standard","hentry","category-festivalnews","category-festivals-2010","category-festivals-abgesagt","category-indoor-festivals","category-umsonst-und-draussen"],"_links":{"self":[{"href":"https:\/\/www.festivalhopper.de\/news\/wp-json\/wp\/v2\/posts\/36889","targetHints":{"allow":["GET"]}}],"collection":[{"href":"https:\/\/www.festivalhopper.de\/news\/wp-json\/wp\/v2\/posts"}],"about":[{"href":"https:\/\/www.festivalhopper.de\/news\/wp-json\/wp\/v2\/types\/post"}],"author":[{"embeddable":true,"href":"https:\/\/www.festivalhopper.de\/news\/wp-json\/wp\/v2\/users\/88"}],"replies":[{"embeddable":true,"href":"https:\/\/www.festivalhopper.de\/news\/wp-json\/wp\/v2\/comments?post=36889"}],"version-history":[{"count":2,"href":"https:\/\/www.festivalhopper.de\/news\/wp-json\/wp\/v2\/posts\/36889\/revisions"}],"predecessor-version":[{"id":139696,"href":"https:\/\/www.festivalhopper.de\/news\/wp-json\/wp\/v2\/posts\/36889\/revisions\/139696"}],"wp:attachment":[{"href":"https:\/\/www.festivalhopper.de\/news\/wp-json\/wp\/v2\/media?parent=36889"}],"wp:term":[{"taxonomy":"category","embeddable":true,"href":"https:\/\/www.festivalhopper.de\/news\/wp-json\/wp\/v2\/categories?post=36889"},{"taxonomy":"post_tag","embeddable":true,"href":"https:\/\/www.festivalhopper.de\/news\/wp-json\/wp\/v2\/tags?post=36889"}],"curies":[{"name":"wp","href":"https:\/\/api.w.org\/{rel}","templated":true}]}}