{"id":34425,"date":"2010-09-22T10:26:25","date_gmt":"2010-09-22T08:26:25","guid":{"rendered":"http:\/\/www.festivalhopper.de\/news\/?p=34425"},"modified":"2010-09-23T20:23:53","modified_gmt":"2010-09-23T18:23:53","slug":"35-jahre-paleo-festival-in-einem-buch","status":"publish","type":"post","link":"https:\/\/www.festivalhopper.de\/news\/2010\/09\/22\/35-jahre-paleo-festival-in-einem-buch\/","title":{"rendered":"35 Jahre Paleo Festival in einem Buch"},"content":{"rendered":"<p><img loading=\"lazy\" decoding=\"async\" title=\"Banner Livre 35e NL 2010 DE\" src=\"https:\/\/www.2009.paleo.ch\/live\/paleo\/resources\/Newsletter\/banner_nl_livre35e_02_DE.jpg\" border=\"0\" alt=\"Banner  Livre 35e NL 2010 DE\" hspace=\"0\" vspace=\"0\" width=\"500\" height=\"194\" \/><br \/>\nAnl\u00e4sslich seiner <strong>35. Ausgabe<\/strong> gibt das  <a href=\"https:\/\/www.festivalhopper.de\/festival\/paleo-festival-2010\">Pal\u00e9o Festival Nyon<\/a> ein Buch heraus, das in Fotos und Text die  <strong>Highlights<\/strong> einer jetzt schon  <strong>emotionsreichen Geschichte<\/strong> festh\u00e4lt.<!--more--><\/p>\n<p><strong><em>La  Magie de l\u2019\u00e9ph\u00e9m\u00e8re<\/em><\/strong> ist die  Geschichte eines etwas besonderen  Festivals, das von Jahr zu  Jahr mehr  Charakter und Gr\u00f6sse gewinnt.  Eines Festivals, in dem neben der  <strong>Musik<\/strong> auch <strong>originelle, verbl\u00fcffende,  magische k\u00fcnstlerische  Installationen<\/strong> einen wichtigen Platz einnehmen.<\/p>\n<p>Das   <strong>Village du Monde<\/strong> und sein ganz  pers\u00f6nlicher Streifzug durch die Kulturen  unserer Welt,  die<strong> Compagnie  Carabosse<\/strong> und ihre <strong>bet\u00f6renden Feuergebilde<\/strong>,  die  <strong>Westschweizer  Fachhochschule<\/strong> und ihre <strong>architektonischen  Installationen<\/strong> mit dem  unverwechselbaren Design, die Ruhe und ihre  zarte Poesie \u2013 all das  sind kurzlebige und <strong>magische  Konstrukte<\/strong>, die in  diesem<strong> reich  bebilderten Werk<\/strong> wundersch\u00f6n gezeigt  werden.<\/p>\n<p>Das Buch wird im <strong>November 2010<\/strong> erscheinen <em>(in der Online-Boutique  des  Festivals im Pal\u00e9o Shop und in deiner Buchhandlung)<\/em> und <strong>200 Seiten<\/strong> stark sein, bei einem Format von <strong>22cm x 28  cm<\/strong>.<\/p>\n<blockquote><p><strong>Wer das Buch vor dem 30.09.2010 bestellt, spart:<br \/>\n<\/strong><\/p><\/blockquote>\n<p>Das <strong>Subskriptions-Sonderangebot<\/strong> gilt <strong>bis 30. September<\/strong> &#8211; zum Vorzugspreis von <strong>35CHF<\/strong> (ca.<strong>26,50\u20ac<\/strong>). Ab 01.10. wird das Buch dann  44CHF (ca.33,40\u20ac) kosten.<strong><img loading=\"lazy\" decoding=\"async\" class=\"alignright size-full wp-image-18749\" title=\"paleo 2010\" src=\"https:\/\/www.festivalhopper.de\/news\/wp-content\/uploads\/2009\/12\/paleo-2010.jpg\" alt=\"\" width=\"300\" height=\"144\" \/><\/strong><\/p>\n<p><strong>Die sch\u00f6nsten Momente<\/strong> des <a href=\"https:\/\/www.festivalhopper.de\/festival\/paleo-festival-2010\">Pal\u00e9o Festivals 2010<\/a> k\u00f6nnt ihr nochmal  mit dem  <strong>Pal\u00e9oblog<\/strong>,  den <strong>Konzertausz\u00fcgen<\/strong>, den <strong>Podcasts<\/strong> und den <strong>Foto-Galerien<\/strong> erleben!<\/p>\n<p>Weitere <strong>Pal\u00e9o Infos<\/strong> gibt es auch <a href=\"https:\/\/www.festivalhopper.de\/festival\/paleo-festival-2010\">hier<\/a> und unter <a href=\"https:\/\/yeah.paleo.ch\/fr\" target=\"_blank\" rel=\"noopener\">www.paleo.ch<\/a>.<\/p>","protected":false},"excerpt":{"rendered":"<p>Anl\u00e4sslich seiner 35. Ausgabe gibt das Pal\u00e9o Festival Nyon ein Buch heraus, das in Fotos und Text die Highlights einer jetzt schon emotionsreichen Geschichte festh\u00e4lt.<\/p>\n","protected":false},"author":45,"featured_media":0,"comment_status":"open","ping_status":"open","sticky":false,"template":"","format":"standard","meta":{"footnotes":""},"categories":[2,292,6,14],"tags":[],"class_list":["post-34425","post","type-post","status-publish","format-standard","hentry","category-festivalnews","category-festivals-2010","category-rock-festivals","category-sonstiges"],"_links":{"self":[{"href":"https:\/\/www.festivalhopper.de\/news\/wp-json\/wp\/v2\/posts\/34425","targetHints":{"allow":["GET"]}}],"collection":[{"href":"https:\/\/www.festivalhopper.de\/news\/wp-json\/wp\/v2\/posts"}],"about":[{"href":"https:\/\/www.festivalhopper.de\/news\/wp-json\/wp\/v2\/types\/post"}],"author":[{"embeddable":true,"href":"https:\/\/www.festivalhopper.de\/news\/wp-json\/wp\/v2\/users\/45"}],"replies":[{"embeddable":true,"href":"https:\/\/www.festivalhopper.de\/news\/wp-json\/wp\/v2\/comments?post=34425"}],"version-history":[{"count":5,"href":"https:\/\/www.festivalhopper.de\/news\/wp-json\/wp\/v2\/posts\/34425\/revisions"}],"predecessor-version":[{"id":140994,"href":"https:\/\/www.festivalhopper.de\/news\/wp-json\/wp\/v2\/posts\/34425\/revisions\/140994"}],"wp:attachment":[{"href":"https:\/\/www.festivalhopper.de\/news\/wp-json\/wp\/v2\/media?parent=34425"}],"wp:term":[{"taxonomy":"category","embeddable":true,"href":"https:\/\/www.festivalhopper.de\/news\/wp-json\/wp\/v2\/categories?post=34425"},{"taxonomy":"post_tag","embeddable":true,"href":"https:\/\/www.festivalhopper.de\/news\/wp-json\/wp\/v2\/tags?post=34425"}],"curies":[{"name":"wp","href":"https:\/\/api.w.org\/{rel}","templated":true}]}}