{"id":26883,"date":"2010-05-20T19:04:15","date_gmt":"2010-05-20T17:04:15","guid":{"rendered":"http:\/\/www.festivalhopper.de\/news\/?p=26883"},"modified":"2010-05-20T19:05:57","modified_gmt":"2010-05-20T17:05:57","slug":"eichstaett-feiert-open-air-am-berg","status":"publish","type":"post","link":"https:\/\/www.festivalhopper.de\/news\/2010\/05\/20\/eichstaett-feiert-open-air-am-berg\/","title":{"rendered":"Eichst\u00e4tt feiert Open Air am Berg"},"content":{"rendered":"<p><em><a href=\"https:\/\/www.festivalhopper.de\/news\/wp-content\/uploads\/2009\/10\/open-air-am-berg.png\"><img loading=\"lazy\" decoding=\"async\" class=\"alignnone size-full wp-image-16222\" title=\"open-air-am-berg\" src=\"https:\/\/www.festivalhopper.de\/news\/wp-content\/uploads\/2009\/10\/open-air-am-berg.png\" alt=\"\" width=\"499\" height=\"71\" srcset=\"https:\/\/www.festivalhopper.de\/news\/wp-content\/uploads\/2009\/10\/open-air-am-berg.png 499w, https:\/\/www.festivalhopper.de\/news\/wp-content\/uploads\/2009\/10\/open-air-am-berg-300x42.png 300w\" sizes=\"auto, (max-width: 499px) 100vw, 499px\" \/><\/a><br \/>\n<\/em><\/p>\n<p>Wie jedes Jahr beginnt zu <a href=\"https:\/\/www.festivalhopper.de\/festivals-pfingsten.php\">Pfingsten die Festivalsaison<\/a> so richtig&#8230; Schon <strong>am Freitag, den 21.5. p\u00fcnktlich um 15.45Uhr startet das <a href=\"https:\/\/www.festivalhopper.de\/festival\/open-air-am-berg-2010\">Openair am Berg 2010<\/a> in Eichst\u00e4tt<\/strong> mit der Neumarkter Band <a href=\"https:\/\/www.festivalhopper.de\/bands\/karten\/eskalation.php\">eSKAlation<\/a>. Die Aufbauarbeiten f\u00fcr das Festivals sind schon in vollem Gange und bis zum Start haben die Mitglieder und Helfer des Joke e.V. noch einige arbeitsreiche Tage vor sich.<\/p>\n<p><!--more-->\u00dcber das Programm des Open Air in Eichst\u00e4tt hatten wir schon ausf\u00fchrlich berichtet und weitere neue Bands gibt es eigentlich nicht zu vermelden. Im Lineup tummeln sich eingige <strong>Lokalmatadoren wie die Eichst\u00e4tter Irish-Folk Band <a href=\"https:\/\/www.festivalhopper.de\/bands\/karten\/tir-nan-og.php\">Tir Nan Og<\/a> und die Reggae-Combo von <a href=\"https:\/\/www.festivalhopper.de\/bands\/karten\/las-gschmarras.php\">Las Gschmarras<\/a><\/strong>. F\u00fcr das Gesamtbild des Festivals aber sicherlich noch etwas wichtiger sind die <strong>internationalen G\u00e4ste auf der B\u00fchne<\/strong>&#8230; am Freitag z.B. die Far\u00f6er Folk-Metal Band <a href=\"https:\/\/www.festivalhopper.de\/bands\/karten\/tyr.php\">Tyr<\/a> gefolgt von den <a href=\"https:\/\/www.festivalhopper.de\/news\/2010\/02\/04\/open-air-am-berg-mit-kreator\/\">Trash-Metalern<\/a> von <a href=\"https:\/\/www.festivalhopper.de\/bands\/karten\/kreator.php\">Kreator<\/a>. Wem vom Headbangen noch der Nacken schmerzt, kann sich danach bei den <a href=\"https:\/\/www.festivalhopper.de\/bands\/karten\/irie-revoltes.php\">Iri\u00e9 R\u00e9voltes<\/a> mit ihrem gesellschaftskritischem Ska-Punk &#8222;ausruhen&#8220; oder mit den Spaniern von <a href=\"https:\/\/www.festivalhopper.de\/bands\/karten\/trashtucada.php\">Trashtucada<\/a> rocken.<\/p>\n<p><a href=\"https:\/\/www.festivalhopper.de\/news\/wp-content\/uploads\/2010\/04\/Irie-Revoltes.jpg\"><img loading=\"lazy\" decoding=\"async\" class=\"alignnone size-thumbnail wp-image-26167\" title=\"Irie-Revoltes\" src=\"https:\/\/www.festivalhopper.de\/news\/wp-content\/uploads\/2010\/04\/Irie-Revoltes-150x150.jpg\" alt=\"\" width=\"150\" height=\"150\" srcset=\"https:\/\/www.festivalhopper.de\/news\/wp-content\/uploads\/2010\/04\/Irie-Revoltes-150x150.jpg 150w, https:\/\/www.festivalhopper.de\/news\/wp-content\/uploads\/2010\/04\/Irie-Revoltes-300x298.jpg 300w, https:\/\/www.festivalhopper.de\/news\/wp-content\/uploads\/2010\/04\/Irie-Revoltes.jpg 579w\" sizes=\"auto, (max-width: 150px) 100vw, 150px\" \/><\/a> <a href=\"https:\/\/www.festivalhopper.de\/news\/wp-content\/uploads\/2010\/02\/Kreator-bigpic203-1.jpg\"><img loading=\"lazy\" decoding=\"async\" class=\"alignnone size-thumbnail wp-image-21742\" title=\"Kreator\" src=\"https:\/\/www.festivalhopper.de\/news\/wp-content\/uploads\/2010\/02\/Kreator-bigpic203-1-150x150.jpg\" alt=\"\" width=\"150\" height=\"150\" \/><\/a> <a href=\"https:\/\/www.festivalhopper.de\/news\/wp-content\/uploads\/2009\/05\/mononikitaman-web.jpg\"><img loading=\"lazy\" decoding=\"async\" class=\"alignnone size-thumbnail wp-image-7898\" title=\"mononikitaman-web\" src=\"https:\/\/www.festivalhopper.de\/news\/wp-content\/uploads\/2009\/05\/mononikitaman-web-150x150.jpg\" alt=\"\" width=\"150\" height=\"150\" \/><\/a><\/p>\n<p>Am Samstag gibt es dann zum Fr\u00fchst\u00fcck <a href=\"https:\/\/www.festivalhopper.de\/bands\/karten\/gorilla-rodeo.php\">Gorilla Rodeo<\/a>! Am sp\u00e4ten Nachmittag bieten die Italiener von Figli di Madre Ignota selbst ernannten \u201eSpaghetti-Balkan-Rock\u201c an. Danach werden wieder viele Genres bedient, wenn <a href=\"https:\/\/www.festivalhopper.de\/bands\/karten\/jamaram.php\">Jamaram<\/a> ihren Reggae-Funk-Mix loslegen, <a href=\"https:\/\/www.festivalhopper.de\/bands\/karten\/equilibrium.php\">Equilibrim<\/a> wieder die Metalglocken l\u00e4uten oder der <a href=\"https:\/\/www.festivalhopper.de\/news\/2009\/12\/08\/open-air-am-berg-mit-neuen-bands\/\">schwungvolle Abschluss<\/a> des Festivals von <a href=\"https:\/\/www.festivalhopper.de\/bands\/karten\/mono-nikitaman.php\">Mono &amp; Nikitaman<\/a>, <a href=\"https:\/\/www.festivalhopper.de\/bands\/karten\/the-locos.php\">The Locos<\/a> um S\u00e4nger Pipi von Ska-P und der franz\u00f6sischen Band <a href=\"https:\/\/www.festivalhopper.de\/bands\/karten\/los-tres-puntos.php\">Los Tres Puntos<\/a> gestaltet werden.<\/p>\n<p>Hier nochmal der genaue Zeitplan f\u00fcrs <a href=\"https:\/\/www.festivalhopper.de\/news\/2009\/10\/13\/open-air-am-berg-2010-die-planung-ist-angelaufen\/\">Open Air am Berg<\/a>:<\/p>\n<p><strong>Freitag 21.05.2010<\/strong><br \/>\n15.45 Uhr \u2013 16.30 Uhr  \teSKAlation<br \/>\n16.55 Uhr &#8211;  17.40 Uhr\tTir Nan Og<br \/>\n18.10 Uhr \u2013 19.00 Uhr\tChefdenker<br \/>\n19.30 Uhr &#8211; 20.45 Uhr\tTyr<br \/>\n21. 15Uhr &#8211; 22.45 Uhr\t<strong>Kreator<\/strong><br \/>\n23.15 Uhr \u2013 00.45 Uhr   \t<strong>Irie Revoltes<\/strong><br \/>\n01.15 Uhr \u2013 03.00 Uhr\tTrashtucada<\/p>\n<p><strong>Samstag 22.5.2010<\/strong><br \/>\n10.30 Uhr \u2013 11.15 Uhr \tGorilla Rodeo!<br \/>\n11.45 Uhr \u2013 12.30 Uhr\tLas Gschmarras<br \/>\n13.00 Uhr \u2013 13.45 Uhr\tJOC Crew<br \/>\n14.15 Uhr \u2013 15.15 Uhr\tKid Galahad<br \/>\n15.45 Uhr \u2013 17.00 Uhr\tFigli Di Madre Ignota<br \/>\n17.30 Uhr \u2013 19.00 Uhr\tJamaram<br \/>\n19.30 Uhr \u2013 20.45 Uhr\tEquilibrium<br \/>\n21.15 Uhr \u2013 22.45 Uhr\t<strong>Mono &amp; Nikitaman<\/strong><br \/>\n23.15 Uhr \u2013 00.45 Uhr\t<strong>The Locos<\/strong><br \/>\n01.15 Uhr \u2013 02.45 Uhr\tLos Tres Puntos<\/p>\n<p>Mit Zelten, Tipis und Feuerstellen ist das Festival auch bei nasskaltem Wetter gut ger\u00fcstet.<\/p>\n<p>Alle Informationen rund um Camping- und Parkregelungen, M\u00fcllpfand und den Bus-Shuttle gibt es auf der Festivalhomepage: <a href=\"http:\/\/www.openairamberg.de\">www.openairamberg.de<\/a><\/p>","protected":false},"excerpt":{"rendered":"<p>Wie jedes Jahr beginnt zu Pfingsten die Festivalsaison so richtig&#8230; Schon am Freitag, den 21.5. p\u00fcnktlich um 15.45Uhr startet das Openair am Berg 2010 in Eichst\u00e4tt mit der Neumarkter Band eSKAlation. Die Aufbauarbeiten f\u00fcr das Festivals sind schon in vollem Gange und bis zum Start haben die Mitglieder und Helfer des Joke e.V. noch einige [&hellip;]<\/p>\n","protected":false},"author":1,"featured_media":0,"comment_status":"open","ping_status":"open","sticky":false,"template":"","format":"standard","meta":{"footnotes":""},"categories":[2,292,137,6,384],"tags":[],"class_list":["post-26883","post","type-post","status-publish","format-standard","hentry","category-festivalnews","category-festivals-2010","category-kleines-festival","category-rock-festivals","category-zeitplan-online"],"_links":{"self":[{"href":"https:\/\/www.festivalhopper.de\/news\/wp-json\/wp\/v2\/posts\/26883","targetHints":{"allow":["GET"]}}],"collection":[{"href":"https:\/\/www.festivalhopper.de\/news\/wp-json\/wp\/v2\/posts"}],"about":[{"href":"https:\/\/www.festivalhopper.de\/news\/wp-json\/wp\/v2\/types\/post"}],"author":[{"embeddable":true,"href":"https:\/\/www.festivalhopper.de\/news\/wp-json\/wp\/v2\/users\/1"}],"replies":[{"embeddable":true,"href":"https:\/\/www.festivalhopper.de\/news\/wp-json\/wp\/v2\/comments?post=26883"}],"version-history":[{"count":1,"href":"https:\/\/www.festivalhopper.de\/news\/wp-json\/wp\/v2\/posts\/26883\/revisions"}],"predecessor-version":[{"id":141593,"href":"https:\/\/www.festivalhopper.de\/news\/wp-json\/wp\/v2\/posts\/26883\/revisions\/141593"}],"wp:attachment":[{"href":"https:\/\/www.festivalhopper.de\/news\/wp-json\/wp\/v2\/media?parent=26883"}],"wp:term":[{"taxonomy":"category","embeddable":true,"href":"https:\/\/www.festivalhopper.de\/news\/wp-json\/wp\/v2\/categories?post=26883"},{"taxonomy":"post_tag","embeddable":true,"href":"https:\/\/www.festivalhopper.de\/news\/wp-json\/wp\/v2\/tags?post=26883"}],"curies":[{"name":"wp","href":"https:\/\/api.w.org\/{rel}","templated":true}]}}