{"id":21194,"date":"2010-01-25T19:49:55","date_gmt":"2010-01-25T18:49:55","guid":{"rendered":"http:\/\/www.festivalhopper.de\/news\/?p=21194"},"modified":"2010-01-25T19:49:55","modified_gmt":"2010-01-25T18:49:55","slug":"ich-ich-beim-sigmaringen-open-air","status":"publish","type":"post","link":"https:\/\/www.festivalhopper.de\/news\/2010\/01\/25\/ich-ich-beim-sigmaringen-open-air\/","title":{"rendered":"Ich &#038; Ich beim Sigmaringen Open Air"},"content":{"rendered":"<p><a href=\"https:\/\/www.festivalhopper.de\/news\/wp-content\/uploads\/2010\/01\/Ich+Ich_Bild_06_2009_universalmusic_presse.jpg\"><img loading=\"lazy\" decoding=\"async\" class=\"alignleft size-medium wp-image-21314\" title=\"Ich+Ich universalmusic_presse\" src=\"https:\/\/www.festivalhopper.de\/news\/wp-content\/uploads\/2010\/01\/Ich+Ich_Bild_06_2009_universalmusic_presse-300x225.jpg\" alt=\"Ich+Ich universalmusic_presse\" width=\"300\" height=\"225\" srcset=\"https:\/\/www.festivalhopper.de\/news\/wp-content\/uploads\/2010\/01\/Ich+Ich_Bild_06_2009_universalmusic_presse-300x225.jpg 300w, https:\/\/www.festivalhopper.de\/news\/wp-content\/uploads\/2010\/01\/Ich+Ich_Bild_06_2009_universalmusic_presse.jpg 1024w\" sizes=\"auto, (max-width: 300px) 100vw, 300px\" \/><\/a>Nach dem gro\u00dfen Erfolg im letzen Jahr wird es 2010 eine Neuauflage des <a href=\"https:\/\/www.festivalhopper.de\/festival\/sigmaringen-open-air\">Open Airs in Sigmaringen<\/a> geben. Der Termin wurde etwas vorgezogen und somit gibt es das <strong><a href=\"https:\/\/www.festivalhopper.de\/festival\/sigmaringen-open-air-2010\">Sigmaringen Open Air 2010<\/a> schon am 21. und 22. Mai 2010<\/strong>. Mit <a href=\"https:\/\/www.festivalhopper.de\/bands\/karten\/ich-ich.php\">ICH + ICH<\/a> kommt am 22. Mai 2010 eine der <em>erfolgreichsten Popformationen Deutschlands<\/em> in die Donaustadt!<\/p>\n<p><!--more-->Mit der Dreifach-Eins, Platz 1 der Singlecharts, Platz 1 der Albumcharts und Platz 1 der Airplaytrendcharts im R\u00fccken setzen <strong>Ich + Ich<\/strong> ihren Siegeszug jetzt fort: Diesen Samstag, den 23.1. waren Adel Tawil &amp; Band bei &#8222;Wetten dass&#8230;?&#8220; in Friedrichshafen zu Gast und haben ihre neue Single \u201e<em>Einer von Zweien<\/em>\u201c vorgestellt.<\/p>\n<p><img loading=\"lazy\" decoding=\"async\" class=\"alignright size-full wp-image-21315\" title=\"Ich und Ich Foto_von_Olaf_Heine\" src=\"https:\/\/www.festivalhopper.de\/news\/wp-content\/uploads\/2010\/01\/Ich-und-Ich-Foto_von_Olaf_Heine.jpg\" alt=\"Ich und Ich Foto_von_Olaf_Heine\" width=\"250\" height=\"300\" \/>Im Rahmen der Konzerttour &#8222;Gute Reise&#8220; kommen die sympathischen Musiker auch zum Sigmaringer Open Air und werden am Pfingstwochenende (genauer am Samstag, den 22. Mai)\u00a0 alle ihre Hits und viele neue Songs zum Besten geben.<\/p>\n<p><strong>Sigmaringen Open Air mit ICH + ICH<\/strong><br \/>\nSamstag, den 22. Mai 2010<br \/>\nSigmaringen, Festplatz<\/p>\n<p><strong>Karten gibt es zum Preis von 39,40 Euro<\/strong> an allen bekannten Vorverkaufsstellen und nat\u00fcrlich auch <a href=\"https:\/\/www.festivalhopper.de\/tickets-bestellen\/sigmaringen-open-air.html\">hier direkt bei uns<\/a>.<\/p>\n<p>Bis zum Festival wird vermutlich wie im letzten Jahr noch ein weiterer Act f\u00fcr den Freitag Abend best\u00e4tigt. Organisiert und durchgef\u00fchrt wird das Open Air <span style=\"color: black;\">am 21. und <\/span><span style=\"color: black;\">22. Mai 2010<\/span><span style=\"color: black;\"> erneut von dem Konzertveranstalter KOKO &amp; DTK Entertainment mit der freundlichen Unterst\u00fctzung der Landesbank Kreissparkasse und der Stadt Sigmaringen.<\/span><\/p>\n<p><span style=\"color: black;\">Weiter Infos unter <a href=\"http:\/\/www.sigmaringen.de\">www.sigmaringen.de<\/a> und <a href=\"http:\/\/www.koko.de\">www.koko.de<\/a><\/span><\/p>","protected":false},"excerpt":{"rendered":"<p>Nach dem gro\u00dfen Erfolg im letzen Jahr wird es 2010 eine Neuauflage des Open Airs in Sigmaringen geben. Der Termin wurde etwas vorgezogen und somit gibt es das Sigmaringen Open Air 2010 schon am 21. und 22. Mai 2010. Mit ICH + ICH kommt am 22. Mai 2010 eine der erfolgreichsten Popformationen Deutschlands in die [&hellip;]<\/p>\n","protected":false},"author":1,"featured_media":0,"comment_status":"open","ping_status":"open","sticky":false,"template":"","format":"standard","meta":{"footnotes":""},"categories":[2,292,10,24,6,20],"tags":[],"class_list":["post-21194","post","type-post","status-publish","format-standard","hentry","category-festivalnews","category-festivals-2010","category-konzerttipps","category-neue-bands","category-rock-festivals","category-tickets-kaufen"],"_links":{"self":[{"href":"https:\/\/www.festivalhopper.de\/news\/wp-json\/wp\/v2\/posts\/21194","targetHints":{"allow":["GET"]}}],"collection":[{"href":"https:\/\/www.festivalhopper.de\/news\/wp-json\/wp\/v2\/posts"}],"about":[{"href":"https:\/\/www.festivalhopper.de\/news\/wp-json\/wp\/v2\/types\/post"}],"author":[{"embeddable":true,"href":"https:\/\/www.festivalhopper.de\/news\/wp-json\/wp\/v2\/users\/1"}],"replies":[{"embeddable":true,"href":"https:\/\/www.festivalhopper.de\/news\/wp-json\/wp\/v2\/comments?post=21194"}],"version-history":[{"count":0,"href":"https:\/\/www.festivalhopper.de\/news\/wp-json\/wp\/v2\/posts\/21194\/revisions"}],"wp:attachment":[{"href":"https:\/\/www.festivalhopper.de\/news\/wp-json\/wp\/v2\/media?parent=21194"}],"wp:term":[{"taxonomy":"category","embeddable":true,"href":"https:\/\/www.festivalhopper.de\/news\/wp-json\/wp\/v2\/categories?post=21194"},{"taxonomy":"post_tag","embeddable":true,"href":"https:\/\/www.festivalhopper.de\/news\/wp-json\/wp\/v2\/tags?post=21194"}],"curies":[{"name":"wp","href":"https:\/\/api.w.org\/{rel}","templated":true}]}}