{"id":20075,"date":"2009-12-18T14:08:16","date_gmt":"2009-12-18T13:08:16","guid":{"rendered":"http:\/\/www.festivalhopper.de\/news\/?p=20075"},"modified":"2010-02-12T11:17:48","modified_gmt":"2010-02-12T10:17:48","slug":"green-day-open-air-termine-2010","status":"publish","type":"post","link":"https:\/\/www.festivalhopper.de\/news\/2009\/12\/18\/green-day-open-air-termine-2010\/","title":{"rendered":"Green Day Open Air Termine 2010"},"content":{"rendered":"<p><img loading=\"lazy\" decoding=\"async\" class=\"alignleft size-full wp-image-20076\" title=\"green day open air 2010\" src=\"https:\/\/www.festivalhopper.de\/news\/wp-content\/uploads\/2009\/12\/green-day-open-air-2010.jpg\" alt=\"green day open air 2010\" width=\"300\" height=\"230\" \/>Die <strong>amerikanische Punk-Rock-Band<\/strong> geh\u00f6rte zu den <a href=\"https:\/\/www.festivalhopper.de\/news\/2009\/11\/30\/rock-am-ring-wunschmusik-geruechtekueche\/\">drei meistgew\u00fcnschen Bands f\u00fcr Rock am Ring<\/a> unter den Besuchern von Festivalhopper. Leider wurde vom Veranstalter MLK ja schon ein <strong>Auftritt von <a href=\"https:\/\/www.festivalhopper.de\/bands\/karten\/green-day.php\">Green Day<\/a> bei Ring und Park f\u00fcr 2010 ausgeschlossen<\/strong>.<\/p>\n<p>Aber nach der <strong>Best\u00e4tigung f\u00fcrs <a href=\"https:\/\/www.festivalhopper.de\/news\/2009\/12\/16\/nova-rock-drei-grosse-neue-bands\">Nova Rock gestern<\/a><\/strong> und <strong>beim <a href=\"https:\/\/www.festivalhopper.de\/news\/2009\/12\/10\/rammstein-pearl-jam-u-a-beim-werchter-2010\">belgischen Rock Werchter<\/a> letzte Woche<\/strong>, gibt es nun auch <strong>f\u00fcr Deutschland 2 Open Air Termine<\/strong>!<\/p>\n<h4>Green Day Open Air Konzerte 2010<\/h4>\n<p><a href=\"https:\/\/www.festivalhopper.de\/news\/wp-content\/uploads\/2009\/11\/green-day-presse-2009.jpg\"><img loading=\"lazy\" decoding=\"async\" class=\"alignright size-medium wp-image-18331\" title=\"green day presse 2009\" src=\"https:\/\/www.festivalhopper.de\/news\/wp-content\/uploads\/2009\/11\/green-day-presse-2009-300x200.jpg\" alt=\"green day presse 2009\" width=\"300\" height=\"200\" srcset=\"https:\/\/www.festivalhopper.de\/news\/wp-content\/uploads\/2009\/11\/green-day-presse-2009-300x200.jpg 300w, https:\/\/www.festivalhopper.de\/news\/wp-content\/uploads\/2009\/11\/green-day-presse-2009.jpg 1000w\" sizes=\"auto, (max-width: 300px) 100vw, 300px\" \/><\/a>Wer also f\u00fcr Green Day nicht extra nach \u00d6sterreich oder Belgien reisen m\u00f6chte, der kann <strong>einen der beiden deutschen Termine f\u00fcr 2010<\/strong> nutzen. Am <strong>11. Juni 2010<\/strong> spielen Green Day in M\u00fcnchen im Reitstadion Riem und am <strong>1. Juli 2010<\/strong> dann in Mainz im Messepark.<\/p>\n<p>Bei beiden Veranstaltungen handelt es sich im <strong>Open Air Konzerte von Green Day inklusive &#8222;very special guests&#8220;<\/strong> &#8211; also quasi ein Mini-Festival extra f\u00fcr Green Day Fans (\u00e4hnlich den <a href=\"https:\/\/www.festivalhopper.de\/news\/2009\/12\/14\/acdc-tickets-vorbestellen\/\">AC\/DC Open Airs n\u00e4chsten Sommer in Stuttgart und Dresden<\/a>). Wer sich seine <strong>Green Day Tickets<\/strong> noch f\u00fcr Weihnachten sichern m\u00f6chte, der schaut in unseren Eventim Ticketshop wo man die s\u00fc\u00dfen Dinger ab heute f\u00fcr rund 56Euro erwerben kann.<\/p>\n<p>Also <strong>Green Day Open Air Termine 2010<\/strong> in Deutschland:<\/p>\n<blockquote><p><strong>11. Juni 2010 &#8211; M\u00fcnchen<\/strong> &#8211; <a href=\"https:\/\/www.festivalhopper.de\/festival\/karten-kaufen.php?id=379468$837725\">Tickets kaufen<\/a><br \/>\n<strong>01. Juli 2010 &#8211; Mainz<\/strong> &#8211; <a href=\"https:\/\/www.festivalhopper.de\/festival\/karten-kaufen.php?id=379468$837870\">Tickets kaufen<\/a><\/p><\/blockquote>\n<p>Viel Spa\u00df bei den exklusiven Deutschland <strong>Konzerten von Green Day im n\u00e4chsten Sommer<\/strong> w\u00fcnschen schon jetzt eure Festivalhopper.<\/p>\n<p><em>UPDATE 12.2.2010<\/em>:<br \/>\n<strong>Zusatztermin in der TUI Arena in Hannover am 30. Mai 2010.<\/strong> Tickets bald im VVK<\/p>","protected":false},"excerpt":{"rendered":"<p>Die amerikanische Punk-Rock-Band geh\u00f6rte zu den drei meistgew\u00fcnschen Bands f\u00fcr Rock am Ring unter den Besuchern von Festivalhopper. Leider wurde vom Veranstalter MLK ja schon ein Auftritt von Green Day bei Ring und Park f\u00fcr 2010 ausgeschlossen. Aber nach der Best\u00e4tigung f\u00fcrs Nova Rock gestern und beim belgischen Rock Werchter letzte Woche, gibt es nun [&hellip;]<\/p>\n","protected":false},"author":1,"featured_media":0,"comment_status":"open","ping_status":"open","sticky":false,"template":"","format":"standard","meta":{"footnotes":""},"categories":[2,292,40,10,8,6,20],"tags":[],"class_list":["post-20075","post","type-post","status-publish","format-standard","hentry","category-festivalnews","category-festivals-2010","category-festivals-in-europa","category-konzerttipps","category-neues-festival","category-rock-festivals","category-tickets-kaufen"],"_links":{"self":[{"href":"https:\/\/www.festivalhopper.de\/news\/wp-json\/wp\/v2\/posts\/20075","targetHints":{"allow":["GET"]}}],"collection":[{"href":"https:\/\/www.festivalhopper.de\/news\/wp-json\/wp\/v2\/posts"}],"about":[{"href":"https:\/\/www.festivalhopper.de\/news\/wp-json\/wp\/v2\/types\/post"}],"author":[{"embeddable":true,"href":"https:\/\/www.festivalhopper.de\/news\/wp-json\/wp\/v2\/users\/1"}],"replies":[{"embeddable":true,"href":"https:\/\/www.festivalhopper.de\/news\/wp-json\/wp\/v2\/comments?post=20075"}],"version-history":[{"count":0,"href":"https:\/\/www.festivalhopper.de\/news\/wp-json\/wp\/v2\/posts\/20075\/revisions"}],"wp:attachment":[{"href":"https:\/\/www.festivalhopper.de\/news\/wp-json\/wp\/v2\/media?parent=20075"}],"wp:term":[{"taxonomy":"category","embeddable":true,"href":"https:\/\/www.festivalhopper.de\/news\/wp-json\/wp\/v2\/categories?post=20075"},{"taxonomy":"post_tag","embeddable":true,"href":"https:\/\/www.festivalhopper.de\/news\/wp-json\/wp\/v2\/tags?post=20075"}],"curies":[{"name":"wp","href":"https:\/\/api.w.org\/{rel}","templated":true}]}}