{"id":19118,"date":"2009-12-10T21:12:21","date_gmt":"2009-12-10T20:12:21","guid":{"rendered":"http:\/\/www.festivalhopper.de\/news\/?p=19118"},"modified":"2012-11-22T13:37:17","modified_gmt":"2012-11-22T12:37:17","slug":"rammstein-pearl-jam-u-a-beim-werchter-2010","status":"publish","type":"post","link":"https:\/\/www.festivalhopper.de\/news\/2009\/12\/10\/rammstein-pearl-jam-u-a-beim-werchter-2010\/","title":{"rendered":"Rammstein, Pearl Jam u.a. beim Werchter 2010"},"content":{"rendered":"<p><a href=\"https:\/\/www.festivalhopper.de\/news\/wp-content\/uploads\/2009\/12\/Rammstein_2009_02_credit_Paul_Brown_1-1.jpg\"><img loading=\"lazy\" decoding=\"async\" class=\"alignleft size-medium wp-image-19461\" title=\"Rammstein_2009_02_credit_Paul_Brown_1-1\" src=\"https:\/\/www.festivalhopper.de\/news\/wp-content\/uploads\/2009\/12\/Rammstein_2009_02_credit_Paul_Brown_1-1-300x200.jpg\" alt=\"Rammstein_2009_02_credit_Paul_Brown_1-1\" width=\"300\" height=\"200\" srcset=\"https:\/\/www.festivalhopper.de\/news\/wp-content\/uploads\/2009\/12\/Rammstein_2009_02_credit_Paul_Brown_1-1-300x200.jpg 300w, https:\/\/www.festivalhopper.de\/news\/wp-content\/uploads\/2009\/12\/Rammstein_2009_02_credit_Paul_Brown_1-1.jpg 900w\" sizes=\"auto, (max-width: 300px) 100vw, 300px\" \/><\/a><strong>Headliner<\/strong> hagelt es dieser Tage auch beim vom <strong>01.-04. Juli 2010<\/strong> stattfindenden <a title=\"Rock Werchter 2010\" href=\"\/festival\/rock-werchter-2010\">Rock Werchter<\/a>:<\/p>\n<p>F\u00fcr das gr\u00f6\u00dfte Festival <a title=\"Festivals in Belgien\" href=\"\/festivals\/international\/belgien\">Belgiens<\/a> wurden heute <a title=\"Rammstein\" href=\"\/bands\/karten\/rammstein.php\">Rammstein<\/a>, gestern <a title=\"Pink\" href=\"\/bands\/karten\/pink.php\">P!nk<\/a>, vorgestern <a title=\"Muse\" href=\"\/bands\/karten\/muse.php\">Muse<\/a> und am Montag <a title=\"Pearl Jam\" href=\"\/bands\/karten\/pearl-jam.php\">Pearl Jam<\/a> best\u00e4tigt! Da dr\u00e4ngt sich doch die Frage auf was uns morgen auf dem Newstablett der Belgier erwartet.<\/p>\n<p><!--more--><\/p>\n<p>Mit <a title=\"Pearl Jam\" href=\"\/bands\/karten\/pearl-jam.php\">Pearl Jam<\/a> startete Montag die Headlinerbest\u00e4tigungswelle f\u00fcrs <a title=\"Rock Werchter 2010\" href=\"\/festival\/rock-werchter-2010\">Werchter 2010<\/a>. Rock wie er sein soll: <em><strong>&#8222;Straight-forward, animated and sincere.&#8220;<\/strong><\/em> &#8211; so ist die Musik der US-Rockband zu beschreiben. Ausserdem z\u00e4hlen sie zu den besten Livebands der Welt. Das dieses Jahr erschienene neue Album <strong>&#8222;Backspacer&#8220;<\/strong> ist eine 36-Minuten Bombe: Nicht nur eine Note zu viel, <strong>w\u00fctend und packend<\/strong>.  <a title=\"Pearl Jam\" href=\"\/bands\/karten\/pearl-jam.php\">Pearl Jam<\/a> ist n\u00e4chstes Jahr auf Tour, \u00fcber die <a href=\"https:\/\/www.festivalhopper.de\/news\/2009\/12\/09\/pearl-jam-2010-auf-europa-festival-tour\/\">Pearl Jam Tourdates berichteten wir bereits<\/a>.<\/p>\n<p><a title=\"Muse\" href=\"\/bands\/karten\/muse.php\">Muse<\/a> hatte in den letzten zehn Jahren gro\u00dfen Einfluss auf das Erscheinungsbild und den Sound des <a title=\"Rock Werchter 2010\" href=\"\/festival\/rock-werchter-2010\">Rock Werchter<\/a>. <em><strong>&#8222;The love is huge and mutual.&#8220;, <\/strong><\/em>so die Veranstalter. Ihr aktuelles Album<strong> &#8222;The Resistance&#8220;<\/strong> schaffte es <strong>in 19 L\u00e4ndern auf Platz 1 der Charts.<\/strong> Frontmann <strong>Matthew Bellamy<\/strong> zog seine Inspiration aus klassischen Komponisten wie <strong>Chopin<\/strong> und <strong>Rachmaninow<\/strong> und von Rock-Klassikern wie <strong>Pink Floyd<\/strong> und <strong>Queen<\/strong>.<\/p>\n<p><a title=\"Pink\" href=\"\/bands\/karten\/pink.php\">P!nk<\/a> &#8211;<strong><em> &#8222;LEADING LADY FOR LEADING FESTIVAL&#8220; <\/em><\/strong>&#8211; so headlinen die Veranstalter die Best\u00e4tigung der &#8222;starken Frau&#8220; <a title=\"Pink\" href=\"\/bands\/karten\/pink.php\">Pink<\/a>. <strong><em>&#8222;She is \u201cMiss Rock &#8217;n\u2019 Roll of Pop Music\u201d. Even George W. Bush knows that.&#8220;<\/em><\/strong> heisst es in der Best\u00e4tigungs-Laudatio der Veranstalter weiter. Ihre aktuelle <strong>Funhouse Tour<\/strong> begann am 26. Februar 2009 im belgischen<strong> Antwerpen<\/strong>. Im November 2009 -zur\u00fcck in Belgien- trat sie im ausverkauften <strong>Sportpaleis<\/strong> auf. Obwohl sie nur <strong>f\u00fcnf Alben<\/strong> ver\u00f6ffentlicht hat, hat sie rund <strong>30 Millionen <\/strong>Scheiben verkauft. Musikalisch ist sie kaum festzulegen: Songs von <strong>AC \/ DC<\/strong>, <strong>Janis Joplin<\/strong> oder<strong> Led Zeppelin<\/strong> sind \u00fcberhaupt kein Problem. Das Leben kann so sch\u00f6n sein, wenn man es durch die rosa Brille sieht.<\/p>\n<p>Zur heutigen Best\u00e4tigung &#8211; <a title=\"Rammstein\" href=\"\/bands\/karten\/rammstein.php\">Rammstein<\/a> &#8211; braucht man dieser Tage nicht mehr viele Worte zu verlieren. Der vermutlich weltweit bekannteste musikalische Exportschlager Deutschlands ist n\u00e4chstes Jahr mit dem neu erschienenen Album <strong>&#8222;Liebe Ist F\u00fcr Alle Da&#8220;<\/strong> auf gro\u00dfer Tour. In den Amerikanischen Charts startete die Platte auf Platz 13. Seit 2005 haben <a title=\"Rammstein\" href=\"\/bands\/karten\/rammstein.php\">Rammstein<\/a> \u00fcber <strong>10 Millionen Alben weltweit<\/strong> verkauft. Mit <a title=\"Rammstein\" href=\"\/bands\/karten\/rammstein.php\">Rammstein<\/a> d\u00fcrfte der Run auf die Werchter Tickets nun so richtig losknallen: Die Karten f\u00fcr das <strong>Rammsteinkonzert<\/strong> im <strong>belgischen Sportpaleis<\/strong> im Dezember 2009 war <strong>nach etwa einer halben Stunde ausverkauft!<\/strong><\/p>\n<p><a title=\"Pearl Jam\" href=\"\/bands\/karten\/pearl-jam.php\">Pearl Jam<\/a> werden am Sonntag, <a title=\"Pink\" href=\"\/bands\/karten\/pink.php\">P!nk<\/a> und <a title=\"Rammstein\" href=\"\/bands\/karten\/rammstein.php\">Rammstein<\/a> am Samstag und <a title=\"Muse\" href=\"\/bands\/karten\/muse.php\">Muse<\/a> am Donnerstag auf der <strong>Main Stage<\/strong> des vom <strong>01.-04. 07.2010<\/strong> stattfindenden <a title=\"Rock Werchter 2010\" href=\"\/festival\/rock-werchter-2010\">Rock Werchters<\/a> stehen.<\/p>\n<p><strong>UPDATE 11.12. &#8211; GREEN DAY best\u00e4tigt<\/strong><\/p>\n<blockquote><p>&#8222;Die erste Runde an Best\u00e4tigungen f\u00fcrs Rock Werchter wird w\u00fcrdig abgeschlossen mit der Bekanntgabe des Freitagsheadliners <a href=\"https:\/\/www.festivalhopper.de\/bands\/karten\/green-day.php\">GREEN DAY<\/a>.&#8220;<\/p><\/blockquote>\n<p><strong>Rock Werchter Festivaltickets<\/strong> wird es <strong>ab Samstag den 12.12.2009<\/strong>, <strong>ab 9Uhr<\/strong> zu kaufen geben. Der  <strong>4-Tagespass<\/strong> wird <strong>180\u20ac<\/strong>, die <strong>Tagestickets je 76\u20ac<\/strong> kosten. Der Campingplatz kostet <strong>18\u20ac<\/strong> extra. Die <strong>Festivaltickets sind g\u00fcltig als Fahrkarten f\u00fcr die belgische Bahn<\/strong>: Man kann von jedem beliebigen belgischen Ort zum Festival und wiederzur\u00fcck fahren. Weitere Ticketinfos hier.<\/p>\n<p>Weitere Details zum <a title=\"Rock Werchter 2010\" href=\"\/festival\/rock-werchter-2010\">Rock Werchter 2010 gibts hier<\/a> und unter <a href=\"http:\/\/www.rockwerchter.be\/\" target=\"_blank\" rel=\"noopener\">www.rockwerchter.be<\/a>.<\/p>","protected":false},"excerpt":{"rendered":"<p>Headliner hagelt es dieser Tage auch beim vom 01.-04. Juli 2010 stattfindenden Rock Werchter: F\u00fcr das gr\u00f6\u00dfte Festival Belgiens wurden heute Rammstein, gestern P!nk, vorgestern Muse und am Montag Pearl Jam best\u00e4tigt! Da dr\u00e4ngt sich doch die Frage auf was uns morgen auf dem Newstablett der Belgier erwartet.<\/p>\n","protected":false},"author":45,"featured_media":0,"comment_status":"open","ping_status":"open","sticky":false,"template":"","format":"standard","meta":{"footnotes":""},"categories":[39,2,292,40,24,6,20],"tags":[],"class_list":["post-19118","post","type-post","status-publish","format-standard","hentry","category-belgien","category-festivalnews","category-festivals-2010","category-festivals-in-europa","category-neue-bands","category-rock-festivals","category-tickets-kaufen"],"_links":{"self":[{"href":"https:\/\/www.festivalhopper.de\/news\/wp-json\/wp\/v2\/posts\/19118","targetHints":{"allow":["GET"]}}],"collection":[{"href":"https:\/\/www.festivalhopper.de\/news\/wp-json\/wp\/v2\/posts"}],"about":[{"href":"https:\/\/www.festivalhopper.de\/news\/wp-json\/wp\/v2\/types\/post"}],"author":[{"embeddable":true,"href":"https:\/\/www.festivalhopper.de\/news\/wp-json\/wp\/v2\/users\/45"}],"replies":[{"embeddable":true,"href":"https:\/\/www.festivalhopper.de\/news\/wp-json\/wp\/v2\/comments?post=19118"}],"version-history":[{"count":1,"href":"https:\/\/www.festivalhopper.de\/news\/wp-json\/wp\/v2\/posts\/19118\/revisions"}],"predecessor-version":[{"id":139607,"href":"https:\/\/www.festivalhopper.de\/news\/wp-json\/wp\/v2\/posts\/19118\/revisions\/139607"}],"wp:attachment":[{"href":"https:\/\/www.festivalhopper.de\/news\/wp-json\/wp\/v2\/media?parent=19118"}],"wp:term":[{"taxonomy":"category","embeddable":true,"href":"https:\/\/www.festivalhopper.de\/news\/wp-json\/wp\/v2\/categories?post=19118"},{"taxonomy":"post_tag","embeddable":true,"href":"https:\/\/www.festivalhopper.de\/news\/wp-json\/wp\/v2\/tags?post=19118"}],"curies":[{"name":"wp","href":"https:\/\/api.w.org\/{rel}","templated":true}]}}