{"id":1676,"date":"2008-07-06T17:52:55","date_gmt":"2008-07-06T15:52:55","guid":{"rendered":"http:\/\/www.festivalhopper.de\/news\/?p=1676"},"modified":"2008-07-22T15:44:56","modified_gmt":"2008-07-22T13:44:56","slug":"paleo-festival-verkauft-couleur-bresil","status":"publish","type":"post","link":"https:\/\/www.festivalhopper.de\/news\/2008\/07\/06\/paleo-festival-verkauft-couleur-bresil\/","title":{"rendered":"Paleo Festival verkauft Couleur Br\u00e9sil"},"content":{"rendered":"<p><a href='https:\/\/www.festivalhopper.de\/news\/wp-content\/uploads\/2008\/07\/cover_cd_brasil-paleo-2008.jpg'><img loading=\"lazy\" decoding=\"async\" src=\"https:\/\/www.festivalhopper.de\/news\/wp-content\/uploads\/2008\/07\/cover_cd_brasil-paleo-2008-150x150.jpg\" alt=\"Paleo CD Couleur Bresil\" title=\"cover_cd_brasil-paleo-2008\" width=\"150\" height=\"150\" class=\"alignleft size-thumbnail wp-image-1677\" srcset=\"https:\/\/www.festivalhopper.de\/news\/wp-content\/uploads\/2008\/07\/cover_cd_brasil-paleo-2008-150x150.jpg 150w, https:\/\/www.festivalhopper.de\/news\/wp-content\/uploads\/2008\/07\/cover_cd_brasil-paleo-2008.jpg 250w\" sizes=\"auto, (max-width: 150px) 100vw, 150px\" \/><\/a><strong>\u201cCouleur Br\u00e9sil\u201d, die CD Village du Monde 2008, ist im Verkauf!<\/strong><\/p>\n<p>\u201eCouleur Br\u00e9sil\u201c heisst die von <a href=\"https:\/\/www.festivalhopper.de\/festival\/paleo-festival-2008\">Pal\u00e9o Festival Nyon<\/a> (22. bis 27. Juli 2008) zusammengestellte CD zu Ehren des diesj\u00e4hrigen Village du Monde, das eine bunte Mischung von Brasiliens vielf\u00e4ltigen musikalischen Richtungen anbietet. Melodien mit afrikanischen, amazonischen, afroamerikanischen und europ\u00e4ischen Kl\u00e4ngen sind auf dieser Kompilation zu finden. Eine wahre Fundgrube!<\/p>\n<p>Wie in jedem Jahr wird im Vorfeld des<a href=\"https:\/\/www.festivalhopper.de\/news\/2008\/04\/16\/das-echte-paleo-programm\/\"> Paleo Festival<\/a>s eine CD unter einem besonderen Motto zusammengestellt, dass einen besonderen Musikstil pr\u00e4sentieren soll, der dann auch auf dem Festival vertreten ist. Aktuell ist die CD zum Preis von CHF 25.- bei <a href=\"https:\/\/yeah.paleo.ch\/fr\">www.paleo.ch<\/a> und im Pal\u00e9o Shop zu erhalten und wird ab dem 7. Juli auch ganz normal bei Ihrem Plattenh\u00e4ndler erh\u00e4ltlich sein.<\/p>\n<p><strong>Die Paleo Ticketb\u00f6rse:<\/strong><br \/>\nDas <a href=\"https:\/\/www.festivalhopper.de\/news\/2008\/05\/06\/paleo-festival-fast-ausverkauft\/\">Paleo Festival ist ausverkauft<\/a>, aber bei der Ticketb\u00f6rse des Festivals gibt es noch Tickets zu vern\u00fcnftigen Preisen. Die Ticketb\u00f6rse ist derzeit leider nur in Franz\u00f6sisch verf\u00fcgbar. Wer noch Tickets bekommen m\u00f6chte, der sollte sich schnellstm\u00f6glich in der Ticketb\u00f6rse eintragen!<\/p>\n<p><strong>Programm\u00e4nderung<\/strong>:<br \/>\nYoung Knives ersetzen The Wombats<\/p>","protected":false},"excerpt":{"rendered":"<p>\u201cCouleur Br\u00e9sil\u201d, die CD Village du Monde 2008, ist im Verkauf! \u201eCouleur Br\u00e9sil\u201c heisst die von Pal\u00e9o Festival Nyon (22. bis 27. Juli 2008) zusammengestellte CD zu Ehren des diesj\u00e4hrigen Village du Monde, das eine bunte Mischung von Brasiliens vielf\u00e4ltigen musikalischen Richtungen anbietet. Melodien mit afrikanischen, amazonischen, afroamerikanischen und europ\u00e4ischen Kl\u00e4ngen sind auf dieser Kompilation [&hellip;]<\/p>\n","protected":false},"author":1,"featured_media":0,"comment_status":"open","ping_status":"open","sticky":false,"template":"","format":"standard","meta":{"footnotes":""},"categories":[32,2,15,24,6,21,14],"tags":[],"class_list":["post-1676","post","type-post","status-publish","format-standard","hentry","category-bands-abgesagt","category-festivalnews","category-indoor-festivals","category-neue-bands","category-rock-festivals","category-schweiz","category-sonstiges"],"_links":{"self":[{"href":"https:\/\/www.festivalhopper.de\/news\/wp-json\/wp\/v2\/posts\/1676","targetHints":{"allow":["GET"]}}],"collection":[{"href":"https:\/\/www.festivalhopper.de\/news\/wp-json\/wp\/v2\/posts"}],"about":[{"href":"https:\/\/www.festivalhopper.de\/news\/wp-json\/wp\/v2\/types\/post"}],"author":[{"embeddable":true,"href":"https:\/\/www.festivalhopper.de\/news\/wp-json\/wp\/v2\/users\/1"}],"replies":[{"embeddable":true,"href":"https:\/\/www.festivalhopper.de\/news\/wp-json\/wp\/v2\/comments?post=1676"}],"version-history":[{"count":2,"href":"https:\/\/www.festivalhopper.de\/news\/wp-json\/wp\/v2\/posts\/1676\/revisions"}],"predecessor-version":[{"id":143176,"href":"https:\/\/www.festivalhopper.de\/news\/wp-json\/wp\/v2\/posts\/1676\/revisions\/143176"}],"wp:attachment":[{"href":"https:\/\/www.festivalhopper.de\/news\/wp-json\/wp\/v2\/media?parent=1676"}],"wp:term":[{"taxonomy":"category","embeddable":true,"href":"https:\/\/www.festivalhopper.de\/news\/wp-json\/wp\/v2\/categories?post=1676"},{"taxonomy":"post_tag","embeddable":true,"href":"https:\/\/www.festivalhopper.de\/news\/wp-json\/wp\/v2\/tags?post=1676"}],"curies":[{"name":"wp","href":"https:\/\/api.w.org\/{rel}","templated":true}]}}