{"id":15134,"date":"2009-09-07T17:05:36","date_gmt":"2009-09-07T15:05:36","guid":{"rendered":"http:\/\/www.festivalhopper.de\/news\/?p=15134"},"modified":"2009-09-07T17:08:14","modified_gmt":"2009-09-07T15:08:14","slug":"zeltfestival-ruhr-2009-ein-rueckblick","status":"publish","type":"post","link":"https:\/\/www.festivalhopper.de\/news\/2009\/09\/07\/zeltfestival-ruhr-2009-ein-rueckblick\/","title":{"rendered":"Zeltfestival Ruhr 2009 &#8211; R\u00fcckblicke"},"content":{"rendered":"<p><a href=\"https:\/\/www.festivalhopper.de\/news\/wp-content\/uploads\/2009\/09\/ZFRLuft.jpg\"><img loading=\"lazy\" decoding=\"async\" class=\"alignleft size-medium wp-image-15133\" title=\"ZFRLuft\" src=\"https:\/\/www.festivalhopper.de\/news\/wp-content\/uploads\/2009\/09\/ZFRLuft-300x200.jpg\" alt=\"ZFRLuft\" width=\"300\" height=\"200\" srcset=\"https:\/\/www.festivalhopper.de\/news\/wp-content\/uploads\/2009\/09\/ZFRLuft-300x200.jpg 300w, https:\/\/www.festivalhopper.de\/news\/wp-content\/uploads\/2009\/09\/ZFRLuft.jpg 750w\" sizes=\"auto, (max-width: 300px) 100vw, 300px\" \/><\/a>Nach <strong>17 sonnenreichen Tagen<\/strong> ist das <a href=\"https:\/\/www.festivalhopper.de\/festival\/zeltfestival-ruhr-2009\">Zeltfestival Ruhr<\/a> erfolgreich zu Ende gegangen.<\/p>\n<p>Am Sonntagabend \u00f6ffneten sich f\u00fcr das <a href=\"https:\/\/www.festivalhopper.de\/festival\/zeltfestival-ruhr-2009\">Zeltfestival Ruhr 2009<\/a> zum letzten Mal die Zelte am <strong>Kemnader See<\/strong>! Die positiven Prognosen der Veranstalter gingen auf: weit <strong>\u00fcber 35.000 Zuschauer<\/strong> waren bei den Konzerten und Gastspielen vom <strong>21.08. \u2013 06.09.2009<\/strong> in den grossen Zirkuszelten zu Besuch.<\/p>\n<p><!--more--><\/p>\n<blockquote><p><em><strong>&#8222;Was f\u00fcr eine tolle Zeltstadt! Was f\u00fcr eine gro\u00dfartige Crew! Alles Gute f\u00fcr&#8217;s Festival&#8230;!&#8220;,<\/strong><\/em><\/p><\/blockquote>\n<p>lobt <a title=\"Stefan Gwildis\" href=\"\/bands\/karten\/stefan-gwildis.php\">Stefan Gwildis<\/a> das Festival. Seinen Auftritt hatte er gleich zu Beginn am 21.August.<\/p>\n<blockquote><p><em>&#8222;Wir haben 17 Tage lang eine hervorragende Zeit am See verbracht. Das <strong>gro\u00dfartige Feedback<\/strong> der Leute zeigt uns, dass das <a href=\"https:\/\/www.festivalhopper.de\/festival\/zeltfestival-ruhr-2009\">Zeltfestival Ruhr<\/a> aus dem sp\u00e4tsommerlichen Terminkalender unserer G\u00e4ste schon nach der zweiten Ausgabe nicht mehr wegzudenken ist. Diesem Wunsch werden wir mit Freude nachkommen.&#8220;,<\/em><\/p><\/blockquote>\n<p>so das Fazit von <strong>Bj\u00f6rn Gralla<\/strong> (Initiative ZFR). Schon in der n\u00e4chsten Woche wolle man deshalb mit den Vorbereitungen f\u00fcr das <strong>ZFR 2010<\/strong> beginnen. Das Datum f\u00fcr das n\u00e4chste Jahr soll in den n\u00e4chsten Wochen festgelegt werden.<\/p>\n<blockquote><p><em><strong>&#8222;Unsere Heimat, unsere Liebe, in den Farben ZFR&#8230;Tofte!&#8220;<\/strong><\/em>,<\/p><\/blockquote>\n<p>so <a title=\"Frank Goosen\" href=\"\/bands\/karten\/frank-goosen.php\">Frank Goosen<\/a>, der nach seinem Gastspiel <em>&#8222;Heimat, Fussball, Rockmusik&#8220;<\/em> am 30.August den Publikumspreis erhielt <em>(wir berichteten: <a href=\"https:\/\/www.festivalhopper.de\/news\/2009\/08\/31\/bergfest-beim-zeltfestival-ruhr\/\">Bergfest beim Zeltfestival Ruhr<\/a>)<\/em>.<\/p>\n<blockquote>\n<blockquote><p><em><strong>&#8222;Thank you f\u00fcr einen wundersch\u00f6nen, unforgetable Abend \u2013 Ihr seid klasse!&#8220;<\/strong><\/em> &#8211; <a title=\"Gayle Tufts\" href=\"\/bands\/karten\/gayle-tufts.php\">Gayle Tufts<\/a><\/p><\/blockquote>\n<\/blockquote>\n<p>Die Highlights des Festivals mit Bands und K\u00fcnstlern wie <a title=\"Amy MacDonald\" href=\"\/bands\/karten\/amy-macdonald.php\">Amy MacDonald<\/a>, <a title=\"Annett Louisan\" href=\"\/bands\/karten\/annett-louisan.php\">Annett Louisan<\/a>, <a title=\"Frank Goosen\" href=\"\/bands\/karten\/frank-goosen.php\">Frank Goosen<\/a>, <a title=\"G\u00f6tz Alsmann\" href=\"\/bands\/karten\/goetz-alsmann.php\">G\u00f6tz Alsmann<\/a>, <a title=\"Max Raabe &amp; Palastorchester\" href=\"\/bands\/karten\/max-raabe-palastorchester.php\">Max Raabe &amp; Palastorchester<\/a>, <a title=\"Silbermond\" href=\"\/bands\/karten\/silbermond.php\">Silbermond<\/a>, <a title=\"Gerburg Jahnke\" href=\"\/bands\/karten\/gerburg-jahnke.php\">Frau Jahnke<\/a>, <a title=\"Patricia Kaas\" href=\"\/bands\/karten\/patricia-kaas.php\">Patricia Kaas<\/a> oder <a title=\"Selig\" href=\"\/bands\/karten\/selig.php\">Selig<\/a> sind besonders hervorzuheben und waren zumeist restlos ausverkauft.<\/p>\n<blockquote><p><em><strong>&#8222;Es war ein Fest!&#8220;<\/strong><\/em> &#8211; <a title=\"Gerburg Jahnke\" href=\"\/bands\/karten\/gerburg-jahnke.php\">Gerburg Jahnke<\/a><\/p><\/blockquote>\n<p>Die bautzener Band <a title=\"Silbermond\" href=\"\/bands\/karten\/silbermond.php\">Silbermond<\/a> wird ihren Auftritt beim <a href=\"\/festival\/zeltfestival-ruhr-2009\">ZFR 2009<\/a> selbst jedenfalls auch nicht so schnell vergessen:<\/p>\n<blockquote><p><em><strong>&#8222;Zwei St\u00e4dte in einem Zelt! Danke f\u00fcr das hei\u00dfeste Konzert f\u00fcr uns in 2009!&#8220; &#8211; <\/strong><\/em><a title=\"Silbermond\" href=\"\/bands\/karten\/silbermond.php\">Silbermond<\/a><\/p><\/blockquote>\n<p>Aber auch gerade die vielen kleineren Veranstaltungen sorgten f\u00fcr die gewollte Vielf\u00e4ltigkeit im Programm und wurden ebenfalls vom Publikum ohne Ausnahme sehr gut angenommen.<\/p>\n<blockquote><p><strong><em>&#8222;Thanks for a beautiful evening \u2013 Love!&#8220;<\/em><\/strong> &#8211; <a title=\"Heather Nova\" href=\"\/bands\/karten\/heather-nova.php\">Heather Nova<\/a><\/p><\/blockquote>\n<p>W\u00e4hrend der Zeit des Festivals kamen <strong>\u00fcber 100.000 Interessierte<\/strong> aus den umliegenden St\u00e4dten um auf dem ZFR Areal zu flanieren und die <strong>Atmosph\u00e4re der einzigartigen Zeltstadt<\/strong> zu genie\u00dfen. Das breit gef\u00e4cherte Piazza-Programm und das reichhaltige Angebot in der grossen Gastronomiemeile und der wundersch\u00f6ne Kunsthandwerkermarkt sorgten auch hier f\u00fcr genug Abwechslung und Kurzweil.<\/p>\n<blockquote><p><em>&#8222;Das deutlich gr\u00f6\u00dfere Angebot an Gastronomie war nicht nur attraktiv f\u00fcr unsere G\u00e4ste, sondern auch sehr notwendig, da wir Dank der tollen Nachfrage richtig gut zu tun hatten. Im zweiten Jahr sind wir offensichtlich auch als <strong>kulinarisches Konzept<\/strong> bei den Menschen in der Region voll angekommen.&#8220;<\/em><\/p><\/blockquote>\n<p>so <strong>Lukas R\u00fcger<\/strong> (Initiative ZFR). N\u00e4chstes Jahr (2010) ist das Ruhrgebiet <strong>Kulturhauptstadt Europas<\/strong> \u2013 das <strong>Zeltfestival Bochum<\/strong> ist bestens ger\u00fcstet und wird im Sommer an den <strong>Kemnader See<\/strong> zur\u00fcckkehren.<\/p>\n<blockquote><p><em>&#8222;Nun liegt zwar noch der Abbau der kleinen Zeltstadt vor dem Team, aber es ist der beste Zeitpunkt einmal innezuhalten und <strong>&#8222;Danke&#8220;<\/strong> zu sagen. Nat\u00fcrlich den K\u00fcnstlern und dem Publikum, ausdr\u00fccklich den Partnern, (Sparkasse Bochum, den Stadtwerken  Bochum und der Privatbrauerei Moritz Fiege) \u2013 aber auch &#8230; unserem unerm\u00fcdlichen Team hinter den Kulissen f\u00fcr einen <strong>100% Einsatz von fr\u00fch morgens bis sp\u00e4t nachts<\/strong>&#8222;<\/em><\/p><\/blockquote>\n<p>so fasst es <strong>Heri Reip\u00f6ler<\/strong> f\u00fcr die drei Initiatoren zusammen. Die Bands und K\u00fcnstler bedanken sich ihrerseits:<\/p>\n<blockquote><p><em><strong><\/strong><strong>&#8222;L\u00e4nger als die Nachbarn erlauben und zauberhaft \u2013 1000 Dank f\u00fcr den Abend&#8220;<\/strong><\/em> &#8211; Hagen Rether<\/p><\/blockquote>\n<blockquote><p><em><strong>&#8222;Mit herzlichem Dank!&#8220;<\/strong><\/em> &#8211; <a title=\"Max Raabe &amp; Palastorchester\" href=\"\/bands\/karten\/max-raabe-palastorchester.php\">Max Raabe<\/a> und das Palast Orchester<\/p><\/blockquote>\n<blockquote><p><em><strong>&#8222;Das beschde Team in Bochum\/Witten \u2013 subbaaaa! Danke!&#8220;<\/strong><\/em> &#8211; B\u00fclent Ceylan<\/p><\/blockquote>\n<blockquote><p><em><strong>&#8222;Was f\u00fcr ein sch\u00f6nes Festival! Well done!&#8220;<\/strong><\/em> &#8211; Michael Gantenberg<\/p><\/blockquote>\n<blockquote><p><em><strong>&#8222;Normalerweise spricht alles f\u00fcr uns \u2013 jedoch in diesem Fall spricht alles f\u00fcr Euch!  Chic &amp; sch\u00f6n Danke!&#8220;<\/strong><\/em> &#8211; Das Vollplaybacktheater<\/p><\/blockquote>\n<blockquote><p><em><strong>&#8222;Liebes Team, danke f\u00fcr alles!&#8220;<\/strong><\/em> &#8211; <a title=\"Johann K\u00f6nig\" href=\"\/bands\/karten\/johann-koenig.php\">Johann K\u00f6nig<\/a><\/p><\/blockquote>\n<blockquote><p><em><strong>&#8222;Danke, es war wundervoll!&#8220;<\/strong><\/em> &#8211; <a title=\"Jochen Malmsheimer\" href=\"\/bands\/karten\/jochen-malmsheimer.php\">Jochen Malmsheimer<\/a><\/p><\/blockquote>\n<blockquote><p><strong><em>&#8222;My 1st headling Gig in Germany! Dank sch\u00f6n!&#8220;<\/em><\/strong> &#8211; <a title=\"Milow\" href=\"\/bands\/karten\/milow.php\">Milow<\/a><\/p><\/blockquote>\n<blockquote><p><em><strong>&#8222;Plein de bisous \u2013 merci und danke!&#8220;<\/strong><\/em> &#8211; <a title=\"Patricia Kaas\" href=\"\/bands\/karten\/patricia-kaas.php\">Patricia Kaas<\/a><\/p><\/blockquote>\n<blockquote><p><em><strong>&#8222;Herrlich \u2013 und dann dieser Mond! Danke &amp; weiterhin the best!&#8220;<\/strong><\/em> &#8211; Georgette Dee<\/p><\/blockquote>\n<blockquote><p><strong><em>&#8222;Das hat gro\u00dfen Spass gemacht! Danke ans ZFR!&#8220; <\/em><\/strong> &#8211; A Tribute To Quentin Tarantino (Schauspielhaus Bo)<\/p><\/blockquote>\n<blockquote><p><em><strong>&#8222;Etwas herbstlich schon das Wetter, aber der Rest sonnig und spassig!&#8220;<\/strong><\/em> &#8211; <a title=\"Piet Klocke\" href=\"\/bands\/karten\/piet-klocke.php\">Piet Klocke<\/a><\/p><\/blockquote>\n<blockquote><p><em><strong>&#8222;Thank you for having us&#8230;the catering was amazing!!&#8220;<\/strong><\/em> &#8211; <a title=\"Amy MacDonald\" href=\"\/bands\/karten\/amy-macdonald.php\">Amy MacDonald<\/a><\/p><\/blockquote>\n<blockquote><p><em><strong>&#8222;Ich danke Euch von Herzen f\u00fcr die Unterst\u00fctzung! Rock on!&#8220;<\/strong><\/em> &#8211; Der Graf\/ <a title=\"Unheilig\" href=\"\/bands\/karten\/unheilig.php\">Unheilig<\/a><\/p><\/blockquote>\n<p>Die Zeichen stehen also rundum bestens, so dass wir uns auf ein <strong>tolles Zeltfestival Ruhr 2010<\/strong> freuen k\u00f6nnen! Hier nocheinmal die Links zum Bericht <em><a href=\"https:\/\/www.festivalhopper.de\/news\/2009\/08\/31\/bergfest-beim-zeltfestival-ruhr\/\">&#8222;Bergfest beim Zeltfestival Ruhr 2009&#8220;<\/a><\/em>, zu unserer <em><a href=\"https:\/\/www.festivalhopper.de\/festival\/zeltfestival-ruhr-2009\">ZFR Infoseite 2009<\/a><\/em> und nat\u00fcrlich zur <em><a href=\"https:\/\/www.zeltfestivalruhr.de\/\" target=\"_blank\" rel=\"noopener\">Homepage des Zeltfestival Ruhr<\/a><\/em>.<\/p>","protected":false},"excerpt":{"rendered":"<p>Nach 17 sonnenreichen Tagen ist das Zeltfestival Ruhr erfolgreich zu Ende gegangen. Am Sonntagabend \u00f6ffneten sich f\u00fcr das Zeltfestival Ruhr 2009 zum letzten Mal die Zelte am Kemnader See! Die positiven Prognosen der Veranstalter gingen auf: weit \u00fcber 35.000 Zuschauer waren bei den Konzerten und Gastspielen vom 21.08. \u2013 06.09.2009 in den grossen Zirkuszelten zu [&hellip;]<\/p>\n","protected":false},"author":45,"featured_media":0,"comment_status":"open","ping_status":"open","sticky":false,"template":"","format":"standard","meta":{"footnotes":""},"categories":[35,2,131,40,284,42,247,6,133],"tags":[],"class_list":["post-15134","post","type-post","status-publish","format-standard","hentry","category-festivalberichte","category-festivalnews","category-festivals-2009","category-festivals-in-europa","category-folk-festivals","category-indie-festivals","category-kleinkunst","category-rock-festivals","category-zeltfestivals"],"_links":{"self":[{"href":"https:\/\/www.festivalhopper.de\/news\/wp-json\/wp\/v2\/posts\/15134","targetHints":{"allow":["GET"]}}],"collection":[{"href":"https:\/\/www.festivalhopper.de\/news\/wp-json\/wp\/v2\/posts"}],"about":[{"href":"https:\/\/www.festivalhopper.de\/news\/wp-json\/wp\/v2\/types\/post"}],"author":[{"embeddable":true,"href":"https:\/\/www.festivalhopper.de\/news\/wp-json\/wp\/v2\/users\/45"}],"replies":[{"embeddable":true,"href":"https:\/\/www.festivalhopper.de\/news\/wp-json\/wp\/v2\/comments?post=15134"}],"version-history":[{"count":1,"href":"https:\/\/www.festivalhopper.de\/news\/wp-json\/wp\/v2\/posts\/15134\/revisions"}],"predecessor-version":[{"id":142452,"href":"https:\/\/www.festivalhopper.de\/news\/wp-json\/wp\/v2\/posts\/15134\/revisions\/142452"}],"wp:attachment":[{"href":"https:\/\/www.festivalhopper.de\/news\/wp-json\/wp\/v2\/media?parent=15134"}],"wp:term":[{"taxonomy":"category","embeddable":true,"href":"https:\/\/www.festivalhopper.de\/news\/wp-json\/wp\/v2\/categories?post=15134"},{"taxonomy":"post_tag","embeddable":true,"href":"https:\/\/www.festivalhopper.de\/news\/wp-json\/wp\/v2\/tags?post=15134"}],"curies":[{"name":"wp","href":"https:\/\/api.w.org\/{rel}","templated":true}]}}