{"id":14732,"date":"2009-08-31T17:45:59","date_gmt":"2009-08-31T15:45:59","guid":{"rendered":"http:\/\/www.festivalhopper.de\/news\/?p=14732"},"modified":"2009-08-31T17:45:59","modified_gmt":"2009-08-31T15:45:59","slug":"bergfest-beim-zeltfestival-ruhr","status":"publish","type":"post","link":"https:\/\/www.festivalhopper.de\/news\/2009\/08\/31\/bergfest-beim-zeltfestival-ruhr\/","title":{"rendered":"Bergfest beim Zeltfestival Ruhr 2009"},"content":{"rendered":"<p><a href=\"https:\/\/www.festivalhopper.de\/news\/wp-content\/uploads\/2009\/08\/Atmo-2009.jpg\"><img loading=\"lazy\" decoding=\"async\" class=\"alignleft size-medium wp-image-14733\" title=\"Zeltfestival Ruhr Atmo 2009 - Foto: Lutz Leitmann\/Stadt Bochum, Presseamt\" src=\"https:\/\/www.festivalhopper.de\/news\/wp-content\/uploads\/2009\/08\/Atmo-2009-300x199.jpg\" alt=\"Zeltfestival Ruhr Atmo 2009 - Foto: Lutz Leitmann\/Stadt Bochum, Presseamt\" width=\"300\" height=\"199\" srcset=\"https:\/\/www.festivalhopper.de\/news\/wp-content\/uploads\/2009\/08\/Atmo-2009-300x199.jpg 300w, https:\/\/www.festivalhopper.de\/news\/wp-content\/uploads\/2009\/08\/Atmo-2009.jpg 500w\" sizes=\"auto, (max-width: 300px) 100vw, 300px\" \/><\/a>Ausverkaufte Shows u.a. von <a title=\"Silbermond\" href=\"\/bands\/karten\/silbermond.php\">Silbermond<\/a>, <a title=\"G\u00f6tz Alsmann\" href=\"\/bands\/karten\/goetz-alsmann.php\">G\u00f6tz Alsmann<\/a> und <a title=\"Selig\" href=\"\/bands\/karten\/selig.php\">Selig<\/a> f\u00fchrten bereits in den ersten Tagen zu einem <strong>Rekordergebnis<\/strong> in der jungen Geschichte des neuen Festivalformates inmitten des Ruhrgebietes.<\/p>\n<p>Bei <strong>strahlendem Sonnenschein<\/strong> feierte das <strong>17-t\u00e4gige<\/strong> <a href=\"https:\/\/www.festivalhopper.de\/festival\/zeltfestival-ruhr-2009\">Zeltfestival Ruhr<\/a> <strong>Bergfest<\/strong>!<!--more--><\/p>\n<p>Die Gastspiele in den kommenden Tagen von <a title=\"Amy MacDonald\" href=\"\/bands\/karten\/amy-macdonald.php\">Amy MacDonald<\/a>, <a title=\"Ritter Rost\" href=\"\/bands\/karten\/ritter-rost.php\">Ritter Rost<\/a>, <a title=\"Gerburg Jahnke\" href=\"\/bands\/karten\/gerburg-jahnke.php\">Gerburg Jahnke<\/a> sowie die <strong>WDR 2 Hausparty<\/strong> sind auch bereits im Vorfeld ausverkauft. <em><strong>F\u00fcr Frau Jahnke gibt es wieder Tickets &#8211; die Veranstaltung wurde in das gro\u00dfe Zelt verlegt!<\/strong><\/em><\/p>\n<p><a href=\"https:\/\/www.festivalhopper.de\/news\/wp-content\/uploads\/2009\/08\/ZFR-Zelt1-9752.jpg\"><img loading=\"lazy\" decoding=\"async\" class=\"alignnone size-medium wp-image-14744\" title=\"ZFR Zelt1\" src=\"https:\/\/www.festivalhopper.de\/news\/wp-content\/uploads\/2009\/08\/ZFR-Zelt1-9752-300x199.jpg\" alt=\"ZFR Zelt1\" width=\"219\" height=\"145\" srcset=\"https:\/\/www.festivalhopper.de\/news\/wp-content\/uploads\/2009\/08\/ZFR-Zelt1-9752-300x199.jpg 300w, https:\/\/www.festivalhopper.de\/news\/wp-content\/uploads\/2009\/08\/ZFR-Zelt1-9752.jpg 800w\" sizes=\"auto, (max-width: 219px) 100vw, 219px\" \/><\/a> <a href=\"https:\/\/www.festivalhopper.de\/news\/wp-content\/uploads\/2009\/08\/7948_zfr2008_krone.jpg\"><img loading=\"lazy\" decoding=\"async\" class=\"alignnone size-medium wp-image-14745\" title=\"7948_zfr2008_krone\" src=\"https:\/\/www.festivalhopper.de\/news\/wp-content\/uploads\/2009\/08\/7948_zfr2008_krone-200x300.jpg\" alt=\"7948_zfr2008_krone\" width=\"97\" height=\"145\" srcset=\"https:\/\/www.festivalhopper.de\/news\/wp-content\/uploads\/2009\/08\/7948_zfr2008_krone-200x300.jpg 200w, https:\/\/www.festivalhopper.de\/news\/wp-content\/uploads\/2009\/08\/7948_zfr2008_krone-683x1024.jpg 683w, https:\/\/www.festivalhopper.de\/news\/wp-content\/uploads\/2009\/08\/7948_zfr2008_krone.jpg 1880w\" sizes=\"auto, (max-width: 97px) 100vw, 97px\" \/><\/a> <a href=\"https:\/\/www.festivalhopper.de\/news\/wp-content\/uploads\/2009\/08\/2181_zfr_2008_fahnen.jpg\"><img loading=\"lazy\" decoding=\"async\" class=\"alignnone size-medium wp-image-14746\" title=\"2181_zfr_2008_fahnen\" src=\"https:\/\/www.festivalhopper.de\/news\/wp-content\/uploads\/2009\/08\/2181_zfr_2008_fahnen-300x199.jpg\" alt=\"2181_zfr_2008_fahnen\" width=\"223\" height=\"147\" srcset=\"https:\/\/www.festivalhopper.de\/news\/wp-content\/uploads\/2009\/08\/2181_zfr_2008_fahnen-300x199.jpg 300w, https:\/\/www.festivalhopper.de\/news\/wp-content\/uploads\/2009\/08\/2181_zfr_2008_fahnen-1024x681.jpg 1024w\" sizes=\"auto, (max-width: 223px) 100vw, 223px\" \/><\/a><\/p>\n<p>Insgesamt erwarten die Veranstalter zirka <strong>35.000 Besucher<\/strong> zu den <strong>40 Gastspielen<\/strong>. Auf der weitl\u00e4ufigen Gastronomiemeile mit der kleinen Piazza B\u00fchne und dem internationalen Kunsthandwerkermarkt erfreuten sich in der ersten H\u00e4lfte des Events bereits <strong>50.000 Besucher<\/strong>.<\/p>\n<blockquote><p><em><strong>\u201cEine Steigerung der Ticketverk\u00e4ufe um nahezu 100% im Vergleich zum Vorjahr beweisen eindrucksvoll, dass wir mit dem ZFR auf dem richtigen Weg sind und unser Publikum den Dreiklang von Kultur, Gastronomie und Kunsthandwerk in der eindrucksvollen Kulisse von \u00fcber 60 Zelten zu sch\u00e4tzen wei\u00df. Wir hoffen, da\u00df der Wettergott auch in der zweiten Festivalh\u00e4lfte weiterhin mitspielt und uns allen einen \u201cindian summer\u201d beschert.\u201d<\/strong><\/em>, so Bj\u00f6rn Gralla (Initiative ZFR).<\/p><\/blockquote>\n<p><a href=\"https:\/\/www.festivalhopper.de\/news\/wp-content\/uploads\/2009\/08\/image.jpg\"><img loading=\"lazy\" decoding=\"async\" class=\"alignright size-medium wp-image-14736\" title=\"Publikumspreis an Frank Goosen\" src=\"https:\/\/www.festivalhopper.de\/news\/wp-content\/uploads\/2009\/08\/image-300x200.jpg\" alt=\"image\" width=\"264\" height=\"175\" srcset=\"https:\/\/www.festivalhopper.de\/news\/wp-content\/uploads\/2009\/08\/image-300x200.jpg 300w, https:\/\/www.festivalhopper.de\/news\/wp-content\/uploads\/2009\/08\/image.jpg 600w\" sizes=\"auto, (max-width: 264px) 100vw, 264px\" \/><\/a><\/p>\n<p><a title=\"Frank Goosen\" href=\"\/bands\/karten\/frank-goosen.php\">Frank Goosen<\/a>, der beliebte Schriftsteller und Kabarettist erhielt gestern Abend nach seinem Gastspiel einen \u201c<strong>Publikumspreis<\/strong>\u201d. Nachdem die Zuschauer h\u00f6chst am\u00fcsiert dem exklusiven Programm zu \u201c<strong>Heimat, Fussball, Rockmusik<\/strong>\u201d \u00fcber zweieinhalb Stunden gefolgt waren, wurden sie selbst Teil des Geschehens.<\/p>\n<p><strong>Heri Reip\u00f6ler<\/strong> betrat gemeinsam mit seinen Veranstaltungspartnern <strong>Lukas R\u00fcger<\/strong> und <strong>Bj\u00f6rn Gralla<\/strong> die B\u00fchne und \u00fcbergab den Pokal an <strong>VFL Fan Frank Goosen<\/strong> mit den Worten: <em><strong>\u201cWir dachten nicht, dass Frank Goosen seine ph\u00e4nomenale Show aus dem vergangenen Jahr mit gut 1000 Besuchern noch toppen k\u00f6nnte. Gerne geben wir zu, dass wir uns geirrt haben \u2013 wir haben durchgez\u00e4hlt, es sind 1848 Besucher &#8211; \u201anur damit es jeder weiss\u2019&#8230;\u201c<\/strong><\/em> und spielte damit auf das Gr\u00fcndungsjahr des <strong>VFL Bochum<\/strong> an.<\/p>\n<p>F\u00fcr erlebnisreiche Veranstaltungen sorgten bisher auch <a title=\"Annett Louisan\" href=\"\/bands\/karten\/annett-louisan.php\">Annett Louisan<\/a>, <a title=\"Gayle Tufts\" href=\"\/bands\/karten\/gayle-tufts.php\">Gayle Tufts<\/a>, <a title=\"Heather Nova\" href=\"\/bands\/karten\/heather-nova.php\">Heather Nova<\/a>, <a title=\"Max Raabe &amp; Palastorchester\" href=\"\/bands\/karten\/max-raabe-palastorchester.php\">Max Raabe &amp; Palastorchester<\/a>, <a title=\"Polarkreis 18\" href=\"\/bands\/karten\/polarkreis-18.php\">Polarkreis 18<\/a> und <a title=\"Stefan Gwildis\" href=\"\/bands\/karten\/stefan-gwildis.php\">Stefan Gwildis<\/a>. Es folgen hier die <strong>noch ausstehenden Veranstaltungen<\/strong> beim <a href=\"https:\/\/www.festivalhopper.de\/festival\/zeltfestival-ruhr-2009\">Zeltfestival Ruhr<\/a>:<\/p>\n<ul>\n<li><strong>Heute, Mo, 31.08.2009<\/strong><a href=\"https:\/\/www.festivalhopper.de\/news\/wp-content\/uploads\/2009\/08\/jahnke_solo.jpg\"><img loading=\"lazy\" decoding=\"async\" class=\"alignright size-medium wp-image-14753\" title=\"Jahnke Solo - Es gibt wieder Tickets! (Foto: Linn Marx)\" src=\"https:\/\/www.festivalhopper.de\/news\/wp-content\/uploads\/2009\/08\/jahnke_solo-187x300.jpg\" alt=\"jahnke_solo - Es gibt wieder Tickets!\" width=\"187\" height=\"300\" srcset=\"https:\/\/www.festivalhopper.de\/news\/wp-content\/uploads\/2009\/08\/jahnke_solo-187x300.jpg 187w, https:\/\/www.festivalhopper.de\/news\/wp-content\/uploads\/2009\/08\/jahnke_solo.jpg 312w\" sizes=\"auto, (max-width: 187px) 100vw, 187px\" \/><\/a><br \/>\nVeranstaltung 1 <strong>Das Vollplaybacktheater &#8222;Die 3 ???&#8220;<\/strong><br \/>\nVeranstaltung 2 <a title=\"Johann K\u00f6nig\" href=\"\/bands\/karten\/johann-koenig.php\">Johann K\u00f6nig<\/a><br \/>\nVeranstaltung 3 <a title=\"Jochen Malmsheimer\" href=\"\/bands\/karten\/jochen-malmsheimer.php\">Jochen Malmsheimer<\/a><\/li>\n<li><strong>Di, 01.09.2009<\/strong><br \/>\n<a title=\"Gerburg Jahnke\" href=\"\/bands\/karten\/gerburg-jahnke.php\">Frau Jahnke<\/a> hat eingeladen, ma gucken wer kommt.<br \/>\n(Frau Jahnke mit <strong>Patrizia Moresco, Carolin Kebekus, Lioba Albus, Nessi Tausendsch\u00f6n<\/strong>)<\/li>\n<li><strong>Mi, 02.09.2009<\/strong><br \/>\nVeranstaltung 1 <a title=\"Patricia Kaas\" href=\"\/bands\/karten\/patricia-kaas.php\">Patricia Kaas<\/a><br \/>\nVeranstaltung 2 <a title=\"Milow\" href=\"\/bands\/karten\/milow.php\">Milow<\/a><\/li>\n<li><strong>Do, 03.09.2009<\/strong><br \/>\nVeranstaltung 1  <a title=\"Dieter Thomas Kuhn\" href=\"\/bands\/karten\/dieter-thomas-kuhn.php\">Dieter Thomas Kuhn<\/a><br \/>\nVeranstaltung 2 &#8222;<strong>Hauptstadt trifft Kulturhauptstadt<\/strong>&#8220; in Koop mit dem BHF Langendreer &#8211; Georgette Dee<\/li>\n<li><strong>Fr, 04.09.2009<\/strong><br \/>\nVeranstaltung 1  in Koop mit dem Schauspielhaus Bochum &#8211; <strong>A Tribute to Quentin Tarantino<\/strong> [<a rel=\"nofollow\" href=\"\/festival\/karten-kaufen.php?id=270416$654532\">Ticket ab 20.55\u20ac kaufen<\/a>]<br \/>\nVeranstaltung 2 <a title=\"Piet Klocke\" href=\"\/bands\/karten\/piet-klocke.php\">Piet Klocke<\/a><\/li>\n<li><strong>Sa, 05.09.2009<\/strong><br \/>\nVeranstaltung 1 <a title=\"Amy MacDonald\" href=\"\/bands\/karten\/amy-macdonald.php\">Amy MacDonald<\/a> (ausverkauft)<br \/>\nVeranstaltung 2 <strong>WDR 2 Hausparty<\/strong> (ausverkauft)<\/li>\n<li><strong>So, 06.09.2009<\/strong><a href=\"https:\/\/www.festivalhopper.de\/festival\/unheilig-und-friends\"><br \/>\nUnheilig &amp; Friends<\/a> [<a href=\"https:\/\/www.festivalhopper.de\/tickets-bestellen\/unheilig-und-friends.html\">Tickets f\u00fcr <\/a><a href=\"\/tickets-bestellen\/unheilig-und-friends.html\">05.06.2009-Hannover<\/a><a href=\"https:\/\/www.festivalhopper.de\/tickets-bestellen\/unheilig-und-friends.html\"> und 06.06.2009-<\/a><a href=\"\/tickets-bestellen\/unheilig-und-friends.html\">Bochum<\/a><a href=\"https:\/\/www.festivalhopper.de\/tickets-bestellen\/unheilig-und-friends.html\"> ab 26,44\u20ac<\/a>]<\/li>\n<\/ul>\n<ul>\n<li><strong>Kinderprogramm &#8211; jeweils 15 Uhr<\/strong><strong><br \/>\n05. 09.2009<\/strong>: Hilfe, die Olchis kommen<strong><br \/>\n06.09.2009<\/strong>: Ritter Rost macht Urlaub (ausverkauft)<\/li>\n<\/ul>\n<p><strong>Wir w\u00fcnschen Euch noch eine sch\u00f6ne Woche beim <a href=\"\/festival\/zeltfestival-ruhr-2009\">Zeltfestival Ruhr 2009<\/a>!<\/strong><\/p>","protected":false},"excerpt":{"rendered":"<p>Ausverkaufte Shows u.a. von Silbermond, G\u00f6tz Alsmann und Selig f\u00fchrten bereits in den ersten Tagen zu einem Rekordergebnis in der jungen Geschichte des neuen Festivalformates inmitten des Ruhrgebietes. Bei strahlendem Sonnenschein feierte das 17-t\u00e4gige Zeltfestival Ruhr Bergfest!<\/p>\n","protected":false},"author":45,"featured_media":0,"comment_status":"open","ping_status":"open","sticky":false,"template":"","format":"standard","meta":{"footnotes":""},"categories":[35,2,131,40,42,247,10,6,14,20,133],"tags":[],"class_list":["post-14732","post","type-post","status-publish","format-standard","hentry","category-festivalberichte","category-festivalnews","category-festivals-2009","category-festivals-in-europa","category-indie-festivals","category-kleinkunst","category-konzerttipps","category-rock-festivals","category-sonstiges","category-tickets-kaufen","category-zeltfestivals"],"_links":{"self":[{"href":"https:\/\/www.festivalhopper.de\/news\/wp-json\/wp\/v2\/posts\/14732","targetHints":{"allow":["GET"]}}],"collection":[{"href":"https:\/\/www.festivalhopper.de\/news\/wp-json\/wp\/v2\/posts"}],"about":[{"href":"https:\/\/www.festivalhopper.de\/news\/wp-json\/wp\/v2\/types\/post"}],"author":[{"embeddable":true,"href":"https:\/\/www.festivalhopper.de\/news\/wp-json\/wp\/v2\/users\/45"}],"replies":[{"embeddable":true,"href":"https:\/\/www.festivalhopper.de\/news\/wp-json\/wp\/v2\/comments?post=14732"}],"version-history":[{"count":0,"href":"https:\/\/www.festivalhopper.de\/news\/wp-json\/wp\/v2\/posts\/14732\/revisions"}],"wp:attachment":[{"href":"https:\/\/www.festivalhopper.de\/news\/wp-json\/wp\/v2\/media?parent=14732"}],"wp:term":[{"taxonomy":"category","embeddable":true,"href":"https:\/\/www.festivalhopper.de\/news\/wp-json\/wp\/v2\/categories?post=14732"},{"taxonomy":"post_tag","embeddable":true,"href":"https:\/\/www.festivalhopper.de\/news\/wp-json\/wp\/v2\/tags?post=14732"}],"curies":[{"name":"wp","href":"https:\/\/api.w.org\/{rel}","templated":true}]}}