{"id":133830,"date":"2024-06-08T01:23:21","date_gmt":"2024-06-07T23:23:21","guid":{"rendered":"https:\/\/www.festivalhopper.de\/news\/?p=133830"},"modified":"2024-06-08T21:24:03","modified_gmt":"2024-06-08T19:24:03","slug":"die-aerzte-ring-politik-party","status":"publish","type":"post","link":"https:\/\/www.festivalhopper.de\/news\/2024\/06\/08\/die-aerzte-ring-politik-party\/","title":{"rendered":"Die \u00c4rzte am Ring: Politik top, Party flop"},"content":{"rendered":"<p><strong><a href=\"https:\/\/www.festivalhopper.de\/news\/wp-content\/uploads\/2024\/06\/die-aerzte-rar2024-8331.jpg\"><img loading=\"lazy\" decoding=\"async\" class=\"alignleft size-medium wp-image-133840\" src=\"https:\/\/www.festivalhopper.de\/news\/wp-content\/uploads\/2024\/06\/die-aerzte-rar2024-8331-300x225.jpg\" alt=\"\" width=\"300\" height=\"225\" srcset=\"https:\/\/www.festivalhopper.de\/news\/wp-content\/uploads\/2024\/06\/die-aerzte-rar2024-8331-300x225.jpg 300w, https:\/\/www.festivalhopper.de\/news\/wp-content\/uploads\/2024\/06\/die-aerzte-rar2024-8331-768x576.jpg 768w, https:\/\/www.festivalhopper.de\/news\/wp-content\/uploads\/2024\/06\/die-aerzte-rar2024-8331.jpg 1024w\" sizes=\"auto, (max-width: 300px) 100vw, 300px\" \/><\/a><\/strong>Wenn\u2019s um Politik und aktuelle Diskussionen geht, gibt\u2019s eigentlich fast immer einen Song der \u00c4rzte, der ins Schwarze trifft. Dass diesmal bei <a href=\"https:\/\/www.festivalhopper.de\/festival\/rock-am-ring-2024\">Rock am Ring<\/a> ausgerechnet \u201e<strong>Westerland<\/strong>\u201c einer dieser Songs ist, haben die \u00c4rzte wohl auch nicht ahnen k\u00f6nnen. Auch, wenn der \u00c4rzte-Evergreen eigentlich eher unpolitisch daherkommt, gibt\u2019s f\u00fcr Frontmann <strong>Farin Urlaub<\/strong> \u2013 bezogen auf die j\u00fcngsten Vorkommnisse im <strong>Sylt<\/strong>-Ort <strong>Kampen<\/strong>, als ein Trupp Touristen rechte Parolen gr\u00f6lte \u2013 dennoch deshalb einen Grund, den Song gerade jetzt zu singen.<\/p>\n<p><!--more--><\/p>\n<p><a href=\"https:\/\/www.festivalhopper.de\/news\/wp-content\/uploads\/2024\/06\/die-aerzte-rar2024-8317.jpg\"><img loading=\"lazy\" decoding=\"async\" class=\"size-medium wp-image-133838 alignright\" src=\"https:\/\/www.festivalhopper.de\/news\/wp-content\/uploads\/2024\/06\/die-aerzte-rar2024-8317-300x225.jpg\" alt=\"\" width=\"300\" height=\"225\" srcset=\"https:\/\/www.festivalhopper.de\/news\/wp-content\/uploads\/2024\/06\/die-aerzte-rar2024-8317-300x225.jpg 300w, https:\/\/www.festivalhopper.de\/news\/wp-content\/uploads\/2024\/06\/die-aerzte-rar2024-8317-768x576.jpg 768w, https:\/\/www.festivalhopper.de\/news\/wp-content\/uploads\/2024\/06\/die-aerzte-rar2024-8317.jpg 1024w\" sizes=\"auto, (max-width: 300px) 100vw, 300px\" \/><\/a>Die Menge jubelt \u2013 auch, da \u201e<strong>Westerland<\/strong>\u201c als eine der feiertauglichen Zugaben daherkommt, auf die die zigtausenden Besucher bei <a href=\"https:\/\/www.festivalhopper.de\/festival\/rock-am-ring-2024\">Rock am Ring<\/a> sehnlichst gewartet haben d\u00fcrften.<\/p>\n<p><strong>Die \u00c4rzte<\/strong> geizen an diesem Abend zwar nicht mit bekannten Songs \u2013 so richtig Partystimmung will aber nicht aufkommen. Was vielleicht daran liegt, dass die selbsternannte <strong>\u201ebeste Band der Welt<\/strong>\u201c ein wenig eingerostet scheint. <strong>Farin<\/strong> ist gesundheitlich angeschlagen und nippt am Tee, Bela B. wirkt in seinem spacigen, aber etwas unvorteilhaften Einteiler \u00e4lter als er ist. Einzig Rod Gonzalez l\u00e4sst keine Ausfallerscheinungen erkennen.<\/p>\n<p><strong><a href=\"https:\/\/www.festivalhopper.de\/news\/wp-content\/uploads\/2024\/06\/die-aerzte-rar2024-8320.jpg\"><img loading=\"lazy\" decoding=\"async\" class=\"alignleft size-medium wp-image-133839\" src=\"https:\/\/www.festivalhopper.de\/news\/wp-content\/uploads\/2024\/06\/die-aerzte-rar2024-8320-300x225.jpg\" alt=\"\" width=\"300\" height=\"225\" srcset=\"https:\/\/www.festivalhopper.de\/news\/wp-content\/uploads\/2024\/06\/die-aerzte-rar2024-8320-300x225.jpg 300w, https:\/\/www.festivalhopper.de\/news\/wp-content\/uploads\/2024\/06\/die-aerzte-rar2024-8320-768x576.jpg 768w, https:\/\/www.festivalhopper.de\/news\/wp-content\/uploads\/2024\/06\/die-aerzte-rar2024-8320.jpg 1024w\" sizes=\"auto, (max-width: 300px) 100vw, 300px\" \/><\/a><\/strong><strong>Farin Urlaub<\/strong> will mit der Menge in die 80er oder 90er \u2013 dar\u00fcber ist man sich auf der B\u00fchne nicht ganz einig \u2013 reisen und w\u00fcnscht sich eine Laola-Welle. Das Publikum macht flei\u00dfig und dankbar mit \u2013 ansonsten halten sich die Partyst\u00fcrme schlie\u00dflich in Grenzen. Zu zur\u00fcckhaltend \u2013 auch, was den ber\u00fchmten Funken angeht, der \u00fcberspringen sollte \u2013 gehen \u201e<strong>BelaFarinRod<\/strong>\u201c mit den massentauglichen Mitsing-Hits um. Trotz \u201e<strong>Junge<\/strong>\u201c, \u201e<strong>Himmelblau<\/strong>\u201c oder \u201e<strong>Unrockbar<\/strong>\u201c fehlt vielen der Superhit \u201e<strong>Zu sp\u00e4t<\/strong>\u201c. Bela B.s Einlage mit einer Gitarre, die eigentlich Michael Schenker geh\u00f6rte, wird sodenn von den Ring-Rockern eher geduldet als gefeiert.<\/p>\n<p><a href=\"https:\/\/www.festivalhopper.de\/news\/wp-content\/uploads\/2024\/06\/die-aerzte-rar2024-8260.jpg\"><img loading=\"lazy\" decoding=\"async\" class=\"size-medium wp-image-133833 alignright\" src=\"https:\/\/www.festivalhopper.de\/news\/wp-content\/uploads\/2024\/06\/die-aerzte-rar2024-8260-300x225.jpg\" alt=\"\" width=\"300\" height=\"225\" srcset=\"https:\/\/www.festivalhopper.de\/news\/wp-content\/uploads\/2024\/06\/die-aerzte-rar2024-8260-300x225.jpg 300w, https:\/\/www.festivalhopper.de\/news\/wp-content\/uploads\/2024\/06\/die-aerzte-rar2024-8260-768x576.jpg 768w, https:\/\/www.festivalhopper.de\/news\/wp-content\/uploads\/2024\/06\/die-aerzte-rar2024-8260.jpg 1024w\" sizes=\"auto, (max-width: 300px) 100vw, 300px\" \/><\/a>Nichtsdestotrotz wissen die Fans nat\u00fcrlich, dass sie sich \u2013 wenn\u2019s um die wichtigen Messages geht \u2013 auf die \u00c4rzte verlassen k\u00f6nnen. Der \u201e<strong>Schrei nach Liebe<\/strong>\u201c l\u00e4sst den Ring beben \u2013 gerade aufgrund der Aktualit\u00e4t. Und einen Wahlaufruf im Stil der \u00c4rzte gibt\u2019s nat\u00fcrlich auch: \u201e<strong>Es ist nicht deine Schuld, dass die Welt ist wie sie ist. Es w\u00e4r&#8216; nur deine Schuld, wenn sie so bleibt<\/strong>\u201c \u2013 singen die drei, und schicken die Hoffnung hinterher, dass die Ring-Besucher schon per Briefwahl f\u00fcr den Wahlsonntag abgestimmt haben.<\/p>\n<p><a href=\"https:\/\/www.festivalhopper.de\/news\/wp-content\/uploads\/2024\/06\/die-aerzte-rar2024-8262.jpg\"><img loading=\"lazy\" decoding=\"async\" class=\"alignleft size-medium wp-image-133834\" src=\"https:\/\/www.festivalhopper.de\/news\/wp-content\/uploads\/2024\/06\/die-aerzte-rar2024-8262-300x225.jpg\" alt=\"\" width=\"300\" height=\"225\" srcset=\"https:\/\/www.festivalhopper.de\/news\/wp-content\/uploads\/2024\/06\/die-aerzte-rar2024-8262-300x225.jpg 300w, https:\/\/www.festivalhopper.de\/news\/wp-content\/uploads\/2024\/06\/die-aerzte-rar2024-8262-768x576.jpg 768w, https:\/\/www.festivalhopper.de\/news\/wp-content\/uploads\/2024\/06\/die-aerzte-rar2024-8262.jpg 1024w\" sizes=\"auto, (max-width: 300px) 100vw, 300px\" \/><\/a>\u201e<strong>Friedenspanzer<\/strong>\u201c, \u201e<strong>Demokratie<\/strong>\u201c \u2013 es geht politisch zu auf der Hauptb\u00fchne bei <strong>Rock am Ring<\/strong> am Freitagabend. Absolut berechtigt und angebracht. Aber ein bisschen mehr Party h\u00e4tte der Er\u00f6ffnungsabend des legend\u00e4rsten deutschen Rockfestivals doch verdient gehabt.<\/p>\n<p>Gut, dass man nach den \u00c4rzten noch zur <strong>Mandora Stage<\/strong>, wo <strong>Avenged Sevenfold<\/strong> die Nacht rocken, oder zur Orbit Stage, auf der <strong>Pennywise<\/strong> ihre bekannten Punk-Kracher abfackeln, pilgern kann.<\/p>\n\n\t\t<style type=\"text\/css\">\n\t\t\t#gallery-1 {\n\t\t\t\tmargin: auto;\n\t\t\t}\n\t\t\t#gallery-1 .gallery-item {\n\t\t\t\tfloat: left;\n\t\t\t\tmargin-top: 10px;\n\t\t\t\ttext-align: center;\n\t\t\t\twidth: 20%;\n\t\t\t}\n\t\t\t#gallery-1 img {\n\t\t\t\tborder: 2px solid #cfcfcf;\n\t\t\t}\n\t\t\t#gallery-1 .gallery-caption {\n\t\t\t\tmargin-left: 0;\n\t\t\t}\n\t\t\t\/* see gallery_shortcode() in wp-includes\/media.php *\/\n\t\t<\/style>\n\t\t<div id='gallery-1' class='gallery galleryid-133830 gallery-columns-5 gallery-size-thumbnail'><dl class='gallery-item'>\n\t\t\t<dt class='gallery-icon portrait'>\n\t\t\t\t<a href='https:\/\/www.festivalhopper.de\/news\/wp-content\/uploads\/2024\/06\/die-aerzte-rar2024-8312.jpg'><img loading=\"lazy\" decoding=\"async\" width=\"150\" height=\"150\" src=\"https:\/\/www.festivalhopper.de\/news\/wp-content\/uploads\/2024\/06\/die-aerzte-rar2024-8312-150x150.jpg\" class=\"attachment-thumbnail size-thumbnail\" alt=\"\" srcset=\"https:\/\/www.festivalhopper.de\/news\/wp-content\/uploads\/2024\/06\/die-aerzte-rar2024-8312-150x150.jpg 150w, https:\/\/www.festivalhopper.de\/news\/wp-content\/uploads\/2024\/06\/die-aerzte-rar2024-8312-120x120.jpg 120w\" sizes=\"auto, (max-width: 150px) 100vw, 150px\" \/><\/a>\n\t\t\t<\/dt><\/dl><dl class='gallery-item'>\n\t\t\t<dt class='gallery-icon landscape'>\n\t\t\t\t<a href='https:\/\/www.festivalhopper.de\/news\/wp-content\/uploads\/2024\/06\/die-aerzte-rar2024-8294.jpg'><img loading=\"lazy\" decoding=\"async\" width=\"150\" height=\"150\" src=\"https:\/\/www.festivalhopper.de\/news\/wp-content\/uploads\/2024\/06\/die-aerzte-rar2024-8294-150x150.jpg\" class=\"attachment-thumbnail size-thumbnail\" alt=\"\" srcset=\"https:\/\/www.festivalhopper.de\/news\/wp-content\/uploads\/2024\/06\/die-aerzte-rar2024-8294-150x150.jpg 150w, https:\/\/www.festivalhopper.de\/news\/wp-content\/uploads\/2024\/06\/die-aerzte-rar2024-8294-120x120.jpg 120w\" sizes=\"auto, (max-width: 150px) 100vw, 150px\" \/><\/a>\n\t\t\t<\/dt><\/dl><dl class='gallery-item'>\n\t\t\t<dt class='gallery-icon landscape'>\n\t\t\t\t<a href='https:\/\/www.festivalhopper.de\/news\/wp-content\/uploads\/2024\/06\/die-aerzte-rar2024-8273.jpg'><img loading=\"lazy\" decoding=\"async\" width=\"150\" height=\"150\" src=\"https:\/\/www.festivalhopper.de\/news\/wp-content\/uploads\/2024\/06\/die-aerzte-rar2024-8273-150x150.jpg\" class=\"attachment-thumbnail size-thumbnail\" alt=\"\" srcset=\"https:\/\/www.festivalhopper.de\/news\/wp-content\/uploads\/2024\/06\/die-aerzte-rar2024-8273-150x150.jpg 150w, https:\/\/www.festivalhopper.de\/news\/wp-content\/uploads\/2024\/06\/die-aerzte-rar2024-8273-120x120.jpg 120w\" sizes=\"auto, (max-width: 150px) 100vw, 150px\" \/><\/a>\n\t\t\t<\/dt><\/dl><dl class='gallery-item'>\n\t\t\t<dt class='gallery-icon landscape'>\n\t\t\t\t<a href='https:\/\/www.festivalhopper.de\/news\/wp-content\/uploads\/2024\/06\/die-aerzte-rar2024-8262.jpg'><img loading=\"lazy\" decoding=\"async\" width=\"150\" height=\"150\" src=\"https:\/\/www.festivalhopper.de\/news\/wp-content\/uploads\/2024\/06\/die-aerzte-rar2024-8262-150x150.jpg\" class=\"attachment-thumbnail size-thumbnail\" alt=\"\" srcset=\"https:\/\/www.festivalhopper.de\/news\/wp-content\/uploads\/2024\/06\/die-aerzte-rar2024-8262-150x150.jpg 150w, https:\/\/www.festivalhopper.de\/news\/wp-content\/uploads\/2024\/06\/die-aerzte-rar2024-8262-120x120.jpg 120w\" sizes=\"auto, (max-width: 150px) 100vw, 150px\" \/><\/a>\n\t\t\t<\/dt><\/dl><dl class='gallery-item'>\n\t\t\t<dt class='gallery-icon landscape'>\n\t\t\t\t<a href='https:\/\/www.festivalhopper.de\/news\/wp-content\/uploads\/2024\/06\/die-aerzte-rar2024-8260.jpg'><img loading=\"lazy\" decoding=\"async\" width=\"150\" height=\"150\" src=\"https:\/\/www.festivalhopper.de\/news\/wp-content\/uploads\/2024\/06\/die-aerzte-rar2024-8260-150x150.jpg\" class=\"attachment-thumbnail size-thumbnail\" alt=\"\" srcset=\"https:\/\/www.festivalhopper.de\/news\/wp-content\/uploads\/2024\/06\/die-aerzte-rar2024-8260-150x150.jpg 150w, https:\/\/www.festivalhopper.de\/news\/wp-content\/uploads\/2024\/06\/die-aerzte-rar2024-8260-120x120.jpg 120w\" sizes=\"auto, (max-width: 150px) 100vw, 150px\" \/><\/a>\n\t\t\t<\/dt><\/dl><br style=\"clear: both\" \/>\n\t\t<\/div>\n","protected":false},"excerpt":{"rendered":"<p>Wenn\u2019s um Politik und aktuelle Diskussionen geht, gibt\u2019s eigentlich fast immer einen Song der \u00c4rzte, der ins Schwarze trifft. Dass diesmal bei Rock am Ring ausgerechnet \u201eWesterland\u201c einer dieser Songs ist, haben die \u00c4rzte wohl auch nicht ahnen k\u00f6nnen. Auch, wenn der \u00c4rzte-Evergreen eigentlich eher unpolitisch daherkommt, gibt\u2019s f\u00fcr Frontmann Farin Urlaub \u2013 bezogen auf [&hellip;]<\/p>\n","protected":false},"author":45,"featured_media":0,"comment_status":"open","ping_status":"open","sticky":false,"template":"","format":"standard","meta":{"footnotes":""},"categories":[35,7,2,1310,241,758,6],"tags":[],"class_list":["post-133830","post","type-post","status-publish","format-standard","hentry","category-festivalberichte","category-festivalbilder","category-festivalnews","category-festivals-2024","category-live-vom-festival","category-punk-2","category-rock-festivals"],"_links":{"self":[{"href":"https:\/\/www.festivalhopper.de\/news\/wp-json\/wp\/v2\/posts\/133830","targetHints":{"allow":["GET"]}}],"collection":[{"href":"https:\/\/www.festivalhopper.de\/news\/wp-json\/wp\/v2\/posts"}],"about":[{"href":"https:\/\/www.festivalhopper.de\/news\/wp-json\/wp\/v2\/types\/post"}],"author":[{"embeddable":true,"href":"https:\/\/www.festivalhopper.de\/news\/wp-json\/wp\/v2\/users\/45"}],"replies":[{"embeddable":true,"href":"https:\/\/www.festivalhopper.de\/news\/wp-json\/wp\/v2\/comments?post=133830"}],"version-history":[{"count":2,"href":"https:\/\/www.festivalhopper.de\/news\/wp-json\/wp\/v2\/posts\/133830\/revisions"}],"predecessor-version":[{"id":133864,"href":"https:\/\/www.festivalhopper.de\/news\/wp-json\/wp\/v2\/posts\/133830\/revisions\/133864"}],"wp:attachment":[{"href":"https:\/\/www.festivalhopper.de\/news\/wp-json\/wp\/v2\/media?parent=133830"}],"wp:term":[{"taxonomy":"category","embeddable":true,"href":"https:\/\/www.festivalhopper.de\/news\/wp-json\/wp\/v2\/categories?post=133830"},{"taxonomy":"post_tag","embeddable":true,"href":"https:\/\/www.festivalhopper.de\/news\/wp-json\/wp\/v2\/tags?post=133830"}],"curies":[{"name":"wp","href":"https:\/\/api.w.org\/{rel}","templated":true}]}}